{"id":2325,"date":"2021-06-10T10:11:43","date_gmt":"2021-06-10T09:11:43","guid":{"rendered":"http:\/\/mixarts.org\/association\/?p=2325"},"modified":"2023-06-08T10:22:21","modified_gmt":"2023-06-08T09:22:21","slug":"du-2-au-29-06-le-mois-decolonial","status":"publish","type":"post","link":"http:\/\/mixarts.org\/association\/2021\/du-2-au-29-06-le-mois-decolonial\/","title":{"rendered":"Du 10 au 30\/06 &#8211; Le Mois D\u00e9colonial"},"content":{"rendered":"<div id='av-layout-grid-1'  class='av-layout-grid-container av-371tzz-ef2f53ffa1d4b7776e1b6bf1d8191761 entry-content-wrapper main_color av-flex-cells  avia-builder-el-0  el_before_av_section  avia-builder-el-first   container_wrap fullsize'  >\n\n<style type=\"text\/css\" data-created_by=\"avia_inline_auto\" id=\"style-css-av-k80gnmn9-1e9ea6dadfdb6473ff5951bdb26ccfc1\">\n.flex_cell.av-k80gnmn9-1e9ea6dadfdb6473ff5951bdb26ccfc1{\nvertical-align:top;\n}\n.responsive #top #wrap_all .flex_cell.av-k80gnmn9-1e9ea6dadfdb6473ff5951bdb26ccfc1{\npadding:30px 10px 30px 200px !important;\n}\n<\/style>\n<div class='flex_cell av-k80gnmn9-1e9ea6dadfdb6473ff5951bdb26ccfc1 av-gridrow-cell av_one_third no_margin  avia-builder-el-1  el_before_av_cell_two_third  avia-builder-el-first '  ><div class='flex_cell_inner'><section  class='av_textblock_section av-k7c7npe2-d12999c214ff80f5454f3b52b2994b2e '   itemscope=\"itemscope\" itemtype=\"https:\/\/schema.org\/BlogPosting\" itemprop=\"blogPost\" ><div class='avia_textblock'  itemprop=\"text\" ><h2 style=\"text-align: left;\"><span style=\"color: #167131;\"> <br class=\"avia-permanent-lb\" \/><\/span><span style=\"color: #0969b2;\">LE MOIS D\u00c9COLONIAL<\/span><\/h2>\n<h3>Pour l&#8217;\u00e9mancipation, l&#8217;\u00e9cologie et la justice sociale<\/h3>\n<p style=\"text-align: left;\">\n<h4 style=\"text-align: left;\"><strong>\u00e0 Grenoble (38)<\/strong><br \/>\n<strong>Du 10 au 30\/06 &#8211; Prix Libre<\/strong><\/h4>\n<\/div><\/section><br \/>\n<div  class='avia-buttonrow-wrap av-k7c6s671-e08cca39f45c04ee8b7a64cbeae48870 avia-buttonrow-left  avia-builder-el-3  el_after_av_textblock  avia-builder-el-last '>\n\n<style type=\"text\/css\" data-created_by=\"avia_inline_auto\" id=\"style-css-av-880cc5-46961fe87991ca4767c1f9a2640ba75f\">\n#top #wrap_all .avia-button.av-880cc5-46961fe87991ca4767c1f9a2640ba75f{\nbackground-color:#0969b2;\nborder-color:#0969b2;\ncolor:#ffffff;\ntransition:all 0.4s ease-in-out;\nmargin-bottom:5px;\nmargin-right:5px;\n}\n<\/style>\n<a href='https:\/\/www.facebook.com\/events\/737876480216942' class='avia-button av-880cc5-46961fe87991ca4767c1f9a2640ba75f avia-icon_select-yes-left-icon avia-size-small' target=\"_blank\" rel=\"noopener noreferrer\"><span class='avia_button_icon avia_button_icon_left ' aria-hidden='true' data-av_icon='\ue8f4' data-av_iconfont='entypo-fontello'><\/span><span class='avia_iconbox_title' >\u00c9v\u00e9nement Facebook<\/span><\/a>\n\n<style type=\"text\/css\" data-created_by=\"avia_inline_auto\" id=\"style-css-av-679td1-2e949807fd1311efea3c78174af497e9\">\n#top #wrap_all .avia-button.av-679td1-2e949807fd1311efea3c78174af497e9{\nbackground-color:#0969b2;\nborder-color:#0969b2;\ncolor:#ffffff;\ntransition:all 0.4s ease-in-out;\nmargin-bottom:5px;\nmargin-right:5px;\n}\n<\/style>\n<a href='https:\/\/www.facebook.com\/moisdecolonial38'  class='avia-button av-679td1-2e949807fd1311efea3c78174af497e9 avia-icon_select-yes-left-icon avia-size-small'  ><span class='avia_button_icon avia_button_icon_left ' aria-hidden='true' data-av_icon='\ue8f5' data-av_iconfont='entypo-fontello'><\/span><span class='avia_iconbox_title' >Page Facebook<\/span><\/a>\n<\/div><\/p>\n<\/div><\/div>\n<style type=\"text\/css\" data-created_by=\"avia_inline_auto\" id=\"style-css-av-k80gnv1y-164a89b76f75bb981adbacebf9068db0\">\n.flex_cell.av-k80gnv1y-164a89b76f75bb981adbacebf9068db0{\nvertical-align:top;\n}\n.responsive #top #wrap_all .flex_cell.av-k80gnv1y-164a89b76f75bb981adbacebf9068db0{\npadding:30px 200px 30px 10px !important;\n}\n<\/style>\n<div class='flex_cell av-k80gnv1y-164a89b76f75bb981adbacebf9068db0 av-gridrow-cell av_two_third no_margin  avia-builder-el-4  el_after_av_cell_one_third  avia-builder-el-last '  ><div class='flex_cell_inner'>\n<style type=\"text\/css\" data-created_by=\"avia_inline_auto\" id=\"style-css-av-k80gm6ca-f4693c8023d0c15c62fd4e2ab9f1aff3\">\n.avia-image-container.av-k80gm6ca-f4693c8023d0c15c62fd4e2ab9f1aff3 img.avia_image{\nbox-shadow:none;\n}\n.avia-image-container.av-k80gm6ca-f4693c8023d0c15c62fd4e2ab9f1aff3 .av-caption-image-overlay-bg{\nopacity:0.7;\nbackground-color:#000000;\n}\n.avia-image-container.av-k80gm6ca-f4693c8023d0c15c62fd4e2ab9f1aff3 .av-image-caption-overlay-center{\ncolor:#ffffff;\n}\n<\/style>\n<div  class='avia-image-container av-k80gm6ca-f4693c8023d0c15c62fd4e2ab9f1aff3 av-styling- avia_animated_image av-animated-when-visible-95 fade-in avia-align-left  avia-builder-el-5  avia-builder-el-no-sibling  noHover av-overlay-on-hover'   itemprop=\"image\" itemscope=\"itemscope\" itemtype=\"https:\/\/schema.org\/ImageObject\" ><div class=\"avia-image-container-inner\"><div class=\"avia-image-overlay-wrap\"><div class=\"av-image-caption-overlay\"><div class=\"av-caption-image-overlay-bg\"><\/div><div class=\"av-image-caption-overlay-position\"><div class=\"av-image-caption-overlay-center\"><p>Festival co-organis\u00e9 par Contre-Courant, Survie, PEPS et Mix&#8217;Arts.<\/p>\n<\/div><\/div><\/div><img fetchpriority=\"high\" class='wp-image-2327 avia-img-lazy-loading-not-2327 avia_image ' src='http:\/\/mixarts.org\/association\/wp-content\/uploads\/2021\/05\/bandeau-event-site.png' alt='Mois d\u00e9colonial - Grenoble 38' title='Mois d\u00e9colonial - Grenoble 38'  height=\"279\" width=\"808\"  itemprop=\"thumbnailUrl\"  \/><\/div><\/div><\/div>\n<\/div><\/div>\n<\/div>\n<div id='av_section_1'  class='avia-section av-k7c58qgc-bcb10fa7f661c562ed8241ca7ac2bed7 main_color avia-section-default avia-no-border-styling  avia-builder-el-6  el_after_av_layout_row  el_before_av_button  avia-bg-style-scroll container_wrap fullsize'  ><div class='container av-section-cont-open' ><div class='template-page content  av-content-full alpha units'><div class='post-entry post-entry-type-page post-entry-2325'><div class='entry-content-wrapper clearfix'>\n\n<style type=\"text\/css\" data-created_by=\"avia_inline_auto\" id=\"style-css-av-by5hwv-47d53ce47d8a24a91f3e596454bbb218\">\n.flex_column.av-by5hwv-47d53ce47d8a24a91f3e596454bbb218{\nborder-radius:0px 0px 0px 0px;\npadding:0px 0px 0px 0px;\n}\n<\/style>\n<div  class='flex_column av-by5hwv-47d53ce47d8a24a91f3e596454bbb218 av_three_fourth  avia-builder-el-7  el_before_av_one_fourth  avia-builder-el-first  first flex_column_div av-zero-column-padding  '     ><section  class='av_textblock_section av-k7c5fdis-873f45a4c382bd5871ae7372d0c3be12 '   itemscope=\"itemscope\" itemtype=\"https:\/\/schema.org\/BlogPosting\" itemprop=\"blogPost\" ><div class='avia_textblock'  itemprop=\"text\" ><h4 class=\"kvgmc6g5 cxmmr5t8 oygrvhab hcukyx3x c1et5uql\"><span style=\"color: #0969b2;\">&#8211; D\u00c9CONSTRUIRE L\u2019IMAGINAIRE COLONIAL &#8211;<\/span><\/h4>\n<div><\/div>\n<div><\/div>\n<div class=\"o9v6fnle cxmmr5t8 oygrvhab hcukyx3x c1et5uql\"><span style=\"color: #000000;\">Printemps arabes, Black Lives Matter, Me Too, affaire Adama Traor\u00e9, manifestations pour l\u2019environnement, la derni\u00e8re d\u00e9cennie est secou\u00e9e par une furieuse et r\u00e9jouissante envie d\u2019en finir avec le m\u00e9pris. Partout dans le monde, les peuples expriment leur d\u00e9sir d\u2019\u00e9mancipation, de libert\u00e9, de renouveau. Partout, cette \u00e9nergie stimulante et cette dynamique salutaire sont confront\u00e9es aux postures d\u00e9fensives d\u2019une minorit\u00e9 bien assise, arc-bout\u00e9e sur ses privil\u00e8ges h\u00e9rit\u00e9s d\u2019un autre \u00e2ge.<\/span><\/div>\n<div class=\"o9v6fnle cxmmr5t8 oygrvhab hcukyx3x c1et5uql\"><span style=\"color: #000000;\">C\u2019est dans ce contexte que nous souhaitons proposer des espaces d\u2019expression pour celles et ceux qui proposent une lecture diff\u00e9rente, interrogent notre mani\u00e8re de faire soci\u00e9t\u00e9 et luttent contre les assignations.<\/span><\/div>\n<div><\/div>\n<div class=\"o9v6fnle cxmmr5t8 oygrvhab hcukyx3x c1et5uql\">Au travers d\u2019un geste artistique et une parole intellectuelle, scientifique, universitaire et citoyenne, nous porterons un regard sur un monde boulevers\u00e9 par les revendications de v\u00e9ritables changements de paradigmes. Nous valorisons celles et ceux qui portent une parole innovante, politique, contemporaine et pertinente dans le domaine des luttes contre toutes les formes de dominations qui produisent rejets, destructions et discriminations. Domination de l\u2019homme sur l\u2019homme, de l\u2019homme sur la femme, de l\u2019Homme sur l\u2019animal et la nature.<\/div>\n<div><\/div>\n<div class=\"o9v6fnle cxmmr5t8 oygrvhab hcukyx3x c1et5uql\">Pour la premi\u00e8re \u00e9dition de cet \u00e9v\u00e8nement, nous nous attacherons \u00e0 d\u00e9construire l\u2019imaginaire colonial. Cet h\u00e9ritage du pass\u00e9 qui constitue le socle d\u2019un racisme et d\u2019une violence encore trop pr\u00e9gnante dans notre soci\u00e9t\u00e9. Pour en finir avec cet h\u00e9ritage et construire un nouveau mod\u00e8le de soci\u00e9t\u00e9 plus juste, il convient de faire face \u00e0 ce sujet et de nous interroger sans \u00e9quivoque.<\/div>\n<div class=\"o9v6fnle cxmmr5t8 oygrvhab hcukyx3x c1et5uql\">Les structures locales Contre Courant (association \u00e9tudiante de Sciences Politiques), Mix&#8217;Arts (association culturelle et d\u2019\u00e9ducation populaire), PEPS (mouvement politique et d\u2019\u00e9ducation populaire d\u2019\u00e9cologie sociale et populaire) et Survie (association de lutte contre la fran\u00e7afrique) s\u2019associent pour proposer un mois d\u2019\u00e9v\u00e9nements \u00e0 prix libre, \u00e0 Grenoble et dans l\u2019agglom\u00e9ration, pour tenter, ensemble, de d\u00e9construire l\u2019imaginaire colonial. <br class=\"avia-permanent-lb\" \/><br class=\"avia-permanent-lb\" \/><\/div>\n<div><\/div>\n<\/div><\/section><br \/>\n<section  class='av_textblock_section av-k7c5fdis-873f45a4c382bd5871ae7372d0c3be12 '   itemscope=\"itemscope\" itemtype=\"https:\/\/schema.org\/BlogPosting\" itemprop=\"blogPost\" ><div class='avia_textblock'  itemprop=\"text\" ><h4 class=\"kvgmc6g5 cxmmr5t8 oygrvhab hcukyx3x c1et5uql\"><span style=\"color: #0969b2;\">&#8211; LE PROGRAMME* &#8211;\u00a0<\/span><\/h4>\n<p>(*) sous r\u00e9serve de modifications<b>\u00a0<\/b><\/p>\n<div class=\"o9v6fnle cxmmr5t8 oygrvhab hcukyx3x c1et5uql\">\n<p><em><strong>Jeudi 10 juin :<\/strong><\/em><\/p>\n<ul>\n<li>13h : <a href=\"https:\/\/www.facebook.com\/events\/1981009128729864\/\"><b><i>FORMATION<\/i><\/b><b> \u00ab Introduction aux syst\u00e8mes de domination \u00bb<\/b><\/a> <span style=\"font-weight: 400;\">avec Hassina Semah \u2013 <\/span><b><i>\u00e0 La MJC Parmentier\u00a0<\/i><\/b><\/li>\n<li>18h : <a href=\"https:\/\/www.facebook.com\/events\/840701653213863\/\"><b><i>TABLE RONDE<\/i><\/b><b> \u00ab Humanitaire et protection de la nature : sommes-nous sortis d\u2019une approche coloniale ? \u00bb<\/b><\/a> <span style=\"font-weight: 400;\">avec Fiore Longo, Pierre Micheletti et Tristan Lefort-Martine \u2013 <\/span><b><i>\u00e0 la Maison de l\u2019International<\/i><\/b><\/li>\n<li>19h : <a href=\"https:\/\/www.facebook.com\/events\/129072042625329\/\"><b><i>FORMATION<\/i><\/b><b> \u00ab Racisme et colonialit\u00e9 \u00bb <\/b><\/a><span style=\"font-weight: 400;\">avec Hassina Semah \u2013 <\/span><b><i>\u00e0 La MJC Parmentier<\/i><\/b><\/li>\n<\/ul>\n<p><em><strong>Vendredi 11 juin :<\/strong><\/em><\/p>\n<ul>\n<li>19h : <strong>COMPLET &#8211;<\/strong> <a href=\"https:\/\/www.facebook.com\/events\/171433291503808\/\"><b><i>FORMATION<\/i><\/b><b> \u00ab Colonialit\u00e9 dans les milieux f\u00e9ministes \u00bb<\/b><\/a> avec Hassina Semah\u2013 <b><i>\u00e0 La MJC Parmentier\u00a0<\/i><\/b><\/li>\n<li>19h : <a href=\"https:\/\/www.facebook.com\/events\/312580987024463\/\"><b><i>LECTURE MUSICALE<\/i><\/b><b> \u00ab <i>Di\u00ean Bi\u00ean Ph\u00fb<\/i><\/b><b>\u00a0<\/b><b>\u00bb <\/b><\/a>avec Marc Alexandre Oho Bambe dit Capitaine Alexandre, Albert Morisseau-Leroy, Calvin Yug <span style=\"font-weight: 400;\">\u2013 <\/span><b><i>au Prunier Sauvage<\/i><\/b><\/li>\n<li>21h : <a href=\"https:\/\/www.facebook.com\/events\/312580987024463\/\"><b><i>CONCERT<\/i><\/b><b> Edgar Sekloka<\/b><\/a><span style=\"font-weight: 400;\">, <\/span><span style=\"font-weight: 400;\">chansons rap \u2013 <\/span><b><i>au Prunier Sauvage<\/i><\/b><\/li>\n<\/ul>\n<p><em><strong>Samedi 12 juin :<\/strong><\/em><\/p>\n<ul>\n<li>17h : <a href=\"https:\/\/www.facebook.com\/events\/249601676966308\/\"><b><i>TABLE RONDE<\/i><\/b><b> \u00ab D\u00e9colonisons les arts \u00bb<\/b><\/a> <span style=\"font-weight: 400;\">avec Habibitch, M\u00e9lissa Andrianasolo (<a href=\"https:\/\/podcast.ausha.co\/la-couleur-de-l-art\">La Couleur de l&#8217;art<\/a>) et Albert Morisseau-Leroy \u2013 <\/span><b><i>au Prunier Sauvage<\/i><\/b><\/li>\n<li>19h30 : <a href=\"https:\/\/www.facebook.com\/events\/249601676966308\/\"><b><i>CONFERENCE DANSANTE<\/i><\/b><b> \u00ab D\u00e9coloniser le dancefloor \u00bb<\/b><\/a> <span style=\"font-weight: 400;\">de et par Habibitch \u2013 <\/span><b><i>au Prunier Sauvage<\/i><\/b><\/li>\n<li>21h :\u00a0<a href=\"https:\/\/www.facebook.com\/events\/249601676966308\/\"><i><b>EXPO\u00e9sie Ind\u00e9pendance Days <\/b><\/i><\/a>par le collectif <b>\u00ab On A Slam\u00e9 Sur La Lune \u00bb (po\u00e9sie, slam, musique, arts visuels et num\u00e9riques) <\/b>Marc Alexandre Oho Bambe dit Capitaine Alexandre, Albert Morisseau-Leroy, Fred Ebami, Calvin Yu<i><\/i>g\u00a0<span style=\"font-weight: 400;\">\u2013 <\/span><b><i>au Prunier Sauvage<\/i><\/b><\/li>\n<\/ul>\n<p><em><strong>Lundi 14 juin :<\/strong><\/em><\/p>\n<ul>\n<li>19h : <a href=\"https:\/\/www.facebook.com\/events\/4944636272231359\/\"><b><i>TABLE RONDE<\/i><\/b><b> \u00ab Peuples en lutte \u00bb<\/b><\/a> <span style=\"font-weight: 400;\"><span style=\"font-weight: 400;\">avec une femme kurde du &#8220;Mouvement des femmes kurdes en Europe&#8221;, Anne Tuaillon &#8211; la pr\u00e9sidente de l\u2019AFPS Is\u00e8re, Mohamed Sidati &#8211; repr\u00e9sentant du Front Polisario en France, anim\u00e9e par Patrick Farbiaz <\/span><\/span><span style=\"font-weight: 400;\">\u2013 <\/span><b><i>\u00e0 l\u2019Office du Tourisme<\/i><\/b><\/li>\n<\/ul>\n<p><strong><em>Mardi 15 juin :<\/em><\/strong><\/p>\n<ul>\n<li>19h : <a href=\"https:\/\/www.facebook.com\/events\/4748642938495635\/\"><b><i>TABLE RONDE<\/i><\/b><b> \u00ab Ecologie d\u00e9coloniale \u00bb<\/b><\/a> <span style=\"font-weight: 400;\">avec Thierry Amougou, Fatima Ouassak et Cannelle Fourdrinier, anim\u00e9e par Myllane Kebir \u2013 <\/span><b><i>\u00e0 l&#8217;Office du Tourisme<\/i><\/b><\/li>\n<\/ul>\n<p><strong><em>Mercredi 16 juin :<\/em><\/strong><\/p>\n<ul>\n<li>19h : <a href=\"https:\/\/www.facebook.com\/events\/293769369112087\/\"><b><i>TABLE RONDE<\/i><\/b><b> \u00ab F\u00e9minisme d\u00e9colonial pour le vivre ensemble \u00bb<\/b><\/a> <span style=\"font-weight: 400;\">avec Manon Nabintou Mendy et Jouda Bardi anim\u00e9e par No\u00e9mie Ouedraogo \u2013 <\/span><b><i>\u00e0 la Bobine<\/i><\/b><\/li>\n<\/ul>\n<p><strong><em>Jeudi 17 juin :<\/em><\/strong><\/p>\n<ul>\n<li>19h : <a href=\"https:\/\/www.facebook.com\/events\/449617326273589\/\"><b><i>PROJECTION<\/i><\/b><\/a><b> \u00ab <a href=\"https:\/\/www.youtube.com\/watch?v=LbkADa3JELk\">D\u00e9colonisons l\u2019\u00e9cologie<\/a> \u00bb<\/b> <span style=\"font-weight: 400;\">suivie d\u2019un d\u00e9bat avec les r\u00e9alisateur.rice.s <\/span><span style=\"font-weight: 400;\">J\u00e9r\u00e9my Boucain<\/span><span style=\"font-weight: 400;\">, <\/span><span style=\"font-weight: 400;\">Annabelle Aim<\/span><span style=\"font-weight: 400;\">, <\/span><span style=\"font-weight: 400;\">Cannelle Fourdrinier<\/span><span style=\"font-weight: 400;\"> \u2013 <\/span><b><i>\u00e0 la Bobine<\/i><\/b><\/li>\n<\/ul>\n<p><strong><em>Dimanche 20 juin :<\/em><\/strong><\/p>\n<ul>\n<li>18h : <a href=\"https:\/\/www.facebook.com\/events\/4189445647745630\/\"><b><i>SPECTACLE<\/i><\/b><\/a><b> \u00ab <a href=\"https:\/\/www.youtube.com\/watch?v=7aMizjLkKb0\">Transfrontalier<\/a> \u00bb <\/b><span style=\"font-weight: 400;\">performance dans\u00e9e de et par Zora Snake, chor\u00e9graphe, danseur camerounais &#8211; <em><strong>\u00e0 la Bifurk<\/strong><\/em><\/span><\/li>\n<\/ul>\n<p><strong><em>Mardi 22 juin :<\/em><\/strong><\/p>\n<ul>\n<li>19h : <a href=\"https:\/\/www.facebook.com\/events\/376180414070505\/\"><b><i>TABLE RONDE<\/i><\/b><b> \u00ab <\/b><b>Puissance et empowerment des \u201cracis\u00e9.e.s\u201d <\/b><b>\u00bb <\/b><\/a>avec Pierre J\u00e9r\u00e9mie Piolat, Grace Ly et Rokhaya Diallo anim\u00e9e par Jouda Bardi \u2013 <strong><em>\u00e0 l&#8217;Office du tourisme<\/em><\/strong><\/li>\n<\/ul>\n<p><strong><em>Mercredi 23 juin :<\/em><\/strong><\/p>\n<ul>\n<li>19h : <a href=\"https:\/\/www.facebook.com\/events\/583868169243598\/\"><b><i>TABLE RONDE<\/i><\/b><b> \u00ab Racisme syst\u00e9mique \u00bb<\/b><\/a><span style=\"font-weight: 400;\"> avec Sa\u00efd Bouamama, Rokhaya Diallo, Grace Ly, anim\u00e9e par Nadia Kirat<\/span><span style=\"font-weight: 400;\"> \u2013 <\/span><b><i>\u00e0 l&#8217;Office du tourisme<\/i><\/b><\/li>\n<\/ul>\n<p><strong><em>Jeudi 24 juin : \u00e0 EVE (Campus)<\/em><\/strong><\/p>\n<ul>\n<li>19h : <a href=\"https:\/\/www.facebook.com\/events\/770500960290517\/\"><b><i>SPECTACLE<\/i><\/b><b> Lenny M&#8217;Bunga<\/b><\/a><span style=\"font-weight: 400;\">, <\/span><span style=\"font-weight: 400;\">one man show\u00a0<\/span><\/li>\n<li>19h30 : <a href=\"https:\/\/www.facebook.com\/events\/770500960290517\/\"><b><i>CONF\u00c9RENCE<\/i><\/b><b> \u00ab Le panafricanisme contre la mondialisation de la pauvret\u00e9 \u00bb<\/b><\/a> <span style=\"font-weight: 400;\">avec Amzat Boukari-Yabara et Lenny M&#8217;Bunga, anim\u00e9e par Nicolas de Survie\u00a0<\/span><\/li>\n<li>22h : <a href=\"https:\/\/www.facebook.com\/events\/770500960290517\/\"><b><i>CONCERT<\/i><\/b><b> de YN<\/b><\/a><span style=\"font-weight: 400;\">, <\/span><span style=\"font-weight: 400;\">duo de rap hybride fran\u00e7ais<\/span><\/li>\n<\/ul>\n<p><strong><em>Vendredi 25 juin : \u00e0 EVE (Campus)<\/em><\/strong><\/p>\n<ul>\n<li>19h : <a href=\"https:\/\/www.facebook.com\/events\/3745041762291882\/\"><b><i>CONF\u00c9RENCE <\/i><\/b><b>\u00ab Fran\u00e7afrique: que fait encore la France en Afrique ? \u00bb<\/b><\/a> de et par l\u2019association Survie<\/li>\n<\/ul>\n<p><em><strong>Dimanche 27 juin :<\/strong><\/em><\/p>\n<ul>\n<li>18h : <a href=\"https:\/\/www.facebook.com\/events\/497088781614486\/\"><b><i>PROJECTION<\/i><\/b><\/a><b> \u00ab <a href=\"https:\/\/unseulheroslepeuple.org\/\">Un seul h\u00e9ros, le peuple<\/a> \u00bb<\/b> <span style=\"font-weight: 400;\">de Mathieu Rigouste<\/span><span style=\"font-weight: 400;\"> + <\/span><b>D\u00c9BAT<\/b> <span style=\"font-weight: 400;\">avec le r\u00e9alisateur &#8211; <strong><em>\u00e0 Le 38<\/em><\/strong> (38 rue d&#8217;Alembert)<\/span><\/li>\n<\/ul>\n<p><strong><em>Lundi 28 juin :<\/em><\/strong><\/p>\n<ul>\n<li>19h : <a href=\"https:\/\/www.facebook.com\/events\/950121035561117\/\"><b><i>TABLE RONDE<\/i><\/b><b> \u00ab Violences polici\u00e8res : h\u00e9ritage de la colonisation ? \u00bb<\/b><\/a> <span style=\"font-weight: 400;\">avec Mathieu Rigouste, anim\u00e9e par Juanita <\/span><span style=\"font-weight: 400;\">Peronet\u00a0<\/span><span style=\"font-weight: 400;\">\u2013 <em><strong>\u00e0 l&#8217;<\/strong><\/em><\/span><em><strong>Office de tourisme<\/strong><\/em><\/li>\n<li>21h30 : <a href=\"https:\/\/www.facebook.com\/events\/950121035561117\/\"><b><i>PROJECTION<\/i><\/b><\/a><b> \u00ab <a href=\"https:\/\/www.cinemeteque.com\/film\/les-coups-de-leurs-privileges\/\">Les coups de leurs privil\u00e8ges<\/a> \u00bb<\/b> <span style=\"font-weight: 400;\">de Sabrina Chebbi\u00a0<\/span><span style=\"font-weight: 400;\">\u2013 <strong><em>\u00e0 l&#8217;Office de tourisme<\/em><\/strong><\/span><\/li>\n<\/ul>\n<p><strong><em>Mardi 29 juin :<\/em><\/strong><\/p>\n<ul>\n<li>18h30 : <a href=\"https:\/\/www.facebook.com\/events\/170828064988051\/\"><b><i>DOCUMENTAIRES SONORES<\/i><\/b><\/a><b> de<a href=\"http:\/\/modop.org\"> Modus Operandi<\/a> \u00ab A-t-on le droit d\u2019exprimer sa col\u00e8re ? \u00bb <\/b><span style=\"font-weight: 400;\">\u2013 <\/span><b><i>\u00e0 la Maison des Associations<\/i><\/b><\/li>\n<li>20h : <a href=\"https:\/\/www.facebook.com\/events\/170828064988051\/\"><b><i>PROJECTION<\/i><\/b><\/a><b> \u00ab <a href=\"https:\/\/www.youtube.com\/watch?v=lOmprPPISrk\">Ouvrir la Voix<\/a> \u00bb<\/b> <span style=\"font-weight: 400;\">d\u2019Amandine Gay \u2013 <\/span><b><i>\u00e0 la Maison des Associations<\/i><\/b><\/li>\n<\/ul>\n<p><strong><em>Mercredi 30 juin :<\/em><\/strong><\/p>\n<ul>\n<li>19h : <a href=\"https:\/\/www.facebook.com\/events\/1169496713524132\/\"><b><i>TABLE RONDE<\/i><\/b><b> \u00ab D\u00e9colonisation des savoirs \u00bb<\/b><\/a> <span style=\"font-weight: 400;\">avec Matthieu Renault, Herrick Mouafo et Claske Dijkema anim\u00e9 par Modus Operandi \u2013 <\/span><b><i>\u00e0 la Maison des Associations<\/i><\/b><\/li>\n<\/ul>\n<\/div>\n<hr \/>\n<\/div><\/section><\/p><\/div>\n<style type=\"text\/css\" data-created_by=\"avia_inline_auto\" id=\"style-css-av-avyr67-8024e25dcce0e5eadfb5157a080468eb\">\n.flex_column.av-avyr67-8024e25dcce0e5eadfb5157a080468eb{\nborder-radius:0px 0px 0px 0px;\npadding:0px 0px 0px 0px;\n}\n<\/style>\n<div  class='flex_column av-avyr67-8024e25dcce0e5eadfb5157a080468eb av_one_fourth  avia-builder-el-10  el_after_av_three_fourth  el_before_av_three_fourth  flex_column_div av-zero-column-padding  '     ><section  class='av_textblock_section av-k7c5fdis-a183449d337e9871d3ae6a44f13ff02f '   itemscope=\"itemscope\" itemtype=\"https:\/\/schema.org\/BlogPosting\" itemprop=\"blogPost\" ><div class='avia_textblock'  itemprop=\"text\" ><h3 style=\"text-align: right;\"><span style=\"color: #0969b2;\"><strong>INFOS PRATIQUES<\/strong><\/span><\/h3>\n<hr \/>\n<p style=\"text-align: right;\"><strong>Conf\u00e9rences, ateliers, formations,<br \/>\nexpos, concerts, spectacles,<br \/>\ntout le mois de juin \u00e0 Grenoble.<br \/>\nPrix Libre<br \/>\n<\/strong><\/p>\n<\/div><\/section><br \/>\n<div  class='avia-buttonrow-wrap av-k7c6s671-e1280e9665440dc5aed351b3f64af69b avia-buttonrow-right  avia-builder-el-12  el_after_av_textblock  el_before_av_image '>\n\n<style type=\"text\/css\" data-created_by=\"avia_inline_auto\" id=\"style-css-av-3n7cdh-05983562829c35d79be9d9c53d939c4f\">\n#top #wrap_all .avia-button.av-3n7cdh-05983562829c35d79be9d9c53d939c4f{\nbackground-color:#0969b2;\nborder-color:#0969b2;\ncolor:#ffffff;\ntransition:all 0.4s ease-in-out;\nmargin-bottom:5px;\nmargin-left:5px;\n}\n<\/style>\n<a href='https:\/\/www.facebook.com\/events\/737876480216942' class='avia-button av-3n7cdh-05983562829c35d79be9d9c53d939c4f avia-icon_select-yes-left-icon avia-size-small' target=\"_blank\" rel=\"noopener noreferrer\"><span class='avia_button_icon avia_button_icon_left ' aria-hidden='true' data-av_icon='\ue8f4' data-av_iconfont='entypo-fontello'><\/span><span class='avia_iconbox_title' >\u00c9v\u00e9nement Facebook<\/span><\/a>\n\n<style type=\"text\/css\" data-created_by=\"avia_inline_auto\" id=\"style-css-av-39ynvp-e7e4a20c3d40ceb52c44a9a9fde0c0d6\">\n#top #wrap_all .avia-button.av-39ynvp-e7e4a20c3d40ceb52c44a9a9fde0c0d6{\nbackground-color:#0969b2;\nborder-color:#0969b2;\ncolor:#ffffff;\ntransition:all 0.4s ease-in-out;\nmargin-bottom:5px;\nmargin-left:5px;\n}\n<\/style>\n<a href='https:\/\/www.facebook.com\/moisdecolonial38'  class='avia-button av-39ynvp-e7e4a20c3d40ceb52c44a9a9fde0c0d6 avia-icon_select-yes-left-icon avia-size-small'  ><span class='avia_button_icon avia_button_icon_left ' aria-hidden='true' data-av_icon='\ue8f5' data-av_iconfont='entypo-fontello'><\/span><span class='avia_iconbox_title' >Page Facebook<\/span><\/a>\n<\/div><br \/>\n\n<style type=\"text\/css\" data-created_by=\"avia_inline_auto\" id=\"style-css-av-kp8h1urc-e22d80d7d81dd742dfc4ebb82fd6f017\">\n.avia-image-container.av-kp8h1urc-e22d80d7d81dd742dfc4ebb82fd6f017 img.avia_image{\nbox-shadow:none;\n}\n.avia-image-container.av-kp8h1urc-e22d80d7d81dd742dfc4ebb82fd6f017 .av-image-caption-overlay-center{\ncolor:#ffffff;\n}\n<\/style>\n<div  class='avia-image-container av-kp8h1urc-e22d80d7d81dd742dfc4ebb82fd6f017 av-styling- avia-align-center  avia-builder-el-13  el_after_av_buttonrow  el_before_av_image '   itemprop=\"image\" itemscope=\"itemscope\" itemtype=\"https:\/\/schema.org\/ImageObject\" ><div class=\"avia-image-container-inner\"><div class=\"avia-image-overlay-wrap\"><img fetchpriority=\"high\" class='wp-image-2361 avia-img-lazy-loading-not-2361 avia_image ' src='http:\/\/mixarts.org\/association\/wp-content\/uploads\/2021\/05\/A6_Mois-D\u00e9colonial_RVB-2.jpg' alt='' title='A6_Mois D\u00e9colonial_RVB'  height=\"1772\" width=\"1264\"  itemprop=\"thumbnailUrl\"  \/><\/div><\/div><\/div><br \/>\n\n<style type=\"text\/css\" data-created_by=\"avia_inline_auto\" id=\"style-css-av-kp8h1urc-ab73713e5c46c9b79c1b42e1311d1bdc\">\n.avia-image-container.av-kp8h1urc-ab73713e5c46c9b79c1b42e1311d1bdc img.avia_image{\nbox-shadow:none;\n}\n.avia-image-container.av-kp8h1urc-ab73713e5c46c9b79c1b42e1311d1bdc .av-image-caption-overlay-center{\ncolor:#ffffff;\n}\n<\/style>\n<div  class='avia-image-container av-kp8h1urc-ab73713e5c46c9b79c1b42e1311d1bdc av-styling- avia-align-center  avia-builder-el-14  el_after_av_image  avia-builder-el-last '   itemprop=\"image\" itemscope=\"itemscope\" itemtype=\"https:\/\/schema.org\/ImageObject\" ><div class=\"avia-image-container-inner\"><div class=\"avia-image-overlay-wrap\"><img fetchpriority=\"high\" class='wp-image-2360 avia-img-lazy-loading-not-2360 avia_image ' src='http:\/\/mixarts.org\/association\/wp-content\/uploads\/2021\/05\/A6_Mois-D\u00e9colonial3.jpg' alt='' title='A6_Mois D\u00e9colonial3'  height=\"1772\" width=\"1264\"  itemprop=\"thumbnailUrl\"  \/><\/div><\/div><\/div><\/p><\/div>\n<style type=\"text\/css\" data-created_by=\"avia_inline_auto\" id=\"style-css-av-by5hwv-47d53ce47d8a24a91f3e596454bbb218\">\n.flex_column.av-by5hwv-47d53ce47d8a24a91f3e596454bbb218{\nborder-radius:0px 0px 0px 0px;\npadding:0px 0px 0px 0px;\n}\n<\/style>\n<div  class='flex_column av-by5hwv-47d53ce47d8a24a91f3e596454bbb218 av_three_fourth  avia-builder-el-15  el_after_av_one_fourth  avia-builder-el-last  first flex_column_div av-zero-column-padding  column-top-margin'     ><\/div><\/div><\/div><\/div><!-- close content main div --><\/div><\/div><div id='after_section_1'  class='main_color av_default_container_wrap container_wrap fullsize'  ><div class='container av-section-cont-open' ><div class='template-page content  av-content-full alpha units'><div class='post-entry post-entry-type-page post-entry-2325'><div class='entry-content-wrapper clearfix'><div  class='avia-button-wrap av-306xud-aa62be916ab0f9d2440d51d66780eac0-wrap avia-button-center  avia-builder-el-16  el_after_av_section  avia-builder-el-no-sibling '><a href=''  class='avia-button av-306xud-aa62be916ab0f9d2440d51d66780eac0 av-link-btn avia-icon_select-yes-left-icon avia-size-small avia-position-center avia-color-theme-color'  ><span class='avia_button_icon avia_button_icon_left' aria-hidden='true' data-av_icon='' data-av_iconfont='entypo-fontello'><\/span><span class='avia_iconbox_title' >Cliquez sur moi<\/span><\/a><\/div><\/p>\n","protected":false},"excerpt":{"rendered":"","protected":false},"author":1,"featured_media":2332,"comment_status":"closed","ping_status":"open","sticky":false,"template":"","format":"standard","meta":{"_monsterinsights_skip_tracking":false,"_monsterinsights_sitenote_active":false,"_monsterinsights_sitenote_note":"","_monsterinsights_sitenote_category":0,"footnotes":""},"categories":[31],"tags":[15,5,16],"class_list":["post-2325","post","type-post","status-publish","format-standard","has-post-thumbnail","hentry","category-31","tag-concert-a-venir","tag-event","tag-spectacle-a-venir"],"aioseo_notices":[],"_links":{"self":[{"href":"http:\/\/mixarts.org\/association\/wp-json\/wp\/v2\/posts\/2325","targetHints":{"allow":["GET"]}}],"collection":[{"href":"http:\/\/mixarts.org\/association\/wp-json\/wp\/v2\/posts"}],"about":[{"href":"http:\/\/mixarts.org\/association\/wp-json\/wp\/v2\/types\/post"}],"author":[{"embeddable":true,"href":"http:\/\/mixarts.org\/association\/wp-json\/wp\/v2\/users\/1"}],"replies":[{"embeddable":true,"href":"http:\/\/mixarts.org\/association\/wp-json\/wp\/v2\/comments?post=2325"}],"version-history":[{"count":29,"href":"http:\/\/mixarts.org\/association\/wp-json\/wp\/v2\/posts\/2325\/revisions"}],"predecessor-version":[{"id":2517,"href":"http:\/\/mixarts.org\/association\/wp-json\/wp\/v2\/posts\/2325\/revisions\/2517"}],"wp:featuredmedia":[{"embeddable":true,"href":"http:\/\/mixarts.org\/association\/wp-json\/wp\/v2\/media\/2332"}],"wp:attachment":[{"href":"http:\/\/mixarts.org\/association\/wp-json\/wp\/v2\/media?parent=2325"}],"wp:term":[{"taxonomy":"category","embeddable":true,"href":"http:\/\/mixarts.org\/association\/wp-json\/wp\/v2\/categories?post=2325"},{"taxonomy":"post_tag","embeddable":true,"href":"http:\/\/mixarts.org\/association\/wp-json\/wp\/v2\/tags?post=2325"}],"curies":[{"name":"wp","href":"https:\/\/api.w.org\/{rel}","templated":true}]}}