{"id":355,"date":"2015-10-14T17:01:17","date_gmt":"2015-10-14T16:01:17","guid":{"rendered":"http:\/\/mixarts.org\/association\/?p=355"},"modified":"2023-06-08T10:50:21","modified_gmt":"2023-06-08T09:50:21","slug":"mercredi-14-octobre-eve","status":"publish","type":"post","link":"http:\/\/mixarts.org\/association\/2015\/mercredi-14-octobre-eve\/","title":{"rendered":"COMPLET \/ Mercredi 14 octobre &#8211; EVE"},"content":{"rendered":"<h1 style=\"text-align: center;\">Concert Cumbia<\/h1>\n<h1 style=\"text-align: center;\"><span style=\"color: #008000;\">LA YEGROS\u00a0<\/span><span style=\"color: #008000;\">+\u00a0<\/span><span style=\"color: #008000;\">LA PAPA CALIENTE<\/span><\/h1>\n<p>&nbsp;<\/p>\n<h3>&gt;&gt;&gt;\u00a0<a href=\"https:\/\/www.facebook.com\/LaYegros\">LA YEGROS<\/a> (Cumbia)<\/h3>\n<blockquote>\n<p style=\"text-align: justify;\">Mariana Yegros dite La Yegros est une chanteuse argentine, originaire de Buenos Aires, capitale cosmopolite de l&#8217;Argentine. Elle chante notamment le chamam\u00e9 et la cumbia que ses parents ont amen\u00e9 de la province de Mision\u00e9s, o\u00f9 ils sont n\u00e9s avant de s&#8217;installer \u00e0 Buenos Aires.\u00a0La Yegros entreprend des \u00e9tudes musicales dans le conservatoire du quartier de Moron. En 1998, elle se pr\u00e9sente \u00e0 un t\u00e9l\u00e9-crochet et d\u00e9cide de tenter une carri\u00e8re. Elle forme alors le groupe De Martinas, qui conjugue electro et musique traditionnelle.\u00a0Elle a sorti en 2013 un album intitul\u00e9 Viene de M\u00ed sur le label discographique argentin ZZK2.<\/p>\n<\/blockquote>\n<div class='avia-iframe-wrap'><iframe loading=\"lazy\" title=\"La Yegros - Viene de Mi\" width=\"1500\" height=\"844\" src=\"https:\/\/www.youtube.com\/embed\/WtsjrvwqIr0?feature=oembed\" frameborder=\"0\" allow=\"accelerometer; autoplay; encrypted-media; gyroscope; picture-in-picture\" allowfullscreen><\/iframe><\/div>\n<p>&gt;&gt;&gt; <a href=\"https:\/\/www.facebook.com\/LaYegros\">Facebook<br \/>\n<\/a>&gt;&gt;&gt; <a href=\"http:\/\/www.deezer.com\/artist\/1438374\">En \u00e9coute gratuite sur Deezer<\/a><\/p>\n<h3>&gt;&gt;&gt; <a href=\"http:\/\/www.lapapacaliente.fr\/v3\/\">LA PAPA CALIENTE<\/a> (Salsa)<\/h3>\n<blockquote>\n<p style=\"text-align: justify;\">Gr\u00e2ce \u00e0 une s\u00e9rieuse section rythmique, un pianiste acharn\u00e9, une chaleureuse section de cuivristes, un duo de chanteuses aussi charismatiques qu\u2019in\u00e9puisables et un ing\u00e9nieur du son perfectionniste, La Papa Caliente propose aujourd\u2019hui un r\u00e9pertoire authentique et dansant qui vous permettra de go\u00fbter aux saveurs \u00e9pic\u00e9es et suaves de l\u2019Am\u00e9rique Latine. La composition franco\/colombienne du groupe est une vrai chance qui permet le m\u00e9tissage de la passion et de l\u2019exp\u00e9rience pour aboutir \u00e0 un cocktail g\u00e9n\u00e9reux et entra\u00eenant. Le tout guid\u00e9 par \u00ab El Doctor de la Salsa \u00bb, notre joueur de Congas, qui rel\u00e8ve et arrange inlassablement les morceaux que nous interpr\u00e9tons.\u00a0La salsa est une musique qui raconte la vie, invitant au partage, alors votre pr\u00e9sence lui donne tout son sens !<\/p>\n<div class='avia-iframe-wrap'><iframe loading=\"lazy\" title=\"La Papa Caliente - Idilio\" width=\"1500\" height=\"844\" src=\"https:\/\/www.youtube.com\/embed\/Qgm_jpeJ8ZA?feature=oembed\" frameborder=\"0\" allow=\"accelerometer; autoplay; encrypted-media; gyroscope; picture-in-picture\" allowfullscreen><\/iframe><\/div>\n<\/blockquote>\n<p style=\"text-align: justify;\">&gt;&gt;&gt; <a href=\"https:\/\/www.facebook.com\/LaPapaCaliente.Salsa\">Facebook<\/a><\/p>\n<blockquote>\n<p style=\"text-align: justify;\"><strong>&gt;&gt;&gt; \u25cf\u25cf\u25cf LIEU \u25cf\u25cf\u25cf &lt;&lt;&lt;<\/strong><\/p>\n<p>Rendez-vous \u00e0 partir de 20h \u00e0 EVE &#8211; Espace de Vie Etudiante<br \/>\n701 avenue centrale &#8211; SMH (38)<\/p>\n<p><strong>&gt;&gt;&gt; \u25cf\u25cf\u25cf TARIFS \u25cf\u25cf\u25cf &lt;&lt;&lt;<\/strong><\/p>\n<p>Etudiants \/ R\u00e9duit : 10\u20ac<br \/>\nPlein : 12\u20ac<\/p><\/blockquote>\n<p style=\"text-align: justify;\"><strong>&gt;&gt;&gt; <a href=\"http:\/\/mixarts.org\/association\/preventes-en-lignes\/\">BILLETTERIE EN LIGNE <\/a>&lt;&lt;&lt;<\/strong><\/p>\n<p>&nbsp;<\/p>\n","protected":false},"excerpt":{"rendered":"<p>Concert Cumbia LA YEGROS\u00a0+\u00a0LA PAPA CALIENTE &nbsp; &gt;&gt;&gt;\u00a0LA YEGROS (Cumbia) Mariana Yegros dite La Yegros est une chanteuse argentine, originaire de Buenos Aires, capitale cosmopolite de l&#8217;Argentine. Elle chante notamment le chamam\u00e9 et la cumbia que ses parents ont amen\u00e9 de la province de Mision\u00e9s, o\u00f9 ils sont n\u00e9s avant de s&#8217;installer \u00e0 Buenos Aires.\u00a0La [&hellip;]<\/p>\n","protected":false},"author":1,"featured_media":356,"comment_status":"open","ping_status":"open","sticky":false,"template":"","format":"standard","meta":{"_monsterinsights_skip_tracking":false,"_monsterinsights_sitenote_active":false,"_monsterinsights_sitenote_note":"","_monsterinsights_sitenote_category":0,"footnotes":""},"categories":[38],"tags":[17,5],"class_list":["post-355","post","type-post","status-publish","format-standard","has-post-thumbnail","hentry","category-38","tag-concert-passe","tag-event"],"aioseo_notices":[],"_links":{"self":[{"href":"http:\/\/mixarts.org\/association\/wp-json\/wp\/v2\/posts\/355","targetHints":{"allow":["GET"]}}],"collection":[{"href":"http:\/\/mixarts.org\/association\/wp-json\/wp\/v2\/posts"}],"about":[{"href":"http:\/\/mixarts.org\/association\/wp-json\/wp\/v2\/types\/post"}],"author":[{"embeddable":true,"href":"http:\/\/mixarts.org\/association\/wp-json\/wp\/v2\/users\/1"}],"replies":[{"embeddable":true,"href":"http:\/\/mixarts.org\/association\/wp-json\/wp\/v2\/comments?post=355"}],"version-history":[{"count":7,"href":"http:\/\/mixarts.org\/association\/wp-json\/wp\/v2\/posts\/355\/revisions"}],"predecessor-version":[{"id":416,"href":"http:\/\/mixarts.org\/association\/wp-json\/wp\/v2\/posts\/355\/revisions\/416"}],"wp:featuredmedia":[{"embeddable":true,"href":"http:\/\/mixarts.org\/association\/wp-json\/wp\/v2\/media\/356"}],"wp:attachment":[{"href":"http:\/\/mixarts.org\/association\/wp-json\/wp\/v2\/media?parent=355"}],"wp:term":[{"taxonomy":"category","embeddable":true,"href":"http:\/\/mixarts.org\/association\/wp-json\/wp\/v2\/categories?post=355"},{"taxonomy":"post_tag","embeddable":true,"href":"http:\/\/mixarts.org\/association\/wp-json\/wp\/v2\/tags?post=355"}],"curies":[{"name":"wp","href":"https:\/\/api.w.org\/{rel}","templated":true}]}}