{"id":564,"date":"2016-09-14T10:34:04","date_gmt":"2016-09-14T09:34:04","guid":{"rendered":"http:\/\/mixarts.org\/association\/?p=564"},"modified":"2023-06-08T10:45:20","modified_gmt":"2023-06-08T09:45:20","slug":"du-14-au-18-septembre-2016-la-bifurk","status":"publish","type":"post","link":"http:\/\/mixarts.org\/association\/2016\/du-14-au-18-septembre-2016-la-bifurk\/","title":{"rendered":"Du 14 au 18 septembre &#8211; La Bifurk"},"content":{"rendered":"<h1 style=\"text-align: center;\"><strong>Festival Merci, Bonsoir ! #2<\/strong><br \/>\nTOUT PUBLIC<\/h1>\n<blockquote>\n<div id=\"attachment_566\" style=\"width: 222px\" class=\"wp-caption aligncenter\"><a href=\"http:\/\/mixarts.org\/merci-bonsoir\/programmation\/14-au-18-sept-tout-public\/\"><img loading=\"lazy\" decoding=\"async\" aria-describedby=\"caption-attachment-566\" class=\"wp-image-566 size-medium\" title=\"Festival Merci, Bonsoir ! TOUT PUBLIC \/\/ Mix'Arts \/\/ Grenoble\" src=\"http:\/\/mixarts.org\/association\/wp-content\/uploads\/2016\/05\/Perso-fond-212x300.png\" alt=\"Festival Merci, Bonsoir ! TOUT PUBLIC \/\/ Mix'Arts \/\/ Grenoble\" width=\"212\" height=\"300\" srcset=\"http:\/\/mixarts.org\/association\/wp-content\/uploads\/2016\/05\/Perso-fond-212x300.png 212w, http:\/\/mixarts.org\/association\/wp-content\/uploads\/2016\/05\/Perso-fond-768x1086.png 768w, http:\/\/mixarts.org\/association\/wp-content\/uploads\/2016\/05\/Perso-fond-724x1024.png 724w, http:\/\/mixarts.org\/association\/wp-content\/uploads\/2016\/05\/Perso-fond.png 1448w\" sizes=\"auto, (max-width: 212px) 100vw, 212px\" \/><\/a><p id=\"caption-attachment-566\" class=\"wp-caption-text\">Festival Merci, Bonsoir ! TOUT PUBLIC \/\/ Mix&#8217;Arts \/\/ Grenoble<\/p><\/div>\n<p style=\"text-align: center;\">&#8211; Festival de spectacles vivants et de musique &#8211;<a href=\"http:\/\/mixarts.org\/merci-bonsoir\/programmation\/12-et-13-juillet-junior\/\"><br \/>\n<\/a><\/p>\n<p style=\"text-align: center;\">Cliquez sur l&#8217;image pour acc\u00e9der au site du festival !<\/p>\n<\/blockquote>\n<p><strong>Du mercredi 14 au 18\u00a0septembre inclus \/\u00a0Tout Public<\/strong><\/p>\n<blockquote>\n<p style=\"text-align: justify;\">&gt;&gt; L\u2019association Mix\u2019Arts est fi\u00e8re de vous pr\u00e9senter la 2e \u00e9dition du festival \u00ab Merci, Bonsoir ! \u00bb, qui aura lieu \u00e0 la Bifurk et au parc Flaubert \u00e0 Grenoble, du 14 au 18 septembre 2016 inclus.<\/p>\n<\/blockquote>\n<p style=\"text-align: justify;\">Venez-vous divertir et d\u00e9couvrir du spectacle vivant et de la musique pour tous les go\u00fbts et tous les \u00e2ges ! \u00ab Merci, Bonsoir ! \u00bb \u00e9dition TOUT PUBLIC, c\u2019est 5 jours de spectacle vivant, de concerts, d\u2019ateliers et d\u2019ap\u00e9ro-concerts ! Une programmation riche et diversifi\u00e9e mixant des compagnies d\u2019arts de rue professionnelles et des groupes de musique de qualit\u00e9.<\/p>\n<p>La programmation sera d\u00e9voil\u00e9e petit \u00e0 petit sur le site internet du festival : <a href=\"http:\/\/l.facebook.com\/l.php?u=http%3A%2F%2Fmixarts.org%2Fmerci-bonsoir%2F&amp;h=SAQEm8frN&amp;enc=AZNwg0XgCYcTmgUYwVthT6UGx9tWuz5K8OtiZLQ21H7UxesRzOcDsEx1gsUaHCaKNbI&amp;s=1\" target=\"_blank\" rel=\"nofollow noopener\">http:\/\/mixarts.org\/<wbr \/>merci-bonsoir\/<\/a><\/p>\n<p>&#8212;&#8212;&#8212;&#8212;&#8212;&#8212;&#8212;&#8212;&#8211;<wbr \/>&#8212;&#8212;&#8212;&#8212;&#8212;&#8212;&#8212;&#8212;&#8211;<wbr \/>&#8212;&#8212;&#8212;&#8212;&#8212;&#8212;&#8212;&#8212;&#8211;<wbr \/>&#8211;<\/p>\n<h5>\u25cf\u25cf\u25cf PROGRAMMATION \u25cf\u25cf\u25cf<\/h5>\n<ul>\n<li><a href=\"http:\/\/mixarts.org\/merci-bonsoir\/non-classe\/merc-14-sept\/\"><strong>MERCREDI 14 SEPTEMBRE<\/strong><\/a><\/li>\n<\/ul>\n<p><strong>18h : B-SIDE COMPANY (voltige)<\/strong> \u2013 Spectacle d\u2019ouverture du Festival sur le parvis de la MC2 centre-ville \/\/ <span style=\"color: #3366ff;\">Prix Libre<\/span><\/p>\n<p><strong>19h\u00a0: Elsa Bh\u00f6r (rumba, funk, latin)<\/strong> \/\/ La Bifurk \/\/ <span style=\"color: #3366ff;\">Prix Libre<\/span><\/p>\n<p><strong>20h30\u00a0: Les Kag \u00ab Stress et paillettes\u00a0\u00bb (cabaret d\u00e9cal\u00e9)<\/strong> \/\/ La Bifurk \/\/ <span style=\"color: #ff9900;\">5\u20ac &#8211; 10\u20ac<\/span><\/p>\n<p><strong>21h30\u00a0: Cabaret Clown (clown)<\/strong> \/\/ La Bifurk \/\/ <span style=\"color: #99cc00;\">Gratuit<\/span><\/p>\n<ul>\n<li><a href=\"http:\/\/mixarts.org\/merci-bonsoir\/non-classe\/jeu-15-sept\/\"><strong>JEUDI 15 SEPTEMBRE <\/strong><\/a><em>(Attention\u00a0: toute cette journ\u00e9e a lieu sur le Campus Universitaire de Saint Martin d\u2019H\u00e8res)<\/em><\/li>\n<\/ul>\n<p><strong>17h45 : Compagnie Qualit\u00e9 Street \u00ab\u00a0La Lumi\u00e8re De Nos R\u00eaves\u00a0\u00bb<\/strong> \/\/ Devant E.V.E \/\/ <span style=\"color: #99cc00;\">Gratuit<\/span><\/p>\n<p><strong>19h00 :<\/strong> <a href=\"https:\/\/www.youtube.com\/watch?v=2JZ5Wqb6aT4\">Perija<\/a> (concert gratuit)<\/p>\n<p><strong>20h30\u00a0: GROS CONCERT GRATUIT<\/strong> \/\/ Parking Diderot Campus \/\/ avec <strong>(style wolrd \/ rock \/ garage \/ \u00e9lectro balkan)<\/strong> <strong>\u00a0La Caravane Passe + Toyblo\u00efd + The Next Tape + Geek &amp; VrV\u00a0<\/strong>\/\/ Parking Diderot Campus \/\/ <span style=\"color: #99cc00;\">Gratuit<\/span><\/p>\n<ul>\n<li><a href=\"http:\/\/mixarts.org\/merci-bonsoir\/non-classe\/vend-16-sept\/\"><strong>VENDREDI 16 SEPTEMBRE<\/strong><\/a><\/li>\n<\/ul>\n<p><strong>18h\u00a0: Cash Mis\u00e8re\u00a0(vulgaire chanson)<\/strong> \/\/ La Bifurk \/\/ <span style=\"color: #3366ff;\">Prix Libre<\/span><\/p>\n<p><strong>19h30\u00a0: El Nino Del Retrete \u00ab\u00a0Cartoon Toylete\u00a0\u00bb (solo de clown)<\/strong> \/\/ La Bifurk \/\/ <span style=\"color: #ff9900;\">5\u20ac &#8211; 10\u20ac<\/span><\/p>\n<p><strong>20h30 :<\/strong> <a href=\"https:\/\/www.youtube.com\/watch?v=2JZ5Wqb6aT4\">Perija<\/a> (concert gratuit)<\/p>\n<p><strong>21h : G\u00e9rard Baraton \u00ab Pibole\u00a0\u00bb (conf\u00e9rence gesticul\u00e9e sur\u00a0l&#8217;\u00e9ducation populaire)<\/strong> \/\/ La Bifurk \/\/ <span style=\"color: #ff9900;\">5\u20ac &#8211; 10\u20ac<\/span><\/p>\n<p><strong>22h30\u00a0: Opsah Deheli (latino balkan)<\/strong> \/\/ La Bifurk \/\/ <span style=\"color: #3366ff;\">Prix Libre<\/span><\/p>\n<p><strong>00h00\u00a0: Rock\u2019A\u2019Bobby (rock\u2019n\u2019roll)<\/strong> \/\/ La Bifurk \/\/ <span style=\"color: #3366ff;\">Prix Libre \/\/ ANNULE<\/span><\/p>\n<ul>\n<li><a href=\"http:\/\/mixarts.org\/merci-bonsoir\/non-classe\/sam-17-sept\/\"><strong>SAMEDI 17 SEPTEMBRE<\/strong><\/a><\/li>\n<\/ul>\n<p><strong>16h30\u00a0: G\u00e9rard Baraton \u00ab\u00a0Les Petits Doigts Qui Touchent\u00a0\u00bb (conte tout public)<\/strong> \/\/ La Bifurk \/\/ <span style=\"color: #ff9900;\">5\u20ac &#8211; 10\u20ac<\/span><\/p>\n<p><strong>17h30 :<\/strong> <a href=\"https:\/\/www.youtube.com\/watch?v=2JZ5Wqb6aT4\">Perija<\/a> (concert gratuit)<\/p>\n<p><strong>18h\u00a0: Compagnie Raoul Lambert \u00ab\u00a0Titre d\u00e9finitif* (*Titre provisoire)\u00a0\u00bb (mentalisme burlesque)<\/strong> \/\/ La Bifurk \/\/ <span style=\"color: #ff9900;\">5\u20ac &#8211; 10\u20ac<\/span><\/p>\n<p><strong>19h30\u00a0: The Hats On Cats (quartet enti\u00e8rement instrumental) <\/strong>\/\/ La Bifurk \/\/ <span style=\"color: #99cc00;\">Gratuit<\/span><\/p>\n<p><strong>20h30\u00a0: CONCERT RAP \/ HIP-HOP avec DEMI-PORTION + EMTOOCI + LE PROJET CDV + TEO WAZACREW<\/strong> \/\/ Int\u00e9rieur de la Bifurk \/\/ <span style=\"color: #ff0000;\">12\u20ac &#8211; 15\u20ac<\/span><\/p>\n<ul>\n<li><a href=\"http:\/\/mixarts.org\/merci-bonsoir\/non-classe\/dim-18-sept\/\"><strong>DIMANCHE 18 SEPTEMBRE<\/strong><\/a><\/li>\n<\/ul>\n<p><strong>16h30\u00a0: Compagnie Pas Vu Pas Pris \u00ab\u00a0Les Moldaves\u00a0\u00bb (th\u00e9\u00e2tre et acrobatie)<\/strong> \/\/ La Bifurk \/\/ <span style=\"color: #ff9900;\">5\u20ac &#8211; 10\u20ac<\/span><\/p>\n<p><strong>17h30 :<\/strong> <a href=\"https:\/\/www.youtube.com\/watch?v=2JZ5Wqb6aT4\">Perija<\/a> (concert gratuit)<\/p>\n<p><strong>18h : Evelyne Zou (chanteuse pa-parfaite)<\/strong> \/\/ La Bifurk \/\/ <span style=\"color: #99cc00;\">Gratuit<\/span><\/p>\n<p><strong>20h : \u00a0<span style=\"color: #ff0000;\">COMPLET<\/span> Fr\u00e9d\u00e9ric Fromet \u201c\u00c7a Fromet !\u201d (chanson comique)<\/strong> \/\/ La Bifurk \/\/ <span style=\"color: #ff0000;\">12\u20ac &#8211; 15\u20ac<\/span><\/p>\n<p><strong>21h30 : Compagnie Fuegoloko \u00ab\u00a0M\u00eame pas mort\u00a0!\u00a0\u00bb<\/strong> (cirque et jongle enflamm\u00e9e) \/\/ La Bifurk \/\/ <span style=\"color: #99cc00;\">Gratuit<\/span><\/p>\n<p><strong>22h\u00a0: Projection de courts-m\u00e9trages et documentaires en plein air<\/strong> \/\/ La Bifurk \/\/ <span style=\"color: #99cc00;\">Gratuit<\/span><\/p>\n<div id=\"attachment_547\" style=\"width: 1274px\" class=\"wp-caption alignnone\"><a href=\"http:\/\/mixarts.org\/merci-bonsoir\/wp-content\/uploads\/2016\/04\/Flyer-R-V-tout-public2-1.jpg\"><img loading=\"lazy\" decoding=\"async\" aria-describedby=\"caption-attachment-547\" class=\"size-full wp-image-547\" src=\"http:\/\/mixarts.org\/merci-bonsoir\/wp-content\/uploads\/2016\/04\/Flyer-R-V-tout-public2-1.jpg\" alt=\"Programme du Festival \u00ab Merci, Bonsoir ! \u00bb #2 \u00e9tape TOUT PUBLIC \/\/ Organis\u00e9 par Mix\u2019Arts \u00e0 La Bifurk \u2013 Grenoble \/\/ Spectacle vivant et musique\" width=\"1264\" height=\"1772\" \/><\/a><p id=\"caption-attachment-547\" class=\"wp-caption-text\">Programme du Festival \u00ab Merci, Bonsoir ! \u00bb #2 \u00e9tape TOUT PUBLIC \/\/ Organis\u00e9 par Mix\u2019Arts \u00e0 La Bifurk \u2013 Grenoble \/\/ Spectacle vivant et musique<\/p><\/div>\n<p>&nbsp;<\/p>\n","protected":false},"excerpt":{"rendered":"<p>Festival Merci, Bonsoir ! #2 TOUT PUBLIC &#8211; Festival de spectacles vivants et de musique &#8211; Cliquez sur l&#8217;image pour acc\u00e9der au site du festival ! Du mercredi 14 au 18\u00a0septembre inclus \/\u00a0Tout Public &gt;&gt; L\u2019association Mix\u2019Arts est fi\u00e8re de vous pr\u00e9senter la 2e \u00e9dition du festival \u00ab Merci, Bonsoir ! \u00bb, qui aura lieu [&hellip;]<\/p>\n","protected":false},"author":1,"featured_media":616,"comment_status":"open","ping_status":"open","sticky":false,"template":"","format":"standard","meta":{"_monsterinsights_skip_tracking":false,"_monsterinsights_sitenote_active":false,"_monsterinsights_sitenote_note":"","_monsterinsights_sitenote_category":0,"footnotes":""},"categories":[37],"tags":[17,5,18],"class_list":["post-564","post","type-post","status-publish","format-standard","has-post-thumbnail","hentry","category-37","tag-concert-passe","tag-event","tag-spectacle-passe"],"aioseo_notices":[],"_links":{"self":[{"href":"http:\/\/mixarts.org\/association\/wp-json\/wp\/v2\/posts\/564","targetHints":{"allow":["GET"]}}],"collection":[{"href":"http:\/\/mixarts.org\/association\/wp-json\/wp\/v2\/posts"}],"about":[{"href":"http:\/\/mixarts.org\/association\/wp-json\/wp\/v2\/types\/post"}],"author":[{"embeddable":true,"href":"http:\/\/mixarts.org\/association\/wp-json\/wp\/v2\/users\/1"}],"replies":[{"embeddable":true,"href":"http:\/\/mixarts.org\/association\/wp-json\/wp\/v2\/comments?post=564"}],"version-history":[{"count":10,"href":"http:\/\/mixarts.org\/association\/wp-json\/wp\/v2\/posts\/564\/revisions"}],"predecessor-version":[{"id":5072,"href":"http:\/\/mixarts.org\/association\/wp-json\/wp\/v2\/posts\/564\/revisions\/5072"}],"wp:featuredmedia":[{"embeddable":true,"href":"http:\/\/mixarts.org\/association\/wp-json\/wp\/v2\/media\/616"}],"wp:attachment":[{"href":"http:\/\/mixarts.org\/association\/wp-json\/wp\/v2\/media?parent=564"}],"wp:term":[{"taxonomy":"category","embeddable":true,"href":"http:\/\/mixarts.org\/association\/wp-json\/wp\/v2\/categories?post=564"},{"taxonomy":"post_tag","embeddable":true,"href":"http:\/\/mixarts.org\/association\/wp-json\/wp\/v2\/tags?post=564"}],"curies":[{"name":"wp","href":"https:\/\/api.w.org\/{rel}","templated":true}]}}