{"id":605,"date":"2016-09-17T10:32:15","date_gmt":"2016-09-17T09:32:15","guid":{"rendered":"http:\/\/mixarts.org\/association\/?p=605"},"modified":"2023-06-08T10:55:02","modified_gmt":"2023-06-08T09:55:02","slug":"samedi-17-septembre-la-bifurk","status":"publish","type":"post","link":"http:\/\/mixarts.org\/association\/2016\/samedi-17-septembre-la-bifurk\/","title":{"rendered":"Samedi 17 septembre &#8211; La Bifurk"},"content":{"rendered":"<h4 style=\"text-align: center;\">\u25cf\u25cf\u25cf CONCERT \u2013 FESTIVAL MERCI, BONSOIR ! \u25cf\u25cf\u25cf<\/h4>\n<p style=\"text-align: center;\">Dans le cadre du Festival \u00ab Merci, Bonsoir ! #2 \u00bb \u00e9tape tout public, nous vous proposons une grosse soir\u00e9e 100% rap \/ hip-hop fran\u00e7ais !<\/p>\n<p>Lien du <a href=\"https:\/\/www.facebook.com\/events\/234347940258571\/?action_history=null\" data-hovercard=\"\/ajax\/hovercard\/event.php?id=234347940258571&amp;extragetparams=%7B%22directed_target_id%22%3A242655099460875%7D\">Festival &#8220;Merci, Bonsoir !&#8221; #2 &#8211; TOUT Public &#8211; Spectacle vivant et musique<\/a> : <a href=\"https:\/\/www.facebook.com\/events\/234347940258571\/\" rel=\"nofollow\">https:\/\/www.facebook.com\/<wbr \/>events\/234347940258571\/<\/a><\/p>\n<p style=\"text-align: justify;\"><strong>\u25cf\u25cf\u25cf PROGRAMMATION \u25cf\u25cf\u25cf<\/strong><\/p>\n<p>DEMI PORTION + EMTOOCI + PROJET CDV + TEO WAZACREW<\/p>\n<p><strong>&gt;&gt;&gt; <a href=\"https:\/\/www.facebook.com\/demiportionofficiel\/\" data-hovercard=\"\/ajax\/hovercard\/page.php?id=53366235184&amp;extragetparams=%7B%22directed_target_id%22%3A242655099460875%7D\">DEMI PORTION<\/a> (Rap) \/ S\u00e8te<\/strong><br \/>\n<span class=\"text_exposed_show\"><br \/>\nRachid dit Demi-Portion d\u00e9bute dans le rap avec Karim dit Sprinter en 1995 dans le duo Les Grandes Gueules. Originaires de S\u00e8te (H\u00e9rault), ils s\u2018illustrent en 1996 lors d\u2018une premi\u00e8re partie de Fonky Family dans leur ville natale. Amoureux des mots, Demi-Portion ne peut manquer de rendre hommage \u00e0 Georges Brassens, le plus c\u00e9l\u00e8bre des s\u00e9tois, dont il reprend \u00ab Bonhomme \u00bb et \u00ab Le M\u00e9cr\u00e9ant \u00bb. Plut\u00f4t que de bombarder son public de mixtapes et autres street albums parfois dispensables, Demi-Portion se concentre sur l\u2018\u00e9criture et livre ses compositions \u00e0 doses raisonn\u00e9es.<\/span><\/p>\n<div class='avia-iframe-wrap'><iframe loading=\"lazy\" title=\"DEMI PORTION - LAISSE PAS TOMBER ( Prod : Crown )\" width=\"1500\" height=\"844\" src=\"https:\/\/www.youtube.com\/embed\/4GEt_4i8ws8?feature=oembed\" frameborder=\"0\" allow=\"accelerometer; autoplay; encrypted-media; gyroscope; picture-in-picture\" allowfullscreen><\/iframe><\/div>\n<p style=\"text-align: justify;\"><span class=\"text_exposed_show\"><br \/>\n<a href=\"https:\/\/www.facebook.com\/l.php?u=https%3A%2F%2Fwww.youtube.com%2Fwatch%3Fv%3D4GEt_4i8ws8&amp;h=cAQHEdSoh&amp;enc=AZOZInYvoJlxRSGqQ1IQbsbpLuC8WI3HBA3RKq3RTxyHeBlcglGiw6RMLestMDfLvEM&amp;s=1\" target=\"_blank\" rel=\"nofollow noopener\">https:\/\/www.youtube.com\/<wbr \/>watch?v=4GEt_4i8ws8<\/a><\/span><\/p>\n<p><strong>&gt;&gt;&gt; <a href=\"https:\/\/www.facebook.com\/Emtooci\/\" data-hovercard=\"\/ajax\/hovercard\/page.php?id=153519724716442&amp;extragetparams=%7B%22directed_target_id%22%3A242655099460875%7D\">Emtooci<\/a> (Hip-hop) \/ Montpellier<\/strong><\/p>\n<p>Fond\u00e9 sur un d\u00e9lire de potes de lyc\u00e9e, Emtooci puise ses origines dans une profonde amiti\u00e9 et un amour partag\u00e9 du Hip Hop. M\u00e9lange des diff\u00e9rentes influences de chaque membre, le groupe essaie de proposer une musique novatrice, fraiche mais solidement ancr\u00e9e dans ses fondamentaux&#8230;<\/p>\n<p style=\"text-align: justify;\"><span class=\"text_exposed_show\"><a href=\"https:\/\/www.youtube.com\/watch?v=1xmNOWO0gvM%20\">https:\/\/www.youtube.com\/watch?v=1xmNOWO0gvM<\/a><\/span><\/p>\n<p><strong>&gt;&gt;&gt; <a href=\"https:\/\/www.facebook.com\/LEPROJETCDV\/\" data-hovercard=\"\/ajax\/hovercard\/page.php?id=1640979376134763&amp;extragetparams=%7B%22directed_target_id%22%3A242655099460875%7D\">Le Projet CDV<\/a> (Hip-hop) \/ Grenoble<\/strong><\/p>\n<p style=\"text-align: justify;\"><span class=\"text_exposed_show\">Le Projet CDV est un groupe de hip-hop grenoblois compos\u00e9 de deux MC, Razz et Slin. Compl\u00e9mentaires, ils allient tradition et modernit\u00e9 avec des textes travaill\u00e9s et des flows aussi techniques qu\u2019\u00e9nergiques. Apr\u00e8s une s\u00e9rie de freestyles de qualit\u00e9s, ils sortent leur premi\u00e8re mixtape \u201cNouveaux Druides\u201d un projet \u00e9clectique \u00e0 leur image.<\/span><\/p>\n<p style=\"text-align: justify;\"><span class=\"text_exposed_show\"><a href=\"https:\/\/www.youtube.com\/watch?v=H1Fmt9tkrpM%20\">https:\/\/www.youtube.com\/watch?v=H1Fmt9tkrpM<\/a><\/span><\/p>\n<p><strong>&gt;&gt;&gt; <a href=\"https:\/\/www.facebook.com\/teoofficiel\/\" data-hovercard=\"\/ajax\/hovercard\/page.php?id=835158183171771&amp;extragetparams=%7B%22directed_target_id%22%3A242655099460875%7D\">T\u00e9o Wazacrew<\/a> (Rap) \/ Grenoble<\/strong><\/p>\n<p style=\"text-align: justify;\"><span class=\"text_exposed_show\">21 ans, 4 ans de Rap dans les pattes, quelques vid\u00e9o sur Youtube, et un projet !!! &#8221; TEOTHENTIQUE &#8221; sur : <a href=\"http:\/\/teorap.bandcamp.com\/\" target=\"_blank\" rel=\"nofollow noopener\">teorap.bandcamp.com<\/a><\/span><\/p>\n<p><a href=\"https:\/\/www.facebook.com\/l.php?u=https%3A%2F%2Fwww.youtube.com%2Fwatch%3Fv%3Dpjy97ZJiE64&amp;h=BAQEc6UQX&amp;enc=AZNFFaz6v_fQoU6Trf070ytLtsiX7HPGW4IpuUWjV3PS8ukGUWeCaCI2W6oXevaX5pc&amp;s=1\" target=\"_blank\" rel=\"nofollow noopener\">https:\/\/www.youtube.com\/<wbr \/>watch?v=pjy97ZJiE64<\/a><\/p>\n<p><strong>\u25cf\u25cf\u25cf INFOS PRATIQUES \u25cf\u25cf\u25cf<\/strong><\/p>\n<p>CONCERT RAP \/ HIP-HOP<br \/>\nSamedi 17 septembre \/\/ 20h30<br \/>\n\u00e0 <a href=\"https:\/\/www.facebook.com\/LA-BIFURK-GRENOBLE-178861511143\/\" data-hovercard=\"\/ajax\/hovercard\/page.php?id=178861511143&amp;extragetparams=%7B%22directed_target_id%22%3A242655099460875%7D\">LA BIFURK GRENOBLE<\/a><br \/>\n2 rue Gustave Flaubert<\/p>\n<p>Bar et petit restauration sur place<br \/>\nProduits bio \/ locaux \/ artisanaux<\/p>\n<p><strong>\u25cf\u25cf\u25cf TARIFS \u25cf\u25cf\u25cf<\/strong><\/p>\n<p><strong>&gt;&gt;&gt; Pr\u00e9ventes<\/strong><\/p>\n<p>R\u00e9duit* : 12\u20ac (hors frais de loc.)<br \/>\nPlein : 15\u20ac (hors frais de loc.)<\/p>\n<p>(*) Tarifs r\u00e9duits : \u00e9tudiants, ch\u00f4meurs, RSA, services civiques, familles nombreuses, enfant de moins de 12 ans.<\/p>\n<p><strong>&gt;&gt;&gt; Sur place<\/strong><\/p>\n<p>Tarif unique de 16\u20ac<\/p>\n<p>Billetterie bient\u00f4t en ligne sur <a href=\"http:\/\/mixarts.org\/merci-bonsoir\/\" target=\"_blank\" rel=\"nofollow noopener\">http:\/\/mixarts.org\/<wbr \/>merci-bonsoir\/<\/a><\/p>\n","protected":false},"excerpt":{"rendered":"<p>\u25cf\u25cf\u25cf CONCERT \u2013 FESTIVAL MERCI, BONSOIR ! \u25cf\u25cf\u25cf Dans le cadre du Festival \u00ab Merci, Bonsoir ! #2 \u00bb \u00e9tape tout public, nous vous proposons une grosse soir\u00e9e 100% rap \/ hip-hop fran\u00e7ais ! Lien du Festival &#8220;Merci, Bonsoir !&#8221; #2 &#8211; TOUT Public &#8211; Spectacle vivant et musique : https:\/\/www.facebook.com\/events\/234347940258571\/ \u25cf\u25cf\u25cf PROGRAMMATION \u25cf\u25cf\u25cf DEMI [&hellip;]<\/p>\n","protected":false},"author":1,"featured_media":607,"comment_status":"open","ping_status":"open","sticky":false,"template":"","format":"standard","meta":{"_monsterinsights_skip_tracking":false,"_monsterinsights_sitenote_active":false,"_monsterinsights_sitenote_note":"","_monsterinsights_sitenote_category":0,"footnotes":""},"categories":[37],"tags":[17,5],"class_list":["post-605","post","type-post","status-publish","format-standard","has-post-thumbnail","hentry","category-37","tag-concert-passe","tag-event"],"aioseo_notices":[],"_links":{"self":[{"href":"http:\/\/mixarts.org\/association\/wp-json\/wp\/v2\/posts\/605","targetHints":{"allow":["GET"]}}],"collection":[{"href":"http:\/\/mixarts.org\/association\/wp-json\/wp\/v2\/posts"}],"about":[{"href":"http:\/\/mixarts.org\/association\/wp-json\/wp\/v2\/types\/post"}],"author":[{"embeddable":true,"href":"http:\/\/mixarts.org\/association\/wp-json\/wp\/v2\/users\/1"}],"replies":[{"embeddable":true,"href":"http:\/\/mixarts.org\/association\/wp-json\/wp\/v2\/comments?post=605"}],"version-history":[{"count":3,"href":"http:\/\/mixarts.org\/association\/wp-json\/wp\/v2\/posts\/605\/revisions"}],"predecessor-version":[{"id":5073,"href":"http:\/\/mixarts.org\/association\/wp-json\/wp\/v2\/posts\/605\/revisions\/5073"}],"wp:featuredmedia":[{"embeddable":true,"href":"http:\/\/mixarts.org\/association\/wp-json\/wp\/v2\/media\/607"}],"wp:attachment":[{"href":"http:\/\/mixarts.org\/association\/wp-json\/wp\/v2\/media?parent=605"}],"wp:term":[{"taxonomy":"category","embeddable":true,"href":"http:\/\/mixarts.org\/association\/wp-json\/wp\/v2\/categories?post=605"},{"taxonomy":"post_tag","embeddable":true,"href":"http:\/\/mixarts.org\/association\/wp-json\/wp\/v2\/tags?post=605"}],"curies":[{"name":"wp","href":"https:\/\/api.w.org\/{rel}","templated":true}]}}