{"id":862,"date":"2017-09-28T14:31:52","date_gmt":"2017-09-28T13:31:52","guid":{"rendered":"http:\/\/mixarts.org\/association\/?p=862"},"modified":"2023-06-08T10:40:57","modified_gmt":"2023-06-08T09:40:57","slug":"2809-caballero-jeanjass-romeo-elvis-razz-eve-campus","status":"publish","type":"post","link":"http:\/\/mixarts.org\/association\/2017\/2809-caballero-jeanjass-romeo-elvis-razz-eve-campus\/","title":{"rendered":"28\/09 &#8211; Caballero &#038; JeanJass + Rom\u00e9o Elvis + Razz &#8211; EVE Campus"},"content":{"rendered":"<h4>\u25cf\u25cf\u25cf <a href=\"https:\/\/www.facebook.com\/events\/105517086728667\/\">CONCERT RAP \/ HIP-HOP<\/a> \u25cf\u25cf\u25cf<br \/>\nJEUDI 28 SEPTEMBRE 2017<\/h4>\n<p>&nbsp;<\/p>\n<p>&#8220;Bruxelles arrive !&#8221; \u00e0 Grenoble le jeudi 28 septembre 2017 ! &#x270c;<\/p>\n<p>Les associations grenobloises\u00a0<a href=\"https:\/\/www.facebook.com\/mixarts.association\/\" data-hovercard=\"\/ajax\/hovercard\/page.php?id=377733935733579&amp;extragetparams=%7B%22directed_target_id%22%3A105517086728667%7D\" data-hovercard-prefer-more-content-show=\"1\">Mix&#8217;Arts<\/a>\u00a0&amp;\u00a0<a href=\"https:\/\/www.facebook.com\/LEPROJETCDV\/\" data-hovercard=\"\/ajax\/hovercard\/page.php?id=1640979376134763&amp;extragetparams=%7B%22directed_target_id%22%3A105517086728667%7D\" data-hovercard-prefer-more-content-show=\"1\">Le Projet CDV<\/a>\u00a0s&#8217;associent pour vous proposer une soir\u00e9e 100% rap from Belgique pour la rentr\u00e9e 2017 !!! Pour l&#8217;occasion, les pointures du moment\u00a0<a href=\"https:\/\/www.facebook.com\/Caballerobxl\/\" data-hovercard=\"\/ajax\/hovercard\/page.php?id=379974442064639&amp;extragetparams=%7B%22directed_target_id%22%3A105517086728667%7D\" data-hovercard-prefer-more-content-show=\"1\">Caballero<\/a>\u00a0&amp;\u00a0<a href=\"https:\/\/www.facebook.com\/JeanJassGoldman\/\" data-hovercard=\"\/ajax\/hovercard\/page.php?id=612649982188106&amp;extragetparams=%7B%22directed_target_id%22%3A105517086728667%7D\" data-hovercard-prefer-more-content-show=\"1\">JeanJass<\/a>,\u00a0<a href=\"https:\/\/www.facebook.com\/elvisromeobxl\/\" data-hovercard=\"\/ajax\/hovercard\/page.php?id=617166811678694&amp;extragetparams=%7B%22directed_target_id%22%3A105517086728667%7D\" data-hovercard-prefer-more-content-show=\"1\">Rom\u00e9o Elvis<\/a>\u00a0vont mettre le &#x1f525; \u00e0 EVE, accompagn\u00e9s par\u00a0<a href=\"https:\/\/www.facebook.com\/razzleprojetcdv\/\" data-hovercard=\"\/ajax\/hovercard\/page.php?id=169258930215343&amp;extragetparams=%7B%22directed_target_id%22%3A105517086728667%7D\" data-hovercard-prefer-more-content-show=\"1\">Razz &#8211; Le Projet CDV<\/a>\u00a0qui assurera la premi\u00e8re partie !<\/p>\n<p><strong>&gt;&gt;&gt;\u00a0<a href=\"https:\/\/www.facebook.com\/Caballerobxl\/\" data-hovercard=\"\/ajax\/hovercard\/page.php?id=379974442064639&amp;extragetparams=%7B%22directed_target_id%22%3A105517086728667%7D\" data-hovercard-prefer-more-content-show=\"1\">Caballero<\/a>\u00a0&amp;\u00a0<a href=\"https:\/\/www.facebook.com\/JeanJassGoldman\/\" data-hovercard=\"\/ajax\/hovercard\/page.php?id=612649982188106&amp;extragetparams=%7B%22directed_target_id%22%3A105517086728667%7D\" data-hovercard-prefer-more-content-show=\"1\">JeanJass<\/a>\u00a0(BELGIQUE \u2013 RAP \/ HIP HOP)<\/strong><br \/>\nApr\u00e8s leurs aventures en solo et en collectif qui leur ont permis de parcourir les routes de la francophonie,\u00a0<a href=\"https:\/\/www.facebook.com\/Caballerobxl\/\" data-hovercard=\"\/ajax\/hovercard\/page.php?id=379974442064639&amp;extragetparams=%7B%22directed_target_id%22%3A105517086728667%7D\" data-hovercard-prefer-more-content-show=\"1\">Caballero<\/a>\u00a0(Les Corbeaux) et\u00a0<a href=\"https:\/\/www.facebook.com\/JeanJassGoldman\/\" data-hovercard=\"\/ajax\/hovercard\/page.php?id=612649982188106&amp;extragetparams=%7B%22directed_target_id%22%3A105517086728667%7D\" data-hovercard-prefer-more-content-show=\"1\">JeanJass<\/a>(Exodarap) sortent un EP commun intitul\u00e9 Double H\u00e9lice. Les deux amis, qui collaborent r\u00e9guli\u00e8rement depuis quelques ann\u00e9es, reviennent avec 2<span class=\"text_exposed_show\">X plus de flow, 2X plus de rimes et 2X plus de style.<br \/>\n<\/span><\/p>\n<div class='avia-iframe-wrap'><iframe loading=\"lazy\" title=\"Caballero &amp; JeanJass - TMTC\" width=\"1500\" height=\"844\" src=\"https:\/\/www.youtube.com\/embed\/vxelzWswb1g?feature=oembed\" frameborder=\"0\" allow=\"accelerometer; autoplay; encrypted-media; gyroscope; picture-in-picture\" allowfullscreen><\/iframe><\/div>\n<p><span class=\"text_exposed_show\"><strong>&gt;&gt;&gt;\u00a0<a href=\"https:\/\/www.facebook.com\/elvisromeobxl\/\" data-hovercard=\"\/ajax\/hovercard\/page.php?id=617166811678694&amp;extragetparams=%7B%22directed_target_id%22%3A105517086728667%7D\" data-hovercard-prefer-more-content-show=\"1\">Rom\u00e9o Elvis<\/a>\u00a0(BELGIQUE \u2013 RAP)<\/strong><br \/>\nLe jeune rappeur\u00a0<a href=\"https:\/\/www.facebook.com\/elvisromeobxl\/\" data-hovercard=\"\/ajax\/hovercard\/page.php?id=617166811678694&amp;extragetparams=%7B%22directed_target_id%22%3A105517086728667%7D\" data-hovercard-prefer-more-content-show=\"1\">Rom\u00e9o Elvis<\/a>\u00a0remet au go\u00fbt du jour un certain phras\u00e9, des textes soign\u00e9s et humoristiques nous rappelant le rap fran\u00e7ais \u00e9gotripique des ann\u00e9es 2000. Sa musique est pourtant tr\u00e8s actuelle, avec des instrumentaux proches de l\u2019electro relev\u00e9s d\u2019un flow hypnotique. \u00c0 23 ans, Rom\u00e9o Johnny Elvis Strauss Van Laeken est d\u00e9j\u00e0 incontournable en Belgique. V\u00e9ritable b\u00eate de sc\u00e8ne, le belge chauffe le public en deux punchlines bien senties, scand\u00e9es en rythme sur les beats ent\u00eatants du producteur\u00a0<a href=\"https:\/\/www.facebook.com\/lemotelofficial\/\" data-hovercard=\"\/ajax\/hovercard\/page.php?id=621953221158152&amp;extragetparams=%7B%22directed_target_id%22%3A105517086728667%7D\" data-hovercard-prefer-more-content-show=\"1\">Le Motel<\/a>.<br \/>\n<\/span><\/p>\n<div class='avia-iframe-wrap'><iframe loading=\"lazy\" title=\"Rom\u00e9o Elvis - Bruxelles arrive (feat. Caballero)\" width=\"1500\" height=\"844\" src=\"https:\/\/www.youtube.com\/embed\/z5g1TsT3CSw?feature=oembed\" frameborder=\"0\" allow=\"accelerometer; autoplay; encrypted-media; gyroscope; picture-in-picture\" allowfullscreen><\/iframe><\/div>\n<p><span class=\"text_exposed_show\"><strong>&gt;&gt;&gt; <a href=\"https:\/\/www.facebook.com\/razzleprojetcdv\/\" data-hovercard=\"\/ajax\/hovercard\/page.php?id=169258930215343&amp;extragetparams=%7B%22directed_target_id%22%3A105517086728667%7D\" data-hovercard-prefer-more-content-show=\"1\">Razz &#8211; Le Projet CDV<\/a>\u00a0(GRENOBLE \u2013 RAP)<\/strong><br \/>\n<a href=\"https:\/\/www.facebook.com\/razzleprojetcdv\/\" data-hovercard=\"\/ajax\/hovercard\/page.php?id=169258930215343&amp;extragetparams=%7B%22directed_target_id%22%3A105517086728667%7D\" data-hovercard-prefer-more-content-show=\"1\">Razz &#8211; Le Projet CDV<\/a>, issu du groupe\u00a0<a href=\"https:\/\/www.facebook.com\/LEPROJETCDV\/\" data-hovercard=\"\/ajax\/hovercard\/page.php?id=1640979376134763&amp;extragetparams=%7B%22directed_target_id%22%3A105517086728667%7D\" data-hovercard-prefer-more-content-show=\"1\">Le Projet CDV<\/a>, est un rappeur technique et profond. M\u00e9lange de rap old school et de morceaux plus modernes, il a sorti son premier EP 13228 en mai et il le d\u00e9fend sur sc\u00e8ne avec \u00e9nergie.<br \/>\n<\/span><\/p>\n<div class='avia-iframe-wrap'><iframe loading=\"lazy\" title=\"Razz  - VOSLM - EP 13228\" width=\"1500\" height=\"844\" src=\"https:\/\/www.youtube.com\/embed\/4vQHQ1cANtk?feature=oembed\" frameborder=\"0\" allow=\"accelerometer; autoplay; encrypted-media; gyroscope; picture-in-picture\" allowfullscreen><\/iframe><\/div>\n<p><span class=\"text_exposed_show\"><br \/>\n\u25ac\u25ac\u25ac\u25ac INFOS PRATIQUES \u25ac\u25ac\u25ac\u25ac\u25ac\u25ac\u25ac\u25ac\u25ac\u25ac<\/span><\/p>\n<p>SALLE EVE CAMPUS GRENOBLE, 701 Avenue Centrale, 38400, Saint Martin d\u2019H\u00e8res.<br \/>\nAcc\u00e8s : Tram B &amp; C \u2013 Arr\u00eat Gabriel Faur\u00e9.<br \/>\nHoraires : De 20h00 \u00e0 01h<\/p>\n<p>\u25ac\u25ac\u25ac\u25ac BILLETTERIE \u25ac\u25ac\u25ac\u25ac\u25ac\u25ac\u25ac\u25ac\u25ac\u25ac\u25ac\u25ac\u25ac<br \/>\n<a href=\"http:\/\/mixarts.org\/association\/preventes-en-lignes\/\">&gt;&gt;&gt; Billetterie en ligne ici &lt;&lt;&lt;<\/a><span class=\"text_exposed_show\"><br \/>\n\u2192 TARIFS PREVENTES<br \/>\n15\u20ac \u2013 Plein tarif<br \/>\n9\u20ac \u2013 Tarif r\u00e9duit*<\/span><\/p>\n<p>\u2192 TARIFS SUR PLACE<br \/>\n17\u20ac \u2013 Plein tarif<br \/>\n10\u20ac \u2013 Tarif r\u00e9duit*<\/p>\n<p>*Tarif r\u00e9duit : \u00e9tudiants, ch\u00f4meurs, RSA, services civiques, personnes handicap\u00e9es, etc.<br \/>\n&#x26a0; UNIQUEMENT SOUS PR\u00c9SENTATION D\u2019UN JUSTIFICATIF &#x26a0;<\/p>\n<p>&nbsp;<\/p>\n","protected":false},"excerpt":{"rendered":"<p>\u25cf\u25cf\u25cf CONCERT RAP \/ HIP-HOP \u25cf\u25cf\u25cf JEUDI 28 SEPTEMBRE 2017 &nbsp; &#8220;Bruxelles arrive !&#8221; \u00e0 Grenoble le jeudi 28 septembre 2017 ! &#x270c; Les associations grenobloises\u00a0Mix&#8217;Arts\u00a0&amp;\u00a0Le Projet CDV\u00a0s&#8217;associent pour vous proposer une soir\u00e9e 100% rap from Belgique pour la rentr\u00e9e 2017 !!! Pour l&#8217;occasion, les pointures du moment\u00a0Caballero\u00a0&amp;\u00a0JeanJass,\u00a0Rom\u00e9o Elvis\u00a0vont mettre le &#x1f525; \u00e0 EVE, accompagn\u00e9s [&hellip;]<\/p>\n","protected":false},"author":1,"featured_media":868,"comment_status":"closed","ping_status":"open","sticky":false,"template":"","format":"standard","meta":{"_monsterinsights_skip_tracking":false,"_monsterinsights_sitenote_active":false,"_monsterinsights_sitenote_note":"","_monsterinsights_sitenote_category":0,"footnotes":""},"categories":[36],"tags":[17,5],"class_list":["post-862","post","type-post","status-publish","format-standard","has-post-thumbnail","hentry","category-36","tag-concert-passe","tag-event"],"aioseo_notices":[],"_links":{"self":[{"href":"http:\/\/mixarts.org\/association\/wp-json\/wp\/v2\/posts\/862","targetHints":{"allow":["GET"]}}],"collection":[{"href":"http:\/\/mixarts.org\/association\/wp-json\/wp\/v2\/posts"}],"about":[{"href":"http:\/\/mixarts.org\/association\/wp-json\/wp\/v2\/types\/post"}],"author":[{"embeddable":true,"href":"http:\/\/mixarts.org\/association\/wp-json\/wp\/v2\/users\/1"}],"replies":[{"embeddable":true,"href":"http:\/\/mixarts.org\/association\/wp-json\/wp\/v2\/comments?post=862"}],"version-history":[{"count":3,"href":"http:\/\/mixarts.org\/association\/wp-json\/wp\/v2\/posts\/862\/revisions"}],"predecessor-version":[{"id":5071,"href":"http:\/\/mixarts.org\/association\/wp-json\/wp\/v2\/posts\/862\/revisions\/5071"}],"wp:featuredmedia":[{"embeddable":true,"href":"http:\/\/mixarts.org\/association\/wp-json\/wp\/v2\/media\/868"}],"wp:attachment":[{"href":"http:\/\/mixarts.org\/association\/wp-json\/wp\/v2\/media?parent=862"}],"wp:term":[{"taxonomy":"category","embeddable":true,"href":"http:\/\/mixarts.org\/association\/wp-json\/wp\/v2\/categories?post=862"},{"taxonomy":"post_tag","embeddable":true,"href":"http:\/\/mixarts.org\/association\/wp-json\/wp\/v2\/tags?post=862"}],"curies":[{"name":"wp","href":"https:\/\/api.w.org\/{rel}","templated":true}]}}