{"id":8700,"date":"2026-03-06T15:30:26","date_gmt":"2026-03-06T14:30:26","guid":{"rendered":"https:\/\/mixarts.org\/association\/?p=8700"},"modified":"2026-03-06T16:20:13","modified_gmt":"2026-03-06T15:20:13","slug":"17-12-svinkels-deadi","status":"publish","type":"post","link":"http:\/\/mixarts.org\/association\/concert\/17-12-svinkels-deadi\/","title":{"rendered":"17\/12 \u2013 SVINKELS FAMILY &#038; FRIENDS + DEADI"},"content":{"rendered":"<div id='av-layout-grid-1'  class='av-layout-grid-container av-eusbnl-60a0429d5b577462e92b2721f8d7d187 entry-content-wrapper main_color av-flex-cells  avia-builder-el-0  el_before_av_section  avia-builder-el-first   container_wrap fullsize'  >\n\n<style type=\"text\/css\" data-created_by=\"avia_inline_auto\" id=\"style-css-av-bwv3f5-95a9e3c59f73e6bd498483a1846f6359\">\n.flex_cell.av-bwv3f5-95a9e3c59f73e6bd498483a1846f6359{\nvertical-align:top;\n}\n.responsive #top #wrap_all .flex_cell.av-bwv3f5-95a9e3c59f73e6bd498483a1846f6359{\npadding:30px 10px 30px 200px !important;\n}\n<\/style>\n<div class='flex_cell av-bwv3f5-95a9e3c59f73e6bd498483a1846f6359 av-gridrow-cell av_one_third no_margin  avia-builder-el-1  el_before_av_cell_two_third  avia-builder-el-first '  ><div class='flex_cell_inner'>\n<style type=\"text\/css\" data-created_by=\"avia_inline_auto\" id=\"style-css-av-lyg08zur-c7af6a91835781b809b5c4f1a8bdd1e4\">\n#top .av_textblock_section.av-lyg08zur-c7af6a91835781b809b5c4f1a8bdd1e4 .avia_textblock{\ncolor:#5a9361;\n}\n<\/style>\n<section  class='av_textblock_section av-lyg08zur-c7af6a91835781b809b5c4f1a8bdd1e4 '   itemscope=\"itemscope\" itemtype=\"https:\/\/schema.org\/BlogPosting\" itemprop=\"blogPost\" ><div class='avia_textblock av_inherit_color'  itemprop=\"text\" ><h2><strong>SVINKELS FAMILY &#038; FRIENDS<\/strong><\/h2>\n<h3>+ DEADI<\/h3>\n<h3><\/h3>\n<\/div><\/section><br \/>\n\n<style type=\"text\/css\" data-created_by=\"avia_inline_auto\" id=\"style-css-av-lyfz9uq7-31298e34c7da2732d876b59436545de2\">\n#top .av_textblock_section.av-lyfz9uq7-31298e34c7da2732d876b59436545de2 .avia_textblock{\ncolor:#070404;\n}\n<\/style>\n<section  class='av_textblock_section av-lyfz9uq7-31298e34c7da2732d876b59436545de2 '   itemscope=\"itemscope\" itemtype=\"https:\/\/schema.org\/BlogPosting\" itemprop=\"blogPost\" ><div class='avia_textblock av_inherit_color'  itemprop=\"text\" ><h4><\/h4>\n<h4><strong>jeu. 17 d\u00e9cembre \u00b7 20:30<br \/>\n\u2192 L&#8217;Ilyade (38)<\/strong><\/h4>\n<\/div><\/section><br \/>\n\n<style type=\"text\/css\" data-created_by=\"avia_inline_auto\" id=\"style-css-av-2i8mgq-c653997483c0f0af043f59deb35b8bcf\">\n#top .hr.hr-invisible.av-2i8mgq-c653997483c0f0af043f59deb35b8bcf{\nheight:20px;\n}\n<\/style>\n<div  class='hr av-2i8mgq-c653997483c0f0af043f59deb35b8bcf hr-invisible  avia-builder-el-4  el_after_av_textblock  el_before_av_hr '><span class='hr-inner '><span class=\"hr-inner-style\"><\/span><\/span><\/div><br \/>\n<div  class='hr av-bbdchd-72f867289ba7e3359a2eae156b1fbc18 hr-default  avia-builder-el-5  el_after_av_hr  el_before_av_button '><span class='hr-inner '><span class=\"hr-inner-style\"><\/span><\/span><\/div><br \/>\n<div  class='avia-button-wrap av-mc35f0ys-18acdf9963f764033644240bb41ccb0f-wrap avia-button-left  avia-builder-el-6  el_after_av_hr  avia-builder-el-last '>\n<style type=\"text\/css\" data-created_by=\"avia_inline_auto\" id=\"style-css-av-mc35f0ys-18acdf9963f764033644240bb41ccb0f\">\n#top #wrap_all .avia-button.av-mc35f0ys-18acdf9963f764033644240bb41ccb0f{\nfont-size:17px;\nbackground-color:#5a9361;\nborder-color:#5a9361;\ncolor:#ffffff;\ntransition:all 0.4s ease-in-out;\n}\n#top #wrap_all .avia-button.av-mc35f0ys-18acdf9963f764033644240bb41ccb0f:hover{\nbackground-color:#49724b;\ncolor:#ffffff;\ntransition:all 0.4s ease-in-out;\n}\n<\/style>\n<a href='https:\/\/www.billetweb.fr\/les-svinkels-deadi-concert'  class='avia-button av-mc35f0ys-18acdf9963f764033644240bb41ccb0f av-link-btn avia-icon_select-no avia-size-large avia-position-left'  ><span class='avia_iconbox_title' >Billetterie<\/span><\/a><\/div><\/p>\n<\/div><\/div>\n<style type=\"text\/css\" data-created_by=\"avia_inline_auto\" id=\"style-css-av-8rhqep-0720208c5b6a94fee59d4d9398902401\">\n.flex_cell.av-8rhqep-0720208c5b6a94fee59d4d9398902401{\nvertical-align:top;\n}\n.responsive #top #wrap_all .flex_cell.av-8rhqep-0720208c5b6a94fee59d4d9398902401{\npadding:30px 200px 30px 10px !important;\n}\n<\/style>\n<div class='flex_cell av-8rhqep-0720208c5b6a94fee59d4d9398902401 av-gridrow-cell av_two_third no_margin  avia-builder-el-7  el_after_av_cell_one_third  avia-builder-el-last '  ><div class='flex_cell_inner'>\n<style type=\"text\/css\" data-created_by=\"avia_inline_auto\" id=\"style-css-av-lyfzi1uh-22f89fce86bfba865cc713b2b54ed941\">\n.avia-image-container.av-lyfzi1uh-22f89fce86bfba865cc713b2b54ed941 img.avia_image{\nbox-shadow:none;\n}\n.avia-image-container.av-lyfzi1uh-22f89fce86bfba865cc713b2b54ed941 .av-image-caption-overlay-center{\ncolor:#ffffff;\n}\n<\/style>\n<div  class='avia-image-container av-lyfzi1uh-22f89fce86bfba865cc713b2b54ed941 av-styling- avia-align-center  avia-builder-el-8  avia-builder-el-no-sibling  av-has-copyright av-copyright-always'   itemprop=\"image\" itemscope=\"itemscope\" itemtype=\"https:\/\/schema.org\/ImageObject\" ><div class=\"avia-image-container-inner\"><div class=\"avia-image-overlay-wrap\"><img fetchpriority=\"high\" class='wp-image-8701 avia-img-lazy-loading-not-8701 avia_image ' src='http:\/\/mixarts.org\/association\/wp-content\/uploads\/2026\/03\/SVINKELS-3-Banner.jpg' alt='' title='SVINKELS 3 Banner'  height=\"543\" width=\"1040\"  itemprop=\"thumbnailUrl\"  \/><\/div><small class=\"avia-copyright\">Nina Lahyene<\/small><\/div><\/div>\n<\/div><\/div><\/div><div id='av_section_1'  class='avia-section av-7sxb0x-2bad287711858e76650601bb575bfa58 main_color avia-section-default avia-no-border-styling  avia-builder-el-9  el_after_av_layout_row  avia-builder-el-last  avia-bg-style-scroll container_wrap fullsize'  ><div class='container av-section-cont-open' ><div class='template-page content  av-content-full alpha units'><div class='post-entry post-entry-type-page post-entry-8700'><div class='entry-content-wrapper clearfix'>\n\n<style type=\"text\/css\" data-created_by=\"avia_inline_auto\" id=\"style-css-av-5q0bz5-52583f263dabe68c8bdaa4edd349ece3\">\n#top .flex_column.av-5q0bz5-52583f263dabe68c8bdaa4edd349ece3{\nmargin-top:0px;\nmargin-bottom:0px;\n}\n.flex_column.av-5q0bz5-52583f263dabe68c8bdaa4edd349ece3{\nborder-radius:0px 0px 0px 0px;\npadding:3px 3px 3px 3px;\n}\n.responsive #top #wrap_all .flex_column.av-5q0bz5-52583f263dabe68c8bdaa4edd349ece3{\nmargin-top:0px;\nmargin-bottom:0px;\n}\n<\/style>\n<div  class='flex_column av-5q0bz5-52583f263dabe68c8bdaa4edd349ece3 av_one_third  avia-builder-el-10  el_before_av_two_fifth  avia-builder-el-first  first flex_column_div  '     ><p>\n<style type=\"text\/css\" data-created_by=\"avia_inline_auto\" id=\"style-css-av-mc4jcpr1-901619274189c3f5ecc6cce539c04ecc\">\n.avia-image-container.av-mc4jcpr1-901619274189c3f5ecc6cce539c04ecc img.avia_image{\nbox-shadow:none;\n}\n.avia-image-container.av-mc4jcpr1-901619274189c3f5ecc6cce539c04ecc .av-image-caption-overlay-center{\ncolor:#ffffff;\n}\n<\/style>\n<div  class='avia-image-container av-mc4jcpr1-901619274189c3f5ecc6cce539c04ecc av-styling- avia-align-center  avia-builder-el-11  el_before_av_video  avia-builder-el-first  av-has-copyright av-copyright-always'   itemprop=\"image\" itemscope=\"itemscope\" itemtype=\"https:\/\/schema.org\/ImageObject\" ><div class=\"avia-image-container-inner\"><div class=\"avia-image-overlay-wrap\"><img fetchpriority=\"high\" class='wp-image-8702 avia-img-lazy-loading-not-8702 avia_image ' src='http:\/\/mixarts.org\/association\/wp-content\/uploads\/2026\/03\/7662_SVINKELSFAMILYFRIENDS2026002creditphotoNinaLahyene.jpg' alt='' title='7662_SVINKELSFAMILYFRIENDS2026002creditphotoNinaLahyene'  height=\"1333\" width=\"2000\"  itemprop=\"thumbnailUrl\"  \/><\/div><small class=\"avia-copyright\">Nina Lahyene<\/small><\/div><\/div><br \/>\n<div  class='avia-video av-mcok57fv-1ccbfecf5ce37073a29b6f14fa25b03e avia-video-16-9 av-no-preview-image avia-video-load-always av-lazyload-immediate av-lazyload-video-embed'  itemprop=\"video\" itemtype=\"https:\/\/schema.org\/VideoObject\"  data-original_url='https:\/\/www.youtube.com\/watch?v=d30eeRnsaDU&list=RDd30eeRnsaDU&start_radio=1'><script type='text\/html' class='av-video-tmpl'><div class='avia-iframe-wrap'><iframe loading=\"lazy\" title=\"Svinkels - R\u00e9veille le punk (Clip Officiel)\" width=\"1333\" height=\"1000\" src=\"https:\/\/www.youtube.com\/embed\/d30eeRnsaDU?feature=oembed&autoplay=0&loop=0&controls=1&mute=0\" frameborder=\"0\" allow=\"accelerometer; autoplay; clipboard-write; encrypted-media; gyroscope; picture-in-picture; web-share\" referrerpolicy=\"strict-origin-when-cross-origin\" allowfullscreen><\/iframe><\/div><\/script><div class='av-click-to-play-overlay'><div class=\"avia_playpause_icon\"><\/div><\/div><\/div><br \/>\n<div  class='hr av-mk5niob5-00e8eb98e8225acad8410a958b49b9d5 hr-default  avia-builder-el-13  el_after_av_video  avia-builder-el-last '><span class='hr-inner '><span class=\"hr-inner-style\"><\/span><\/span><\/div><\/p><\/div>\n<style type=\"text\/css\" data-created_by=\"avia_inline_auto\" id=\"style-css-av-3hxqtt-8f26f5306e85e477eb28ccc8d3ce48c9\">\n#top .flex_column.av-3hxqtt-8f26f5306e85e477eb28ccc8d3ce48c9{\nmargin-top:0px;\nmargin-bottom:0px;\n}\n.flex_column.av-3hxqtt-8f26f5306e85e477eb28ccc8d3ce48c9{\nborder-radius:0px 0px 0px 0px;\npadding:0px 0px 0px 0px;\n}\n.responsive #top #wrap_all .flex_column.av-3hxqtt-8f26f5306e85e477eb28ccc8d3ce48c9{\nmargin-top:0px;\nmargin-bottom:0px;\n}\n<\/style>\n<div  class='flex_column av-3hxqtt-8f26f5306e85e477eb28ccc8d3ce48c9 av_two_fifth  avia-builder-el-14  el_after_av_one_third  el_before_av_one_fourth  flex_column_div av-zero-column-padding  '     ><style type=\"text\/css\" data-created_by=\"avia_inline_auto\" id=\"style-css-av-lyg081mj-eb359d4b0d8b9c6485aca82ad82f7aee\">\n#top .av_textblock_section.av-lyg081mj-eb359d4b0d8b9c6485aca82ad82f7aee .avia_textblock{\ncolor:#000000;\n}\n<\/style>\n<section  class='av_textblock_section av-lyg081mj-eb359d4b0d8b9c6485aca82ad82f7aee '   itemscope=\"itemscope\" itemtype=\"https:\/\/schema.org\/BlogPosting\" itemprop=\"blogPost\" ><div class='avia_textblock av_inherit_color'  itemprop=\"text\" ><h4>Apr\u00e8s la tourn\u00e9e Un Dernier Pour La Route, marqu\u00e9e par l\u2019hommage vibrant \u00e0 Nikus Pokus, le trio l\u00e9gendaire du hip hop de comptoir repart sur les routes pour un \u201cTour d\u2019Honneur\u201d.<\/h4>\n<\/div><\/section><br \/>\n<section  class='av_textblock_section av-lyg069x5-cd96629eb1a51d8d530fafdac6b4f732 '   itemscope=\"itemscope\" itemtype=\"https:\/\/schema.org\/BlogPosting\" itemprop=\"blogPost\" ><div class='avia_textblock av_inherit_color'  itemprop=\"text\" ><p>\u00c0 partir de mai 2026, <strong>G\u00e9rard Baste, Mr Xavier et DJ Pone<\/strong> retrouveront leur public d\u00e9vou\u00e9 pour une s\u00e9rie de dates exceptionnelles, accompagn\u00e9s de ses &#8220;Family &amp; Friends&#8221;, les invit\u00e9s d&#8217;\u00e9lite formant la garde rapproch\u00e9e de nos Bistrot Boys.<\/p>\n<p>Fid\u00e8les \u00e0 leur r\u00e9putation, ils promettent des shows d\u00e9complex\u00e9s, explosifs et g\u00e9n\u00e9reux &#8211; bref, du pur <strong>Svinkels<\/strong> : un m\u00e9lange unique de rap et de punk, taill\u00e9 pour la sc\u00e8ne et balanc\u00e9 avec le sourire dans un seul but : faire la teuf !<\/p>\n<\/div><\/section><\/p><\/div>\n<style type=\"text\/css\" data-created_by=\"avia_inline_auto\" id=\"style-css-av-2xfd1d-0357dc2396a341a2961df1b9eadde8e3\">\n#top .flex_column.av-2xfd1d-0357dc2396a341a2961df1b9eadde8e3{\nmargin-top:0px;\nmargin-bottom:0px;\n}\n.flex_column.av-2xfd1d-0357dc2396a341a2961df1b9eadde8e3{\nborder-radius:0px 0px 0px 0px;\npadding:0px 0px 0px 0px;\n}\n.responsive #top #wrap_all .flex_column.av-2xfd1d-0357dc2396a341a2961df1b9eadde8e3{\nmargin-top:0px;\nmargin-bottom:0px;\n}\n<\/style>\n<div  class='flex_column av-2xfd1d-0357dc2396a341a2961df1b9eadde8e3 av_one_fourth  avia-builder-el-17  el_after_av_two_fifth  el_before_av_one_third  flex_column_div av-zero-column-padding  '     ><style type=\"text\/css\" data-created_by=\"avia_inline_auto\" id=\"style-css-av-lyg0bi7s-dce2b3cfc36feecd4c477ce2211fd241\">\n#top .av_textblock_section.av-lyg0bi7s-dce2b3cfc36feecd4c477ce2211fd241 .avia_textblock{\ncolor:#5a9361;\n}\n<\/style>\n<section  class='av_textblock_section av-lyg0bi7s-dce2b3cfc36feecd4c477ce2211fd241 '   itemscope=\"itemscope\" itemtype=\"https:\/\/schema.org\/BlogPosting\" itemprop=\"blogPost\" ><div class='avia_textblock av_inherit_color'  itemprop=\"text\" ><h3 style=\"text-align: right;\">INFOS PRATIQUES<\/h3>\n<\/div><\/section><br \/>\n\n<style type=\"text\/css\" data-created_by=\"avia_inline_auto\" id=\"style-css-av-lyg0b1p6-fb19c4810079659cc4d7a803c7ce305f\">\n#top .av_textblock_section.av-lyg0b1p6-fb19c4810079659cc4d7a803c7ce305f .avia_textblock{\ncolor:#000000;\n}\n<\/style>\n<section  class='av_textblock_section av-lyg0b1p6-fb19c4810079659cc4d7a803c7ce305f '   itemscope=\"itemscope\" itemtype=\"https:\/\/schema.org\/BlogPosting\" itemprop=\"blogPost\" ><div class='avia_textblock av_inherit_color'  itemprop=\"text\" ><p style=\"text-align: right;\"><strong>CONCERT<\/strong><\/p>\n<p style=\"text-align: right;\" align=\"right\"><strong>Pr\u00e9ventes \u2192 de 24\u20ac \u00e0 26\u20ac<\/strong><b><br \/>\n<\/b><\/p>\n<p align=\"right\"><strong>Sur place \u2192 de 26\u20ac \u00e0 28\u20ac\u00a0<\/strong><\/p>\n<p style=\"text-align: right;\" align=\"right\"><strong>Buvette sur place<\/strong><\/p>\n<p style=\"text-align: right;\" align=\"right\"><strong>Ouverture des portes \u2192 20:00<\/strong><b><br \/>\n<strong>\u00a0D\u00e9but du concert \u2192 20:30<\/strong><\/b><\/p>\n<p style=\"text-align: right;\" align=\"right\"><strong>L&#8217;Ilyade<\/strong><br \/>\n<span class=\"x193iq5w\"><i>32 rue de la Fauconni\u00e8re<\/i><\/span><i><br \/>\n<span class=\"x193iq5w\">38170 Seyssinet-Pariset<\/span><\/i><\/p>\n<\/div><\/section><br \/>\n<div  class='avia-button-wrap av-mlay49t7-6182b13b2c1d4cd201a266ff66d7d2ec-wrap avia-button-right  avia-builder-el-20  el_after_av_textblock  avia-builder-el-last '>\n<style type=\"text\/css\" data-created_by=\"avia_inline_auto\" id=\"style-css-av-mlay49t7-6182b13b2c1d4cd201a266ff66d7d2ec\">\n#top #wrap_all .avia-button.av-mlay49t7-6182b13b2c1d4cd201a266ff66d7d2ec{\nfont-size:17px;\nbackground-color:#5a9361;\nborder-color:#5a9361;\ncolor:#ffffff;\ntransition:all 0.4s ease-in-out;\n}\n<\/style>\n<a href='https:\/\/www.billetweb.fr\/les-svinkels-deadi-concert' class='avia-button av-mlay49t7-6182b13b2c1d4cd201a266ff66d7d2ec av-link-btn avia-icon_select-no avia-size-large avia-position-right' target=\"_blank\" rel=\"noopener noreferrer\"><span class='avia_iconbox_title' >Billetterie<\/span><\/a><\/div><\/p><\/div><div  class='flex_column av-4l9okq-7d8b66b485ba0336ecfbce8d3047deed av_one_third  avia-builder-el-21  el_after_av_one_fourth  el_before_av_two_fifth  first flex_column_div  column-top-margin'     ><p>\n<style type=\"text\/css\" data-created_by=\"avia_inline_auto\" id=\"style-css-av-mk5mbvlp-33e9db5eee396efe4b4f5ac6facbf1fa\">\n.avia-image-container.av-mk5mbvlp-33e9db5eee396efe4b4f5ac6facbf1fa img.avia_image{\nbox-shadow:none;\n}\n.avia-image-container.av-mk5mbvlp-33e9db5eee396efe4b4f5ac6facbf1fa .av-image-caption-overlay-center{\ncolor:#ffffff;\n}\n<\/style>\n<div  class='avia-image-container av-mk5mbvlp-33e9db5eee396efe4b4f5ac6facbf1fa av-styling- avia-align-center  avia-builder-el-22  el_before_av_video  avia-builder-el-first '   itemprop=\"image\" itemscope=\"itemscope\" itemtype=\"https:\/\/schema.org\/ImageObject\" ><div class=\"avia-image-container-inner\"><div class=\"avia-image-overlay-wrap\"><img fetchpriority=\"high\" class='wp-image-8703 avia-img-lazy-loading-not-8703 avia_image ' src='http:\/\/mixarts.org\/association\/wp-content\/uploads\/2026\/03\/IMG-20260304-WA0018.jpg' alt='' title='IMG-20260304-WA0018'  height=\"1016\" width=\"1220\"  itemprop=\"thumbnailUrl\"  \/><\/div><\/div><\/div><br \/>\n<div  class='avia-video av-mk5mh4vj-5fe7acfe2f486f27514cfbc05e1fa796 avia-video-16-9 av-no-preview-image avia-video-load-always av-lazyload-immediate av-lazyload-video-embed'  itemprop=\"video\" itemtype=\"https:\/\/schema.org\/VideoObject\"  data-original_url='https:\/\/www.youtube.com\/watch?v=vQx_0ljHCwk'><script type='text\/html' class='av-video-tmpl'><div class='avia-iframe-wrap'><iframe loading=\"lazy\" title=\"DEADI - MES POTES (ft. San Nom)\" width=\"1500\" height=\"844\" src=\"https:\/\/www.youtube.com\/embed\/vQx_0ljHCwk?feature=oembed&autoplay=0&loop=0&controls=1&mute=0\" frameborder=\"0\" allow=\"accelerometer; autoplay; clipboard-write; encrypted-media; gyroscope; picture-in-picture; web-share\" referrerpolicy=\"strict-origin-when-cross-origin\" allowfullscreen><\/iframe><\/div><\/script><div class='av-click-to-play-overlay'><div class=\"avia_playpause_icon\"><\/div><\/div><\/div><\/p><\/div><div  class='flex_column av-25ggka-93e3427ae33ca9f09db73fd8ed67a2c7 av_two_fifth  avia-builder-el-24  el_after_av_one_third  avia-builder-el-last  flex_column_div  column-top-margin'     ><section  class='av_textblock_section av-mk5n8o33-a553a3323835455a0e45290392ac8702 '   itemscope=\"itemscope\" itemtype=\"https:\/\/schema.org\/BlogPosting\" itemprop=\"blogPost\" ><div class='avia_textblock'  itemprop=\"text\" ><h4>Pasionn\u00e9 par la culture Hip-Hop depuis son plus jeune \u00e2ge, Deadi s&#8217;est vite orient\u00e9 vers l&#8217;\u00e9criture. Il s&#8217;est mis \u00e0 publier des freestyles sur les r\u00e9seaux sociaux dont le fameux &#8220;Freestyle FDP&#8221; qui l&#8217;a r\u00e9v\u00e9l\u00e9 au public.<\/h4>\n<div dir=\"auto\"><\/div>\n<div dir=\"auto\">Le rappeur <strong>Deadi<\/strong> sera l\u00e0 pour ouvrir le bal, avec un nouveau projet taill\u00e9 et d\u00e9coup\u00e9 pour la sc\u00e8ne !<br \/>\nDepuis son <em><strong>\u00ab Freestyle FDP \u00bb<\/strong><\/em>, Deadi a beaucoup \u00e9volu\u00e9 depuis, avec la sortie de nombreux projets, comme <em><strong>\u00ab Tout Va \u00bb<\/strong><\/em> ou <em><strong>\u00ab Autrement \u00bb<\/strong><\/em>. Son dernier projet <em><strong>\u00ab Enfin \u00bb<\/strong><\/em> est celui qui ressemble le plus \u00e0 l\u2019artiste, le ramenant \u00e0 ce qu\u2019il aime vraiment dans la musique. Avec des invit\u00e9s comme <strong>Weedy d&#8217;Expression Direkt, l\u2019uZine<\/strong> ou encore<strong> San Nom.<\/strong><\/div>\n<div><\/div>\n<\/div><\/section><\/div><\/p>\n","protected":false},"excerpt":{"rendered":"","protected":false},"author":1,"featured_media":8704,"comment_status":"closed","ping_status":"open","sticky":false,"template":"","format":"standard","meta":{"_monsterinsights_skip_tracking":false,"_monsterinsights_sitenote_active":false,"_monsterinsights_sitenote_note":"","_monsterinsights_sitenote_category":0,"footnotes":""},"categories":[12],"tags":[],"class_list":["post-8700","post","type-post","status-publish","format-standard","has-post-thumbnail","hentry","category-concert"],"aioseo_notices":[],"_links":{"self":[{"href":"http:\/\/mixarts.org\/association\/wp-json\/wp\/v2\/posts\/8700","targetHints":{"allow":["GET"]}}],"collection":[{"href":"http:\/\/mixarts.org\/association\/wp-json\/wp\/v2\/posts"}],"about":[{"href":"http:\/\/mixarts.org\/association\/wp-json\/wp\/v2\/types\/post"}],"author":[{"embeddable":true,"href":"http:\/\/mixarts.org\/association\/wp-json\/wp\/v2\/users\/1"}],"replies":[{"embeddable":true,"href":"http:\/\/mixarts.org\/association\/wp-json\/wp\/v2\/comments?post=8700"}],"version-history":[{"count":7,"href":"http:\/\/mixarts.org\/association\/wp-json\/wp\/v2\/posts\/8700\/revisions"}],"predecessor-version":[{"id":8713,"href":"http:\/\/mixarts.org\/association\/wp-json\/wp\/v2\/posts\/8700\/revisions\/8713"}],"wp:featuredmedia":[{"embeddable":true,"href":"http:\/\/mixarts.org\/association\/wp-json\/wp\/v2\/media\/8704"}],"wp:attachment":[{"href":"http:\/\/mixarts.org\/association\/wp-json\/wp\/v2\/media?parent=8700"}],"wp:term":[{"taxonomy":"category","embeddable":true,"href":"http:\/\/mixarts.org\/association\/wp-json\/wp\/v2\/categories?post=8700"},{"taxonomy":"post_tag","embeddable":true,"href":"http:\/\/mixarts.org\/association\/wp-json\/wp\/v2\/tags?post=8700"}],"curies":[{"name":"wp","href":"https:\/\/api.w.org\/{rel}","templated":true}]}}