{"id":307,"date":"2015-05-08T09:53:42","date_gmt":"2015-05-08T08:53:42","guid":{"rendered":"http:\/\/mixarts.org\/association\/?p=307"},"modified":"2023-06-08T10:50:54","modified_gmt":"2023-06-08T09:50:54","slug":"vendredi-8-mai-lamperage","status":"publish","type":"post","link":"https:\/\/mixarts.org\/association\/2015\/vendredi-8-mai-lamperage\/","title":{"rendered":"Vendredi 8 mai &#8211; L&#8217;Amp\u00e9rage"},"content":{"rendered":"<h1><span style=\"color: #008000;\">Salut Les Anges + Rilo Josa<\/span><\/h1>\n<h3><strong>Concert Rock &#8211; Rock Electro<\/strong><\/h3>\n<p>Salle de l&#8217;Amp\u00e9rage &#8211; Vendredi 8 mai 2015<\/p>\n<p>Billetterie en ligne <a href=\"https:\/\/yurplan.com\/event\/RELEASE-PARTY-SALUT-LES-ANGES-RILOJOSA\/4464\u00a0\">ici<\/a>\u00a0.<\/p>\n<p>Spi et Motch , les deux piliers d\u2019 OTH, l\u2019un des plus fabuleux groupe qu\u2019ait connu le rock\u2019n\u2019roll en France, poursuivent leur nouvelle aventure avec <strong>SALUT LES ANGES<\/strong> et la sortie de leur deuxi\u00e8me album.<\/p>\n<p><strong>&gt;&gt;&gt; <a href=\"https:\/\/www.facebook.com\/salut.lesanges?fref=ts\">SALUT LES ANGES<\/a><\/strong><\/p>\n<p style=\"text-align: justify;\">Salut Les Anges, dont le nom court \u00e0 rebrousse poil de toute mode, ne plaira pas aux enfants sages, la r\u00e9bellion gronde, la d\u00e9sob\u00e9issance et un vent de libert\u00e9 soufflent, les femmes se donnent aux loups garous !\u00a0Le ton est donn\u00e9, mais parfois nuanc\u00e9 par un optimisme en demi-teinte qui \u00e9tait absent jusqu&#8217;alors dans OTH.\u00a0Le r\u00e9f\u00e9rendum des lecteurs de Rock\u2019n\u2019 folk les a propuls\u00e9 \u00e0 la troisi\u00e8me place dans la cat\u00e9gorie \u00ab Groupe Fran\u00e7ais \u00bb et \u00e0 la deuxi\u00e8me place dans la cat\u00e9gorie \u00ab Album Fran\u00e7ais \u00bb, une belle r\u00e9compense enti\u00e8rement m\u00e9rit\u00e9e !<\/p>\n<div class='avia-iframe-wrap'><iframe loading=\"lazy\" title=\"* SALUT LES ANGES *  &quot;L HOMME ENFANT&quot;\" width=\"1500\" height=\"844\" src=\"https:\/\/www.youtube.com\/embed\/AbA29M6LvD0?feature=oembed\" frameborder=\"0\" allow=\"accelerometer; autoplay; encrypted-media; gyroscope; picture-in-picture\" allowfullscreen><\/iframe><\/div>\n<p><strong>&gt;&gt;&gt; <a href=\"https:\/\/www.facebook.com\/rilojosaofficiel?fref=ts\">RILO JOSA<\/a><\/strong><\/p>\n<p style=\"text-align: justify;\">Le groupe Rilo Josa de l&#8217;association Mix&#8217;Arts pr\u00e9sente son nouvel album et son nouveau line-up en premi\u00e8re partie de soir\u00e9e !<br \/>\nLe cas barr\u00e9 concert des <strong>RILO JOSA<\/strong> chevauche une monture qui emprunte au rock son \u00e9nergie, aux synth\u00e9tiseurs leur \u00e9poque de gloire, \u00e0 l\u2019\u00e9lectro sa bo\u00eete \u00e0 rythme. La po\u00e9sie quant \u00e0 elle, flirte en ironie avec son \u00e9poque qui la malm\u00e8ne.<\/p>\n<div class='avia-iframe-wrap'><iframe loading=\"lazy\" title=\"RiLo JoSa (Rilodjo\u00a7a) : Aime-moi\" width=\"1500\" height=\"844\" src=\"https:\/\/www.youtube.com\/embed\/SSlBwg4-uLA?feature=oembed\" frameborder=\"0\" allow=\"accelerometer; autoplay; encrypted-media; gyroscope; picture-in-picture\" allowfullscreen><\/iframe><\/div>\n","protected":false},"excerpt":{"rendered":"<p>Salut Les Anges + Rilo Josa Concert Rock &#8211; Rock Electro Salle de l&#8217;Amp\u00e9rage &#8211; Vendredi 8 mai 2015 Billetterie en ligne ici\u00a0. Spi et Motch , les deux piliers d\u2019 OTH, l\u2019un des plus fabuleux groupe qu\u2019ait connu le rock\u2019n\u2019roll en France, poursuivent leur nouvelle aventure avec SALUT LES ANGES et la sortie de [&hellip;]<\/p>\n","protected":false},"author":1,"featured_media":309,"comment_status":"open","ping_status":"open","sticky":false,"template":"","format":"standard","meta":{"_monsterinsights_skip_tracking":false,"_monsterinsights_sitenote_active":false,"_monsterinsights_sitenote_note":"","_monsterinsights_sitenote_category":0,"footnotes":""},"categories":[38],"tags":[17,5],"class_list":["post-307","post","type-post","status-publish","format-standard","has-post-thumbnail","hentry","category-38","tag-concert-passe","tag-event"],"aioseo_notices":[],"_links":{"self":[{"href":"https:\/\/mixarts.org\/association\/wp-json\/wp\/v2\/posts\/307","targetHints":{"allow":["GET"]}}],"collection":[{"href":"https:\/\/mixarts.org\/association\/wp-json\/wp\/v2\/posts"}],"about":[{"href":"https:\/\/mixarts.org\/association\/wp-json\/wp\/v2\/types\/post"}],"author":[{"embeddable":true,"href":"https:\/\/mixarts.org\/association\/wp-json\/wp\/v2\/users\/1"}],"replies":[{"embeddable":true,"href":"https:\/\/mixarts.org\/association\/wp-json\/wp\/v2\/comments?post=307"}],"version-history":[{"count":3,"href":"https:\/\/mixarts.org\/association\/wp-json\/wp\/v2\/posts\/307\/revisions"}],"predecessor-version":[{"id":312,"href":"https:\/\/mixarts.org\/association\/wp-json\/wp\/v2\/posts\/307\/revisions\/312"}],"wp:featuredmedia":[{"embeddable":true,"href":"https:\/\/mixarts.org\/association\/wp-json\/wp\/v2\/media\/309"}],"wp:attachment":[{"href":"https:\/\/mixarts.org\/association\/wp-json\/wp\/v2\/media?parent=307"}],"wp:term":[{"taxonomy":"category","embeddable":true,"href":"https:\/\/mixarts.org\/association\/wp-json\/wp\/v2\/categories?post=307"},{"taxonomy":"post_tag","embeddable":true,"href":"https:\/\/mixarts.org\/association\/wp-json\/wp\/v2\/tags?post=307"}],"curies":[{"name":"wp","href":"https:\/\/api.w.org\/{rel}","templated":true}]}}