{"id":4482,"date":"2023-05-26T08:00:41","date_gmt":"2023-05-26T07:00:41","guid":{"rendered":"https:\/\/mixarts.org\/association\/?p=4482"},"modified":"2023-06-08T09:59:24","modified_gmt":"2023-06-08T08:59:24","slug":"du-26-au-29-05-festival-bien-lbourgeon-6","status":"publish","type":"post","link":"https:\/\/mixarts.org\/association\/2023\/du-26-au-29-05-festival-bien-lbourgeon-6\/","title":{"rendered":"Du 26 au 29\/05 &#8211; FESTIVAL BIEN L&#8217;BOURGEON #6"},"content":{"rendered":"[av_one_full first min_height='' vertical_alignment='av-align-top' space='' row_boxshadow_color='' row_boxshadow_width='10' margin='0px' margin_sync='true' mobile_breaking='' border='' border_color='' radius='0px' radius_sync='true' padding='0px' padding_sync='true' column_boxshadow_color='' column_boxshadow_width='10' background='bg_color' background_color='' background_gradient_color1='' background_gradient_color2='' background_gradient_direction='vertical' src='' attachment='' attachment_size='' background_position='top left' background_repeat='no-repeat' highlight_size='1.1' animation='' link='' linktarget='' link_hover='' title_attr='' alt_attr='' mobile_display='' id='' custom_class='' template_class='' aria_label='' av_uid='av-65hqv5' sc_version='1.0']\r\n[av_image src='http:\/\/mixarts.org\/association\/wp-content\/uploads\/2023\/05\/Banniere-couv-event-annule_1-1024x537.jpg' attachment='4964' attachment_size='large' copyright='' caption='' styling='' align='center' font_size='' overlay_opacity='0.4' overlay_color='#000000' overlay_text_color='#ffffff' animation='no-animation' hover='' appearance='' link='' target='' title_attr='' alt_attr='' lazy_loading='disabled' id='' custom_class='' template_class='' av_element_hidden_in_editor='0' av_uid='av-kwp7p9u1' sc_version='1.0' admin_preview_bg=''][\/av_image]\r\n[\/av_one_full]\r\n\r\n[av_layout_row border='' min_height_percent='' min_height_pc='25' min_height='0' color='main_color' mobile='av-flex-cells' mobile_breaking='' av-desktop-hide='' av-medium-hide='' av-small-hide='' av-mini-hide='' id='' custom_class='' template_class='' aria_label='' av_element_hidden_in_editor='0' av_uid='av-16w05op' sc_version='1.0']\r\n[av_cell_two_fifth vertical_align='top' padding='30px,30px,30px,120px' background='bg_color' background_color='' background_gradient_color1='' background_gradient_color2='' background_gradient_direction='vertical' src='' attachment='' attachment_size='' background_attachment='scroll' background_position='top left' background_repeat='no-repeat' link='' linktarget='' link_hover='' mobile_display='' custom_class='' template_class='' av_uid='av-lcrrf1yv' sc_version='1.0']\r\n\r\n[av_heading heading='FESTIVAL BIEN L\u2019BOURGEON #6 -ANNULE' tag='h1' style='blockquote elegant-quote elegant-centered' subheading_active='subheading_below' show_icon='' icon='ue800' font='entypo-fontello' size='' av-medium-font-size-title='' av-small-font-size-title='' av-mini-font-size-title='' subheading_size='' av-medium-font-size='' av-small-font-size='' av-mini-font-size='' icon_size='' av-medium-font-size-1='' av-small-font-size-1='' av-mini-font-size-1='' color='custom-color-heading' custom_font='#ffb900' icon_color='' margin='' margin_sync='true' padding='10' icon_padding='10' link='' link_target='' id='' custom_class='' template_class='' av_uid='av-l1by9zfe' sc_version='1.0' admin_preview_bg='']\r\n\u00c9cofeminisme\r\n[\/av_heading]\r\n\r\n[av_textblock size='' av-medium-font-size='' av-small-font-size='' av-mini-font-size='' font_color='' color='' id='' custom_class='' template_class='' av_uid='av-l1bycv1s' sc_version='1.0' admin_preview_bg='']\r\n<div class=\"x11i5rnm xat24cr x1mh8g0r x1vvkbs xtlvy1s\"><span style=\"font-weight: 400;\">C\u2019est avec une grande d\u00e9ception et amertume que l\u2019\u00e9quipe de Mix\u2019Arts vous annonce l\u2019annulation du festival Bien l\u2019Bourgeon 2023 qui devait avoir lieu les 26, 27 et 28 mai prochains \u00e0 Saint-Geoire-en-Valdaine (38). En effet, le niveau des pr\u00e9ventes ne nous permet pas d\u2019aborder cette 6\u00e8me \u00e9dition sereinement et laisse planer trop d'incertitudes de remplissage qui pourraient mettre en p\u00e9ril le festival mais \u00e9galement notre association et la dizaine de salari\u00e9\u00b7es qui la font vivre au quotidien.<\/span><\/div>\r\n<div>.<\/div>\r\n<div>Faute de pouvoir se retrouver pour plusieurs jours, on vous propose de se r\u00e9unir le temps d'une soir\u00e9e, autour du travail de deux artistes que vous avez tr\u00e8s probablement autant envie de voir que nous : MERYL, avec en premi\u00e8re partie SARA HEBE !<\/div>\r\n<div>.\r\nLa journ\u00e9e du lundi 29 mai au ch\u00e2teau de Longpra est maintenue !<\/div>\r\n[\/av_textblock]\r\n\r\n[av_textblock size='' av-medium-font-size='' av-small-font-size='' av-mini-font-size='' font_color='' color='' id='' custom_class='' template_class='' av_uid='av-lcrr8a6q' sc_version='1.0' admin_preview_bg='']\r\n<blockquote>\r\n<div class=\"x11i5rnm xat24cr x1mh8g0r x1vvkbs xtlvy1s\">Rendez-vous le 28 mai 2023 pour la soir\u00e9e de soutien au festival Bien l'Bourgeon, puis le lundi 29 mai pour une journ\u00e9e au ch\u00e2teau de Longpra !<\/div><\/blockquote>\r\n[\/av_textblock]\r\n\r\n[av_buttonrow alignment='center' button_spacing='5' button_spacing_unit='px' alb_description='' id='' custom_class='' template_class='' av_uid='av-l1by64a1' sc_version='1.0' admin_preview_bg='']\r\n[av_buttonrow_item label='\u00c9v\u00e9nement Facebook' icon_select='yes' icon='ue8f4' font='entypo-fontello' link='manually,https:\/\/www.facebook.com\/events\/1029236387795191' link_target='_blank' size='large' label_display='' title_attr='' color_options='color_options_advanced' color='theme-color' custom_bg='#444444' custom_font='#ffffff' btn_color_bg='custom' btn_custom_bg='#006d56' btn_color_bg_hover='theme-color-highlight' btn_custom_bg_hover='#444444' btn_color_font='theme-color' btn_custom_font='#ffffff' av_uid='av-l1by3sgk' sc_version='1.0' icon_hover='']\r\n[av_buttonrow_item label='Billetterie' icon_select='yes' icon='ue827' font='entypo-fontello' link='manually,https:\/\/www.billetweb.fr\/soiree-de-soutien-festival-bien-lbourgeon' link_target='_blank' size='large' label_display='' title_attr='' color_options='color_options_advanced' color='theme-color' custom_bg='#444444' custom_font='#ffffff' btn_color_bg='custom' btn_custom_bg='#ffb900' btn_color_bg_hover='theme-color-highlight' btn_custom_bg_hover='#444444' btn_color_font='theme-color' btn_custom_font='#ffffff' av_uid='av-l1by3sgk-5' sc_version='1.0']\r\n[av_buttonrow_item label='Page Facebook' icon_select='yes' icon='ue8f4' font='entypo-fontello' link='manually,https:\/\/www.facebook.com\/festivalbienlbourgeon' link_target='_blank' size='large' label_display='' title_attr='' color_options='color_options_advanced' color='theme-color' custom_bg='#444444' custom_font='#ffffff' btn_color_bg='custom' btn_custom_bg='#006d56' btn_color_bg_hover='theme-color-highlight' btn_custom_bg_hover='#444444' btn_color_font='theme-color' btn_custom_font='#ffffff' av_uid='av-l1by3sgk-4' sc_version='1.0' icon_hover='']\r\n[av_buttonrow_item label='Devenir b\u00e9n\u00e9vole' icon_select='yes' icon='ue80b' font='entypo-fontello' link='manually,https:\/\/framaforms.org\/formulaire-benevoles-bien-lbourgeon-edition-2023-1676382058' link_target='_blank' size='large' label_display='' title_attr='' color_options='color_options_advanced' color='theme-color' custom_bg='#444444' custom_font='#ffffff' btn_color_bg='custom' btn_custom_bg='#ffb900' btn_color_bg_hover='theme-color-highlight' btn_custom_bg_hover='#444444' btn_color_font='theme-color' btn_custom_font='#ffffff' av_uid='av-l1by3sgk-3' sc_version='1.0' icon_hover='']\r\n[\/av_buttonrow]\r\n\r\n[\/av_cell_two_fifth][av_cell_three_fifth vertical_align='top' padding='30px,120px,30px,30px' background='bg_color' background_color='' background_gradient_color1='' background_gradient_color2='' background_gradient_direction='vertical' src='' attachment='' attachment_size='' background_attachment='scroll' background_position='top left' background_repeat='no-repeat' link='' linktarget='' link_hover='' mobile_display='' custom_class='' template_class='' av_uid='av-lcrrfcvi' sc_version='1.0']\r\n\r\n[av_image src='http:\/\/mixarts.org\/association\/wp-content\/uploads\/2023\/05\/CP-Annulation-724x1024.jpg' attachment='4965' attachment_size='large' copyright='' caption='' styling='' align='center' font_size='' overlay_opacity='0.4' overlay_color='#000000' overlay_text_color='#ffffff' animation='no-animation' hover='' appearance='' link='' target='' title_attr='' alt_attr='' lazy_loading='disabled' id='' custom_class='' template_class='' av_element_hidden_in_editor='0' av_uid='av-lhuf2ljd' sc_version='1.0' admin_preview_bg=''][\/av_image]\r\n\r\n[\/av_cell_three_fifth]\r\n[\/av_layout_row]\r\n\r\n[av_layout_row border='' min_height_percent='' min_height_pc='25' min_height='0' color='main_color' mobile='av-flex-cells' mobile_breaking='' id='' custom_class='' template_class='' aria_label='' av_element_hidden_in_editor='0' av_uid='av-145rf5l' sc_version='1.0']\r\n[av_cell_one_third av_uid='av-3vrlpl']\r\n\r\n[av_image src='http:\/\/mixarts.org\/association\/wp-content\/uploads\/2023\/05\/CARRE-INSTA_meryl_sarahebe_petit.jpg' attachment='4967' attachment_size='full' copyright='' caption='' styling='' align='center' font_size='' overlay_opacity='0.4' overlay_color='#000000' overlay_text_color='#ffffff' animation='no-animation' hover='' appearance='' link='' target='' title_attr='' alt_attr='' lazy_loading='disabled' id='' custom_class='' template_class='' av_element_hidden_in_editor='0' av_uid='av-lcrt5002' sc_version='1.0' admin_preview_bg=''][\/av_image]\r\n\r\n[\/av_cell_one_third][av_cell_one_third av_uid='av-11cfnpl']\r\n\r\n[av_image src='http:\/\/mixarts.org\/association\/wp-content\/uploads\/2023\/05\/CARRE-INSTA-affiche-BLB-chateau-scaled.jpg' attachment='4968' attachment_size='full' copyright='' caption='' styling='' align='center' font_size='' overlay_opacity='0.4' overlay_color='#000000' overlay_text_color='#ffffff' animation='no-animation' hover='' appearance='' link='' target='' title_attr='' alt_attr='' lazy_loading='disabled' id='' custom_class='' template_class='' av_element_hidden_in_editor='0' av_uid='av-lhuf4frb' sc_version='1.0' admin_preview_bg=''][\/av_image]\r\n\r\n[\/av_cell_one_third][av_cell_one_third av_uid='av-ze2nft']\r\n\r\n[av_image src='http:\/\/mixarts.org\/association\/wp-content\/uploads\/2023\/05\/remboursement-report-scaled.jpg' attachment='4966' attachment_size='full' copyright='' caption='' styling='' align='center' font_size='' overlay_opacity='0.4' overlay_color='#000000' overlay_text_color='#ffffff' animation='no-animation' hover='' appearance='' link='' target='' title_attr='' alt_attr='' lazy_loading='disabled' id='' custom_class='' template_class='' av_element_hidden_in_editor='0' av_uid='av-lcrt638q' sc_version='1.0' admin_preview_bg=''][\/av_image]\r\n\r\n[\/av_cell_one_third]\r\n[\/av_layout_row]\r\n\r\n[av_layout_row border='' min_height_percent='' min_height_pc='25' min_height='0' color='main_color' mobile='av-flex-cells' mobile_breaking='' id='' custom_class='' template_class='' aria_label='' av_element_hidden_in_editor='0' av_uid='av-7tuwy1' sc_version='1.0']\r\n[av_cell_one_third av_uid='av-5lgr4p']\r\n\r\n[av_image src='http:\/\/mixarts.org\/association\/wp-content\/uploads\/2023\/01\/Annonce-thematique-prog2.jpg' attachment='4607' attachment_size='full' copyright='' caption='' styling='' align='center' font_size='' overlay_opacity='0.4' overlay_color='#000000' overlay_text_color='#ffffff' animation='no-animation' hover='' appearance='' link='' target='' title_attr='' alt_attr='' lazy_loading='disabled' id='' custom_class='' template_class='' av_element_hidden_in_editor='0' av_uid='av-lcrt5ra0' sc_version='1.0' admin_preview_bg=''][\/av_image]\r\n\r\n[\/av_cell_one_third][av_cell_one_third av_uid='av-3s356x']\r\n\r\n[av_image src='http:\/\/mixarts.org\/association\/wp-content\/uploads\/2023\/04\/Prix-libre1-scaled.jpg' attachment='4950' attachment_size='full' copyright='' caption='' styling='' align='center' font_size='' overlay_opacity='0.4' overlay_color='#000000' overlay_text_color='#ffffff' animation='no-animation' hover='' appearance='' link='' target='' title_attr='' alt_attr='' lazy_loading='disabled' id='' custom_class='' template_class='' av_element_hidden_in_editor='0' av_uid='av-lgnvfxwu' sc_version='1.0' admin_preview_bg=''][\/av_image]\r\n\r\n[\/av_cell_one_third][av_cell_one_third av_uid='av-2vry6x']\r\n\r\n[av_image src='http:\/\/mixarts.org\/association\/wp-content\/uploads\/2023\/04\/Prix-libre2-scaled.jpg' attachment='4951' attachment_size='full' copyright='' caption='' styling='' align='center' font_size='' overlay_opacity='0.4' overlay_color='#000000' overlay_text_color='#ffffff' animation='no-animation' hover='' appearance='' link='' target='' title_attr='' alt_attr='' lazy_loading='disabled' id='' custom_class='' template_class='' av_element_hidden_in_editor='0' av_uid='av-lgnvfcc1' sc_version='1.0' admin_preview_bg=''][\/av_image]\r\n\r\n[\/av_cell_one_third]\r\n[\/av_layout_row]\r\n\r\n[av_heading heading='D\u00c9COUVREZ LE PROGRAMME*' tag='h1' style='blockquote elegant-quote elegant-centered' subheading_active='subheading_below' show_icon='' icon='ue800' font='entypo-fontello' size='' av-medium-font-size-title='' av-small-font-size-title='' av-mini-font-size-title='' subheading_size='' av-medium-font-size='' av-small-font-size='' av-mini-font-size='' icon_size='' av-medium-font-size-1='' av-small-font-size-1='' av-mini-font-size-1='' color='custom-color-heading' custom_font='#ffb900' icon_color='' margin='80,,,' padding='0' icon_padding='10' link='' link_target='' id='' custom_class='' template_class='' av_uid='av-lcrtjr8k' sc_version='1.0' admin_preview_bg='']\r\n*sous r\u00e9serve de modifications\r\n[\/av_heading]\r\n\r\n[av_layout_row border='' min_height_percent='' min_height_pc='25' min_height='0' color='main_color' mobile='av-flex-cells' mobile_breaking='' id='' custom_class='' template_class='' aria_label='' av_element_hidden_in_editor='0' av_uid='av-y9365l' sc_version='1.0']\r\n\r\n[av_cell_one_fourth vertical_align='top' padding='30px,30px,30px,30px' background='bg_color' background_color='' background_gradient_color1='' background_gradient_color2='' background_gradient_direction='vertical' src='' attachment='' attachment_size='' background_attachment='scroll' background_position='top left' background_repeat='no-repeat' link='' linktarget='' link_hover='' mobile_display='' custom_class='' template_class='' av_uid='av-lcrskraj' sc_version='1.0']\r\n\r\n[av_image src='http:\/\/mixarts.org\/association\/wp-content\/uploads\/2023\/01\/vend-300x300.jpg' attachment='4594' attachment_size='medium' copyright='' caption='' styling='' align='center' font_size='' overlay_opacity='0.4' overlay_color='#000000' overlay_text_color='#ffffff' animation='no-animation' hover='' appearance='' link='' target='' title_attr='' alt_attr='' lazy_loading='disabled' id='' custom_class='' template_class='' av_element_hidden_in_editor='0' av_uid='av-wehepl' sc_version='1.0' admin_preview_bg=''][\/av_image]\r\n\r\n[av_heading heading='PROG\u2019 JOURN\u00c9E' tag='h2' style='blockquote elegant-quote elegant-centered' subheading_active='' show_icon='' icon='ue800' font='entypo-fontello' size='' av-medium-font-size-title='' av-small-font-size-title='' av-mini-font-size-title='' subheading_size='' av-medium-font-size='' av-small-font-size='' av-mini-font-size='' icon_size='' av-medium-font-size-1='' av-small-font-size-1='' av-mini-font-size-1='' color='custom-color-heading' custom_font='#ea5044' icon_color='' margin='' margin_sync='true' padding='10' icon_padding='10' link='' link_target='' id='' custom_class='' template_class='' av_uid='av-m3luuh' sc_version='1.0' admin_preview_bg='']\r\nEn cours de construction ... !\r\n[\/av_heading]\r\n\r\n[av_toggle_container faq_markup='' initial='0' mode='accordion' sort='' styling='' colors='' font_color='' background_color='' border_color='' colors_current='' font_color_current='' background_current='' background_color_current='' background_gradient_current_color1='' background_gradient_current_color2='' background_gradient_current_direction='vertical' hover_colors='' hover_background_color='' hover_font_color='' alb_description='' id='' custom_class='' template_class='' av_uid='av-lgdkz0mp' sc_version='1.0']\r\n[av_toggle title='D\u00e8s 14h00 \u2022 EXPOSITION \u00ab L\u2019expo satirico-f\u00e9ministe \u00bb' tags='' custom_id='' av_uid='av-lcpa0p' sc_version='1.0']\r\n<span style=\"font-weight: 400;\">Patriarchie Magazine est une s\u00e9rie d\u2019illustrations satirico-f\u00e9ministes sans article ni contenu, uniquement des couvertures et une bonne dose de paternalisme.<\/span>\r\n\r\n<span style=\"font-weight: 400;\">Des titres grin\u00e7ants comme \u201cRIDES: \u00e0 quand songer \u00e0 l\u2019euthanasie?\u201d, des dessins suggestifs et une bonne couche de second degr\u00e9 ont fait le succ\u00e8s instantan\u00e9 du projet d\u00e8s son lancement : un vernissage sur fond de techno en mars 2020.<\/span>\r\n\r\n<span style=\"font-weight: 400;\">Imagin\u00e9 en 2019 par Pauline Rochette, la r\u00e9dactrice en cheffe, Patriarchie Magazine veut faciliter une conversation organique autour du sujet du genre, du f\u00e9minisme, du r\u00f4le et de la place des femmes et des hommes dans notre soci\u00e9t\u00e9.<\/span>\r\n\r\n<span style=\"font-weight: 400;\">Patriarchie Magazine comporte d\u00e9j\u00e0 5 collaborations avec d\u2019autres artistes comme Arthak, Lolla Wesh et FXvonHL, dont une couverture sp\u00e9ciale pour le projet Venus (venant en aide aux femmes atteintes du cancer du sein). \u2013 <em>Tout au long du festival, venez d\u00e9couvrir l\u2019exposition f\u00e9ministe de Patriarchie Magazine, qui a pour but de sensibiliser et cr\u00e9er des \u00e9changes autour du f\u00e9minisme et de notre place dans la soci\u00e9t\u00e9, avec humour.<\/em><\/span>\r\n[\/av_toggle]\r\n[av_toggle title='D\u00e8s 14h00 \u2022 EXPOSITION \u00ab \u00c9claireuses d\u2019humanit\u00e9 \u00bb' tags='' custom_id='' av_uid='av-jkdltl' sc_version='1.0']\r\n<span style=\"font-weight: 400;\">Cette exposition c\u00e9l\u00e8bre le \u00ab pouvoir d\u2019agir \u00bb des femmes, \u00e0 travers plusieurs regards : celui de femmes en exil, de femmes humanitaires, de femmes b\u00e9n\u00e9voles, de femmes sauv\u00e9es et de femmes qui leur tendent la main.<\/span>\r\n\r\n<span style=\"font-weight: 400;\">A travers les images recueillies par les photographes embarqu\u00e9\u00b7e\u00b7s depuis f\u00e9vrier 2016 \u00e0 bord de l\u2019Aquarius, puis de l\u2019Ocean Viking, l\u2019exposition montre la r\u00e9alit\u00e9 des op\u00e9rations de sauvetage en M\u00e9diterran\u00e9e centrale en choisissant de porter notre regard sur les femmes secourues et les femmes qui sauvent. Elle montre en parall\u00e8le l\u2019engagement de nombreuses citoyennes qui, \u00e0 terre, participent \u00e0 la mission de t\u00e9moignage de l\u2019association. Leur r\u00f4le : sensibiliser et inciter le public \u00e0 ne pas fermer les yeux face \u00e0 l\u2019un des drames majeurs de notre soci\u00e9t\u00e9 contemporaine. \u2013 <em>Exposition de SOS M\u00e9diterran\u00e9e consacr\u00e9e \u00e0 des femmes humanitaires sauveteuses, soignantes, b\u00e9n\u00e9voles \u00e0 terre et personnalit\u00e9s publiques, qui sont d\u00e9termin\u00e9es \u00e0 se battre pour construire une soci\u00e9t\u00e9 plus juste.<\/em><\/span>\r\n[\/av_toggle]\r\n[\/av_toggle_container]\r\n\r\n[av_hr class='invisible' icon_select='yes' icon='ue808' font='entypo-fontello' position='center' shadow='no-shadow' height='10' custom_border='av-border-thin' custom_width='50px' custom_margin_top='30px' custom_margin_bottom='30px' custom_border_color='' custom_icon_color='' id='' custom_class='' template_class='' av_uid='av-lgdolzkj' sc_version='1.0' admin_preview_bg='']\r\n\r\n[av_heading heading='PROG\u2019 CONCERTS' tag='h2' style='blockquote elegant-quote elegant-centered' subheading_active='' show_icon='' icon='ue800' font='entypo-fontello' size='' av-medium-font-size-title='' av-small-font-size-title='' av-mini-font-size-title='' subheading_size='' av-medium-font-size='' av-small-font-size='' av-mini-font-size='' icon_size='' av-medium-font-size-1='' av-small-font-size-1='' av-mini-font-size-1='' color='custom-color-heading' custom_font='#006b52' icon_color='' margin='' margin_sync='true' padding='10' icon_padding='10' link='' link_target='' id='' custom_class='' template_class='' av_uid='av-umodt5' sc_version='1.0' admin_preview_bg='']\r\nPAS DE VENTE SUR PLACE\r\n[\/av_heading]\r\n\r\n[av_gallery ids='4826,4601,4825,4736,4773' style='thumbnails' preview_size='portfolio' crop_big_preview_thumbnail='avia-gallery-big-crop-thumb' thumb_size='no scaling' columns='2' imagelink='lightbox' link_dest='' lightbox_text='no_text' lazyload='avia_lazyload' html_lazy_loading='disabled' alb_description='' id='' custom_class='' template_class='' av_uid='av-saqwnt' sc_version='1.0' admin_preview_bg='']\r\n\r\n[\/av_cell_one_fourth][av_cell_one_fourth av_uid='av-q5172h']\r\n\r\n[av_image src='http:\/\/mixarts.org\/association\/wp-content\/uploads\/2023\/01\/sam-300x300.jpg' attachment='4593' attachment_size='medium' copyright='' caption='' styling='' align='center' font_size='' overlay_opacity='0.4' overlay_color='#000000' overlay_text_color='#ffffff' animation='no-animation' hover='' appearance='' link='' target='' title_attr='' alt_attr='' lazy_loading='disabled' id='' custom_class='' template_class='' av_element_hidden_in_editor='0' av_uid='av-lcrrzxt4' sc_version='1.0' admin_preview_bg=''][\/av_image]\r\n\r\n[av_heading heading='PROG\u2019 JOURN\u00c9E' tag='h2' style='blockquote elegant-quote elegant-centered' subheading_active='' show_icon='' icon='ue800' font='entypo-fontello' size='' av-medium-font-size-title='' av-small-font-size-title='' av-mini-font-size-title='' subheading_size='' av-medium-font-size='' av-small-font-size='' av-mini-font-size='' icon_size='' av-medium-font-size-1='' av-small-font-size-1='' av-mini-font-size-1='' color='custom-color-heading' custom_font='#ea5044' icon_color='' margin='' margin_sync='true' padding='10' icon_padding='10' link='' link_target='' id='' custom_class='' template_class='' av_uid='av-lgdk3cxg' sc_version='1.0' admin_preview_bg='']\r\nEn cours de construction ... !\r\n[\/av_heading]\r\n\r\n[av_toggle_container faq_markup='' initial='0' mode='accordion' sort='' styling='' colors='' font_color='' background_color='' border_color='' colors_current='' font_color_current='' background_current='' background_color_current='' background_gradient_current_color1='' background_gradient_current_color2='' background_gradient_current_direction='vertical' hover_colors='' hover_background_color='' hover_font_color='' alb_description='' id='' custom_class='' template_class='' av_uid='av-lgdk2vil' sc_version='1.0']\r\n[av_toggle title='10h00 \u2022 CHANTIER ARTISANAL ET CONVIVIAL \u00ab Passer\u2018elles et presqu\u2019ils : construisons un pont ! \u00bb' tags='' custom_id='' av_uid='av-lgdkttoj' sc_version='1.0']\r\n<span style=\"font-weight: 400;\">Parait que le chantier c'est un truc de mec\u2026 Faut de la force, de la virilit\u00e9 ! Une \u00e9nergie de bonhomme quoi ! Retour Aux R'Sources vous propose d'inverser la vapeur. Venez apprendre avec des charpenti\u00e8res, des ma\u00e7onnes, des forgeronnes. A la crois\u00e9e des luttes pour le vivant et l'\u00e9mancipation des femmes, l'\u00e9cof\u00e9minisme est plein de courants et de nuances.<\/span>\r\n\r\n<span style=\"font-weight: 400;\">Alors sortons des clich\u00e9s. La Ressourcerie vous propose un temps de savoir-faire et de rencontre, un temps de mati\u00e8re et de concret, o\u00f9 chaque sexe a sa place. <em>\u2013 Parce que les m\u00e9tiers du b\u00e2timent et de l\u2019artisanat ne riment pas qu\u2019avec masculin. Avec Retour aux R\u2019Sources, rencontrez aussi des travailleuses qui vous enseigneront leur savoir-faire et leur passion !<\/em><\/span>\r\n[\/av_toggle]\r\n[av_toggle title='13h00 \u2022 CHANTIER ARTISANAL ET CONVIVIAL \u00ab Passer\u2018elles et presqu\u2019ils : construisons un pont ! \u00bb' tags='' custom_id='' av_uid='av-lh7iikg1' sc_version='1.0']\r\n<span style=\"font-weight: 400;\">Parait que le chantier c'est un truc de mec\u2026 Faut de la force, de la virilit\u00e9 ! Une \u00e9nergie de bonhomme quoi ! Retour Aux R'Sources vous propose d'inverser la vapeur. Venez apprendre avec des charpenti\u00e8res, des ma\u00e7onnes, des forgeronnes. A la crois\u00e9e des luttes pour le vivant et l'\u00e9mancipation des femmes, l'\u00e9cof\u00e9minisme est plein de courants et de nuances.<\/span>\r\n\r\n<span style=\"font-weight: 400;\">Alors sortons des clich\u00e9s. La Ressourcerie vous propose un temps de savoir-faire et de rencontre, un temps de mati\u00e8re et de concret, o\u00f9 chaque sexe a sa place. <em>\u2013 Parce que les m\u00e9tiers du b\u00e2timent et de l\u2019artisanat ne riment pas qu\u2019avec masculin. Avec Retour aux R\u2019Sources, rencontrez aussi des travailleuses qui vous enseigneront leur savoir-faire et leur passion !<\/em><\/span>\r\n[\/av_toggle]\r\n[av_toggle title='D\u00e8s 14h00 \u2022 EXPOSITION \u00ab L\u2019expo satirico-f\u00e9ministe \u00bb' tags='' custom_id='' av_uid='av-lgdk95ao' sc_version='1.0']\r\n<span style=\"font-weight: 400;\">Patriarchie Magazine est une s\u00e9rie d\u2019illustrations satirico-f\u00e9ministes sans article ni contenu, uniquement des couvertures et une bonne dose de paternalisme.<\/span>\r\n\r\n<span style=\"font-weight: 400;\">Des titres grin\u00e7ants comme \u201cRIDES: \u00e0 quand songer \u00e0 l\u2019euthanasie?\u201d, des dessins suggestifs et une bonne couche de second degr\u00e9 ont fait le succ\u00e8s instantan\u00e9 du projet d\u00e8s son lancement : un vernissage sur fond de techno en mars 2020.<\/span>\r\n\r\n<span style=\"font-weight: 400;\">Imagin\u00e9 en 2019 par Pauline Rochette, la r\u00e9dactrice en cheffe, Patriarchie Magazine veut faciliter une conversation organique autour du sujet du genre, du f\u00e9minisme, du r\u00f4le et de la place des femmes et des hommes dans notre soci\u00e9t\u00e9.<\/span>\r\n\r\n<span style=\"font-weight: 400;\">Patriarchie Magazine comporte d\u00e9j\u00e0 5 collaborations avec d\u2019autres artistes comme Arthak, Lolla Wesh et FXvonHL, dont une couverture sp\u00e9ciale pour le projet Venus (venant en aide aux femmes atteintes du cancer du sein). \u2013 <em>Tout au long du festival, venez d\u00e9couvrir l\u2019exposition f\u00e9ministe de Patriarchie Magazine, qui a pour but de sensibiliser et cr\u00e9er des \u00e9changes autour du f\u00e9minisme et de notre place dans la soci\u00e9t\u00e9, avec humour.<\/em><\/span>\r\n[\/av_toggle]\r\n[av_toggle title='D\u00e8s 14h00 \u2022 EXPOSITION \u00ab \u00c9claireuses d\u2019humanit\u00e9 \u00bb' tags='' custom_id='' av_uid='av-lgdkaqz2' sc_version='1.0']\r\n<span style=\"font-weight: 400;\">Cette exposition c\u00e9l\u00e8bre le \u00ab pouvoir d\u2019agir \u00bb des femmes, \u00e0 travers plusieurs regards : celui de femmes en exil, de femmes humanitaires, de femmes b\u00e9n\u00e9voles, de femmes sauv\u00e9es et de femmes qui leur tendent la main.<\/span>\r\n\r\n<span style=\"font-weight: 400;\">A travers les images recueillies par les photographes embarqu\u00e9\u00b7e\u00b7s depuis f\u00e9vrier 2016 \u00e0 bord de l\u2019Aquarius, puis de l\u2019Ocean Viking, l\u2019exposition montre la r\u00e9alit\u00e9 des op\u00e9rations de sauvetage en M\u00e9diterran\u00e9e centrale en choisissant de porter notre regard sur les femmes secourues et les femmes qui sauvent. Elle montre en parall\u00e8le l\u2019engagement de nombreuses citoyennes qui, \u00e0 terre, participent \u00e0 la mission de t\u00e9moignage de l\u2019association. Leur r\u00f4le : sensibiliser et inciter le public \u00e0 ne pas fermer les yeux face \u00e0 l\u2019un des drames majeurs de notre soci\u00e9t\u00e9 contemporaine. \u2013 <em>Exposition de SOS M\u00e9diterran\u00e9e consacr\u00e9e \u00e0 des femmes humanitaires sauveteuses, soignantes, b\u00e9n\u00e9voles \u00e0 terre et personnalit\u00e9s publiques, qui sont d\u00e9termin\u00e9es \u00e0 se battre pour construire une soci\u00e9t\u00e9 plus juste.<\/em><\/span>\r\n[\/av_toggle]\r\n[av_toggle title='D\u00e8s 14h00 \u2022 CINEMA \u00ab Cin\u00e9-Caravane \u00bb' tags='' custom_id='' av_uid='av-lgdknj50' sc_version='1.0']\r\n<span style=\"font-weight: 400;\">La Cin\u00e9-Caravane de Fa Sol Latino, c\u2019est une caravane am\u00e9nag\u00e9e en salle de projection en int\u00e9rieur pouvant accueillir jusqu\u2019\u00e0 8 personnes. Venez y d\u00e9couvrir une programmation de courts-m\u00e9trages \u00e9cof\u00e9ministes provenant de diff\u00e9rents pays. De la fiction au documentaire en passant par l'animation, il y en aura pour tous les go\u00fbts ! <em>\u2013 Tout au long du festival, l\u2019association Fa Sol Latino vous propose un voyage cin\u00e9matographique autour du monde !<\/em><\/span>\r\n\r\n<span style=\"font-weight: 400;\">>>> Plus d\u2019infos : <\/span><a href=\"https:\/\/urlz.fr\/l8Xo\"><span style=\"font-weight: 400;\">https:\/\/urlz.fr\/l8Xo<\/span><\/a>\r\n[\/av_toggle]\r\n[av_toggle title='D\u00e8s 14h00 \u2022 JEUX EN BOIS \u00ab Le bois des jeux \u00bb' tags='' custom_id='' av_uid='av-lgdkqle4' sc_version='1.0']\r\n<span style=\"font-weight: 400;\">Tirer \u00e0 l'arbal\u00e8te sur un arbre fruitier, \u00e9tendre des v\u00eatements sur un corde \u00e0 linge, ou encore extraire les asticots d'un fromage v\u00e9reux... Chaque jeu poss\u00e8de un imaginaire, une histoire qui les rend uniques. <em>\u2013 Entre deux conf\u00e9rences et spectacles, les jeux interg\u00e9n\u00e9rationnels du Bois des Jeux font le bonheur des petits comme des grands.<\/em><\/span>\r\n\r\n<span style=\"font-weight: 400;\">>>> Plus d\u2019infos : <\/span><a href=\"https:\/\/urlz.fr\/l8XF\"><span style=\"font-weight: 400;\">https:\/\/urlz.fr\/l8XF<\/span><\/a>\r\n[\/av_toggle]\r\n[av_toggle title='D\u00e8s 14h00 \u2022 MASSAGES' tags='' custom_id='' av_uid='av-lgdkv7sm' sc_version='1.0']\r\n<span style=\"font-weight: 400;\">Alice Heustache a la joie de vous accueillir pour un moment de bien-\u00eatre et de l\u00e2cher-prise. Elle vous propose de v\u00e9ritables soins sur mesure, car il est essentiel d\u2019adapter les techniques de massage en accord avec vos besoins physiques et \u00e9motionnels\u2026 Profitez de cette journ\u00e9e pour prendre soin de vous ! Huiles de massages bio et adapt\u00e9es \u00e0 tou\u00b7te\u00b7s, m\u00eame aux plus petit\u00b7e\u00b7s, sans risque pour la peau et la sant\u00e9. Massages cr\u00e2niens, du dos et sur mesure. \u2013 <em>Alice Heustache vous attend \u00e0 son stand de massage pour d\u00e9lier vos muscles et votre t\u00eate !<\/em><\/span>\r\n[\/av_toggle]\r\n[av_toggle title='15h00 \u2022 SPECTACLE \u00ab L\u2018Odyss\u00e9e d\u2019Alysse \u00bb' tags='' custom_id='' av_uid='av-lgdjrhxh' sc_version='1.0']\r\n<span style=\"font-weight: 400;\">\u00c7a s\u2019appelle l\u2019Odyss\u00e9e d\u2019Alysse (non, non, on n\u2019a pas du tout copi\u00e9 Hom\u00e8re). Y a Morgane qui joue Alysse et tous les autres personnages, et y a Damien qui fait le narrateur, qui chante et qui rappe. Ensemble, on fait chanter et jouer le public (comme des rockstars) en lui racontant une folle \u00e9pop\u00e9e. Donc si t\u2019as envie de devenir une sir\u00e8ne f\u00e9roce tout en profitant d\u2019un concert de hip-hop th\u00e9\u00e2tral (ou l\u2019inverse), suis-nous sur notre gal\u00e8re, on va partir tr\u00e8s loin (mets ta ceinture Herm\u00e8s). \u2013 <em>Tel Ulysse, naviguez vers une escapade po\u00e9tique avec la Compagnie Alsand !<\/em><\/span>\r\n\r\n<span style=\"font-weight: 400;\">>>> Plus d\u2019infos : <\/span><a href=\"https:\/\/urlz.fr\/l8MY\"><span style=\"font-weight: 400;\">https:\/\/urlz.fr\/l8MY<\/span><\/a>\r\n[\/av_toggle]\r\n[av_toggle title='15h00 \u2022 CONF\u00c9RENCE GESTICUL\u00c9E \u00ab \u00c9cof\u00e9minisme ou comment ne pas se laisser d\u00e9truire \u00bb' tags='' custom_id='' av_uid='av-lgdjs9ln' sc_version='1.0']\r\n<span style=\"font-weight: 400;\">Il ne suffit pas d'\u00eatre \u00e9cologiste et f\u00e9ministe pour \u00eatre \u00e9cof\u00e9ministe.\u00a0 L'\u00e9cof\u00e9minisme, c'est remettre en question toutes les formes de domination, dont la domination de la nature. C'est donc regarder le monde avec un \u0153il neuf. C'est chercher les causes profondes et anciennes des probl\u00e8mes actuels, pour concevoir des propositions globales.<\/span>\r\n\r\n<span style=\"font-weight: 400;\">Comment lutter tout en cultivant la joie, concilier spiritualit\u00e9 et rationalit\u00e9, remettre en question tous les jeux de domination et sacraliser la vie sous toutes ses formes ? \u2013 <em>A travers sa conf\u00e9rence gesticul\u00e9e sur l\u2019\u00e9cof\u00e9minisme, Gwennyn Tanguy aborde des sujets br\u00fblants en faisant preuve de d\u00e9licatesse.<\/em><\/span>\r\n\r\n<span style=\"font-weight: 400;\">>>> Plus d\u2019infos : https:\/\/urlz.fr\/llr0<\/span>\r\n[\/av_toggle]\r\n[av_toggle title='16h00 \u2022 CHANTIER ARTISANAL ET CONVIVIAL \u00ab Passer\u2018elles et presqu\u2019ils : construisons un pont ! \u00bb' tags='' custom_id='' av_uid='av-lh7ij60b' sc_version='1.0']\r\n<span style=\"font-weight: 400;\">Parait que le chantier c'est un truc de mec\u2026 Faut de la force, de la virilit\u00e9 ! Une \u00e9nergie de bonhomme quoi ! Retour Aux R'Sources vous propose d'inverser la vapeur. Venez apprendre avec des charpenti\u00e8res, des ma\u00e7onnes, des forgeronnes. A la crois\u00e9e des luttes pour le vivant et l'\u00e9mancipation des femmes, l'\u00e9cof\u00e9minisme est plein de courants et de nuances.<\/span>\r\n\r\n<span style=\"font-weight: 400;\">Alors sortons des clich\u00e9s. La Ressourcerie vous propose un temps de savoir-faire et de rencontre, un temps de mati\u00e8re et de concret, o\u00f9 chaque sexe a sa place. <em>\u2013 Parce que les m\u00e9tiers du b\u00e2timent et de l\u2019artisanat ne riment pas qu\u2019avec masculin. Avec Retour aux R\u2019Sources, rencontrez aussi des travailleuses qui vous enseigneront leur savoir-faire et leur passion !<\/em><\/span>\r\n[\/av_toggle]\r\n[av_toggle title='16h30 \u2022 SPECTACLE \u00ab Mauvaises Graines \u00bb' tags='' custom_id='' av_uid='av-lgdjwmgl' sc_version='1.0']\r\n<span style=\"font-weight: 400;\">L\u00e9a, treize ans, s\u2019est construit une cabane en pleine for\u00eat, c\u2019est l\u00e0 qu\u2019elle vit. C\u2019est l\u00e0 qu\u2019elle vient se r\u00e9fugier. Alors, pas question qu\u2019on vienne la raser, et les arbres, et la for\u00eat ! Et tout \u00e7a, pour quoi ? Pour construire une ZTTM ! Une Zone Tr\u00e8s Tr\u00e8s Moche : centre commercial et un parking ! Ils ont perdu la t\u00eate ou quoi ? L\u00e9a va r\u00e9sister, faire des pancartes, cr\u00e9er des pi\u00e8ges pour emp\u00eacher les gens de p\u00e9n\u00e9trer dans son domaine et d\u00e9truire la for\u00eat. Mais toute seule, elle n\u2019y arrivera pas. \u00c7a tombe bien, elle a deux copains. Mais seront-ils pr\u00eats \u00e0 s\u2019engager \u00e0 ses c\u00f4t\u00e9s ? Et comment ? \u2013 <em>Quelle place pouvons-nous laisser \u00e0 la d\u00e9sob\u00e9issance pour ouvrir une porte au monde des possibles ? C\u2019est la question soulev\u00e9e par le spectacle de Compagnie Institout qui raconte l\u2019histoire de trois adolescent\u00b7e\u00b7s qui cherchent \u00e0 trouver leur place dans le monde en s\u2019engageant et en essayant de se faire entendre.<\/em><\/span>\r\n\r\n<span style=\"font-weight: 400;\">>>> Plus d\u2019infos : <\/span><a href=\"https:\/\/urlz.fr\/l8QN\"><span style=\"font-weight: 400;\">https:\/\/urlz.fr\/l8QN<\/span><\/a>\r\n[\/av_toggle]\r\n[av_toggle title='17h30 \u2022 CONF\u00c9RENCE \u00ab Tu seras un homme ma fille ! \u00bb' tags='' custom_id='' av_uid='av-lgdk0raj' sc_version='1.0']\r\n<span style=\"font-weight: 400;\">\u00ab Le masculin l\u2019emporte sur le f\u00e9minin \u00bb... Une loi grammaticale qui ancre (encre ?) le sexisme dans l\u2019usage de la langue fran\u00e7aise depuis le 17<\/span><span style=\"font-weight: 400;\">e<\/span><span style=\"font-weight: 400;\"> si\u00e8cle. Pourquoi cette r\u00e8gle, et comment s\u2019en d\u00e9partir, du moins \u00e0 l\u2019\u00e9crit ? Faut-il s\u2019inspirer des Britanniques pour d\u00e9masculiniser la langue ? Entre assignation et \u00e9mancipation, interrogeons l\u2019Histoire et inventons le futur, avec nos mots en \u00e9claireurs ! Les mots sont des outils de r\u00e9sistance, le langage un terrain de lutte. \u2013 <em>D\u00e9couvrez avec Chloe Richard comment la langue a \u00e9t\u00e9 construite pour \u00e9vincer les femmes et les priver d\u2019un langage pour se d\u00e9crire.<\/em><\/span>\r\n\r\n<span style=\"font-weight: 400;\">>>> D\u00e9couvrir en vid\u00e9o : <\/span><a href=\"https:\/\/www.youtube.com\/watch?v=9YCsL0dArJc\"><span style=\"font-weight: 400;\">https:\/\/www.youtube.com\/watch?v=9YCsL0dArJc<\/span><\/a>\r\n[\/av_toggle]\r\n[av_toggle title='17h30 \u2022 SORTIE \u00ab D\u00e9couverte des plantes sauvages comestibles \u00bb' tags='' custom_id='' av_uid='av-lgdkkzcx' sc_version='1.0']\r\n<span style=\"font-weight: 400;\">D\u00e9couverte des plantes sauvages comestibles avec d\u00e9couverte des plantes dans leur milieu, petit atelier culinaire et d\u00e9gustation. <em>\u2013 Venez vous mettre dans la peau d\u2019un\u00b7e cueilleur\u00b7euse pr\u00e9historique avec l\u2019herbaliste C\u00e9cile Aubel !<\/em><\/span>\r\n\r\n<b>\r\n<\/b><span style=\"font-weight: 400;\">Sur inscription : <\/span><a href=\"&#x6d;&#x61;&#x69;&#x6c;&#x74;&#x6f;&#x3a;&#x61;&#x75;&#x62;&#x65;&#108;&#46;&#99;&#101;&#99;&#105;&#108;e&#64;oran&#x67;&#x65;&#x2e;&#x66;&#x72;\"><span style=\"font-weight: 400;\">aube&#108;&#46;&#99;&#101;&#99;&#x69;&#x6c;&#x65;&#x40;&#x6f;&#x72;&#x61;nge&#46;&#102;&#114;<\/span><\/a>\r\n[\/av_toggle]\r\n[\/av_toggle_container]\r\n\r\n[av_hr class='invisible' icon_select='yes' icon='ue808' font='entypo-fontello' position='center' shadow='no-shadow' height='10' custom_border='av-border-thin' custom_width='50px' custom_margin_top='30px' custom_margin_bottom='30px' custom_border_color='' custom_icon_color='' id='' custom_class='' template_class='' av_uid='av-grlzop' sc_version='1.0' admin_preview_bg='']\r\n\r\n[av_heading heading='PROG\u2019 CONCERTS' tag='h2' style='blockquote elegant-quote elegant-centered' subheading_active='' show_icon='' icon='ue800' font='entypo-fontello' size='' av-medium-font-size-title='' av-small-font-size-title='' av-mini-font-size-title='' subheading_size='' av-medium-font-size='' av-small-font-size='' av-mini-font-size='' icon_size='' av-medium-font-size-1='' av-small-font-size-1='' av-mini-font-size-1='' color='custom-color-heading' custom_font='#006b52' icon_color='' margin='0' margin_sync='true' padding='10' icon_padding='10' link='' link_target='' id='' custom_class='' template_class='' av_uid='av-o064vd' sc_version='1.0' admin_preview_bg='']\r\nPAS DE VENTE SUR PLACE\r\n[\/av_heading]\r\n\r\n[av_gallery ids='4598,4597,4737,4774' style='thumbnails' preview_size='portfolio' crop_big_preview_thumbnail='avia-gallery-big-crop-thumb' thumb_size='no scaling' columns='2' imagelink='lightbox' link_dest='' lightbox_text='no_text' lazyload='avia_lazyload' html_lazy_loading='disabled' alb_description='' id='' custom_class='' template_class='' av_uid='av-lcrsfzev' sc_version='1.0' admin_preview_bg='']\r\n\r\n[\/av_cell_one_fourth][av_cell_one_fourth av_uid='av-l21u09']\r\n\r\n[av_image src='http:\/\/mixarts.org\/association\/wp-content\/uploads\/2023\/01\/dim-300x300.jpg' attachment='4595' attachment_size='medium' copyright='' caption='' styling='' align='center' font_size='' overlay_opacity='0.4' overlay_color='#000000' overlay_text_color='#ffffff' animation='no-animation' hover='' appearance='' link='' target='' title_attr='' alt_attr='' lazy_loading='disabled' id='' custom_class='' template_class='' av_element_hidden_in_editor='0' av_uid='av-lcrs07u7' sc_version='1.0' admin_preview_bg=''][\/av_image]\r\n\r\n[av_heading heading='PROG\u2019 JOURN\u00c9E' tag='h2' style='blockquote elegant-quote elegant-centered' subheading_active='' show_icon='' icon='ue800' font='entypo-fontello' size='' av-medium-font-size-title='' av-small-font-size-title='' av-mini-font-size-title='' subheading_size='' av-medium-font-size='' av-small-font-size='' av-mini-font-size='' icon_size='' av-medium-font-size-1='' av-small-font-size-1='' av-mini-font-size-1='' color='custom-color-heading' custom_font='#ea5044' icon_color='' margin='' margin_sync='true' padding='10' icon_padding='10' link='' link_target='' id='' custom_class='' template_class='' av_uid='av-g3eaih' sc_version='1.0' admin_preview_bg='']\r\nEn cours de construction ... !\r\n[\/av_heading]\r\n\r\n[av_toggle_container faq_markup='' initial='0' mode='accordion' sort='' styling='' colors='' font_color='' background_color='' border_color='' colors_current='' font_color_current='' background_current='' background_color_current='' background_gradient_current_color1='' background_gradient_current_color2='' background_gradient_current_direction='vertical' hover_colors='' hover_background_color='' hover_font_color='' alb_description='' id='' custom_class='' template_class='' av_uid='av-lgdl6w0y' sc_version='1.0']\r\n[av_toggle title='10h00 \u2022 CHANTIER ARTISANAL ET CONVIVIAL \u00ab Passer\u2018elles et presqu\u2019ils : construisons un pont ! \u00bb' tags='' custom_id='' av_uid='av-4motop' sc_version='1.0']\r\n<span style=\"font-weight: 400;\">Parait que le chantier c'est un truc de mec\u2026 Faut de la force, de la virilit\u00e9 ! Une \u00e9nergie de bonhomme quoi ! Retour Aux R'Sources vous propose d'inverser la vapeur. Venez apprendre avec des charpenti\u00e8res, des ma\u00e7onnes, des forgeronnes. A la crois\u00e9e des luttes pour le vivant et l'\u00e9mancipation des femmes, l'\u00e9cof\u00e9minisme est plein de courants et de nuances.<\/span>\r\n\r\n<span style=\"font-weight: 400;\">Alors sortons des clich\u00e9s. La Ressourcerie vous propose un temps de savoir-faire et de rencontre, un temps de mati\u00e8re et de concret, o\u00f9 chaque sexe a sa place. <em>\u2013 Parce que les m\u00e9tiers du b\u00e2timent et de l\u2019artisanat ne riment pas qu\u2019avec masculin. Avec Retour aux R\u2019Sources, rencontrez aussi des travailleuses qui vous enseigneront leur savoir-faire et leur passion !<\/em><\/span>\r\n[\/av_toggle]\r\n[av_toggle title='11h00 \u2022 SORTIE \u00ab D\u00e9couverte des plantes sauvages comestibles \u00bb' tags='' custom_id='' av_uid='av-6la6vt' sc_version='1.0']\r\n<span style=\"font-weight: 400;\">D\u00e9couverte des plantes sauvages comestibles avec d\u00e9couverte des plantes dans leur milieu, petit atelier culinaire et d\u00e9gustation. <em>\u2013 Venez vous mettre dans la peau d\u2019un\u00b7e cueilleur\u00b7euse pr\u00e9historique avec l\u2019herbaliste C\u00e9cile Aubel !<\/em><\/span>\r\n\r\n<b>\r\n<\/b><span style=\"font-weight: 400;\">Sur inscription : <\/span><a href=\"&#109;&#97;&#x69;&#x6c;&#116;&#111;&#x3a;&#x61;&#117;&#98;&#x65;&#x6c;&#46;&#99;&#x65;&#x63;&#105;&#108;&#x65;&#x40;&#111;&#114;&#x61;&#x6e;&#103;&#101;&#x2e;&#x66;&#114;\"><span style=\"font-weight: 400;\">&#x61;u&#x62;e&#x6c;&#46;&#x63;&#101;c&#x69;l&#x65;&#64;&#x6f;&#114;&#x61;&#110;g&#x65;&#46;&#x66;&#114;<\/span><\/a>\r\n[\/av_toggle]\r\n[av_toggle title='13h00 \u2022 CHANTIER ARTISANAL ET CONVIVIAL \u00ab Passer\u2018elles et presqu\u2019ils : construisons un pont ! \u00bb' tags='' custom_id='' av_uid='av-lh7il7jl' sc_version='1.0']\r\n<span style=\"font-weight: 400;\">Parait que le chantier c'est un truc de mec\u2026 Faut de la force, de la virilit\u00e9 ! Une \u00e9nergie de bonhomme quoi ! Retour Aux R'Sources vous propose d'inverser la vapeur. Venez apprendre avec des charpenti\u00e8res, des ma\u00e7onnes, des forgeronnes. A la crois\u00e9e des luttes pour le vivant et l'\u00e9mancipation des femmes, l'\u00e9cof\u00e9minisme est plein de courants et de nuances.<\/span>\r\n\r\n<span style=\"font-weight: 400;\">Alors sortons des clich\u00e9s. La Ressourcerie vous propose un temps de savoir-faire et de rencontre, un temps de mati\u00e8re et de concret, o\u00f9 chaque sexe a sa place. <em>\u2013 Parce que les m\u00e9tiers du b\u00e2timent et de l\u2019artisanat ne riment pas qu\u2019avec masculin. Avec Retour aux R\u2019Sources, rencontrez aussi des travailleuses qui vous enseigneront leur savoir-faire et leur passion !<\/em><\/span>\r\n[\/av_toggle]\r\n[av_toggle title='D\u00e8s 14h00 \u2022 EXPOSITION \u00ab L\u2019expo satirico-f\u00e9ministe \u00bb' tags='' custom_id='' av_uid='av-eksewp' sc_version='1.0']\r\n<span style=\"font-weight: 400;\">Patriarchie Magazine est une s\u00e9rie d\u2019illustrations satirico-f\u00e9ministes sans article ni contenu, uniquement des couvertures et une bonne dose de paternalisme.<\/span>\r\n\r\n<span style=\"font-weight: 400;\">Des titres grin\u00e7ants comme \u201cRIDES: \u00e0 quand songer \u00e0 l\u2019euthanasie?\u201d, des dessins suggestifs et une bonne couche de second degr\u00e9 ont fait le succ\u00e8s instantan\u00e9 du projet d\u00e8s son lancement : un vernissage sur fond de techno en mars 2020.<\/span>\r\n\r\n<span style=\"font-weight: 400;\">Imagin\u00e9 en 2019 par Pauline Rochette, la r\u00e9dactrice en cheffe, Patriarchie Magazine veut faciliter une conversation organique autour du sujet du genre, du f\u00e9minisme, du r\u00f4le et de la place des femmes et des hommes dans notre soci\u00e9t\u00e9.<\/span>\r\n\r\n<span style=\"font-weight: 400;\">Patriarchie Magazine comporte d\u00e9j\u00e0 5 collaborations avec d\u2019autres artistes comme Arthak, Lolla Wesh et FXvonHL, dont une couverture sp\u00e9ciale pour le projet Venus (venant en aide aux femmes atteintes du cancer du sein). \u2013 <em>Tout au long du festival, venez d\u00e9couvrir l\u2019exposition f\u00e9ministe de Patriarchie Magazine, qui a pour but de sensibiliser et cr\u00e9er des \u00e9changes autour du f\u00e9minisme et de notre place dans la soci\u00e9t\u00e9, avec humour.<\/em><\/span>\r\n[\/av_toggle]\r\n[av_toggle title='D\u00e8s 14h00 \u2022 EXPOSITION \u00ab \u00c9claireuses d\u2019humanit\u00e9 \u00bb' tags='' custom_id='' av_uid='av-c9iq8p' sc_version='1.0']\r\n<span style=\"font-weight: 400;\">Cette exposition c\u00e9l\u00e8bre le \u00ab pouvoir d\u2019agir \u00bb des femmes, \u00e0 travers plusieurs regards : celui de femmes en exil, de femmes humanitaires, de femmes b\u00e9n\u00e9voles, de femmes sauv\u00e9es et de femmes qui leur tendent la main.<\/span>\r\n\r\n<span style=\"font-weight: 400;\">A travers les images recueillies par les photographes embarqu\u00e9\u00b7e\u00b7s depuis f\u00e9vrier 2016 \u00e0 bord de l\u2019Aquarius, puis de l\u2019Ocean Viking, l\u2019exposition montre la r\u00e9alit\u00e9 des op\u00e9rations de sauvetage en M\u00e9diterran\u00e9e centrale en choisissant de porter notre regard sur les femmes secourues et les femmes qui sauvent. Elle montre en parall\u00e8le l\u2019engagement de nombreuses citoyennes qui, \u00e0 terre, participent \u00e0 la mission de t\u00e9moignage de l\u2019association. Leur r\u00f4le : sensibiliser et inciter le public \u00e0 ne pas fermer les yeux face \u00e0 l\u2019un des drames majeurs de notre soci\u00e9t\u00e9 contemporaine. \u2013 <em>Exposition de SOS M\u00e9diterran\u00e9e consacr\u00e9e \u00e0 des femmes humanitaires sauveteuses, soignantes, b\u00e9n\u00e9voles \u00e0 terre et personnalit\u00e9s publiques, qui sont d\u00e9termin\u00e9es \u00e0 se battre pour construire une soci\u00e9t\u00e9 plus juste.<\/em><\/span>\r\n[\/av_toggle]\r\n[av_toggle title='D\u00e8s 14h00 \u2022 CINEMA \u00ab Cin\u00e9-Caravane \u00bb' tags='' custom_id='' av_uid='av-arjzyx' sc_version='1.0']\r\n<span style=\"font-weight: 400;\">La Cin\u00e9-Caravane de Fa Sol Latino, c\u2019est une caravane am\u00e9nag\u00e9e en salle de projection en int\u00e9rieur pouvant accueillir jusqu\u2019\u00e0 8 personnes. Venez y d\u00e9couvrir une programmation de courts-m\u00e9trages \u00e9cof\u00e9ministes provenant de diff\u00e9rents pays. De la fiction au documentaire en passant par l'animation, il y en aura pour tous les go\u00fbts ! <em>\u2013 Tout au long du festival, l\u2019association Fa Sol Latino vous propose un voyage cin\u00e9matographique autour du monde !<\/em><\/span>\r\n\r\n<span style=\"font-weight: 400;\">>>> Plus d\u2019infos : <\/span><a href=\"https:\/\/urlz.fr\/l8Xo\"><span style=\"font-weight: 400;\">https:\/\/urlz.fr\/l8Xo<\/span><\/a>\r\n[\/av_toggle]\r\n[av_toggle title='D\u00e8s 14h00 \u2022 JEUX EN BOIS \u00ab Le bois des jeux \u00bb' tags='' custom_id='' av_uid='av-9le2wp' sc_version='1.0']\r\n<span style=\"font-weight: 400;\">Tirer \u00e0 l'arbal\u00e8te sur un arbre fruitier, \u00e9tendre des v\u00eatements sur un corde \u00e0 linge, ou encore extraire les asticots d'un fromage v\u00e9reux... Chaque jeu poss\u00e8de un imaginaire, une histoire qui les rend uniques. <em>\u2013 Entre deux conf\u00e9rences et spectacles, les jeux interg\u00e9n\u00e9rationnels du Bois des Jeux font le bonheur des petits comme des grands.<\/em><\/span>\r\n\r\n<span style=\"font-weight: 400;\">>>> Plus d\u2019infos : <\/span><a href=\"https:\/\/urlz.fr\/l8XF\"><span style=\"font-weight: 400;\">https:\/\/urlz.fr\/l8XF<\/span><\/a>\r\n[\/av_toggle]\r\n[av_toggle title='D\u00e8s 14h00 \u2022 MASSAGES' tags='' custom_id='' av_uid='av-2sek9' sc_version='1.0']\r\n<span style=\"font-weight: 400;\">Alice Heustache a la joie de vous accueillir pour un moment de bien-\u00eatre et de l\u00e2cher-prise. Elle vous propose de v\u00e9ritables soins sur mesure, car il est essentiel d\u2019adapter les techniques de massage en accord avec vos besoins physiques et \u00e9motionnels\u2026 Profitez de cette journ\u00e9e pour prendre soin de vous ! Huiles de massages bio et adapt\u00e9es \u00e0 tou\u00b7te\u00b7s, m\u00eame aux plus petit\u00b7e\u00b7s, sans risque pour la peau et la sant\u00e9. Massages cr\u00e2niens, du dos et sur mesure. \u2013 <em>Alice Heustache vous attend \u00e0 son stand de massage pour d\u00e9lier vos muscles et votre t\u00eate !<\/em><\/span>\r\n[\/av_toggle]\r\n[av_toggle title='15h00 \u2022 SPECTACLE \u00ab Ils v\u00e9curent enfants et firent beaucoup d\u2019heureux \u00bb' tags='' custom_id='' av_uid='av-lgdl240k' sc_version='1.0']\r\n<span style=\"font-weight: 400;\">\u00ab A\u0300 la base, on est parti d\u2019un conte des fre\u0300res Grimm. Et apre\u0300s, on a de\u0301cide\u0301 de changer toute l\u2019histoire. Et maintenant, on pre\u0301fe\u0300re vraiment la no\u0302tre. \u00bb. Dans leur version de l'histoire, il est question d\u2019un roi qui tombe amoureux d\u2019une image, d\u2019une jeune femme qui refuse un mariage, de sororit\u00e9, de r\u00e9bellion, d\u2019amour et de sang. Une r\u00e9appropriation des codes du conte traditionnel o\u00f9 d\u00e9calage et sinc\u00e9rit\u00e9 sont les ma\u00eetres mots. Porte\u0301\u00b7e\u00b7s par une envie folle de raconter une histoire ensemble, les quatre interpre\u0300tes se font tanto\u0302t sensibles comme des enfants, tanto\u0302t insolent\u00b7e\u00b7s comme des rockstars, tanto\u0302t loufoques comme des clowns.<\/span><span style=\"font-weight: 400;\"> \u2013 <em>Venez r\u00eaver devant un spectacle de la Compagnie Alsand qui r\u00e9\u00e9crit les contes de f\u00e9es, pour les petits comme les plus grands.<\/em><\/span>\r\n\r\n<span style=\"font-weight: 400;\">>>> Plus d\u2019infos : <\/span><a href=\"https:\/\/urlz.fr\/l92D\"><span style=\"font-weight: 400;\">https:\/\/urlz.fr\/l92D<\/span><\/a>\r\n[\/av_toggle]\r\n[av_toggle title='15h00 \u2022 CONF\u00c9RENCE \u00ab Qu\u2018est-ce que l\u2019\u00e9cof\u00e9minisme ? \u00bb' tags='' custom_id='' av_uid='av-lgdl4j7h' sc_version='1.0']\r\n<span style=\"font-weight: 400;\">Jeanne Burgart Goutal est professeure de philosophie en lyc\u00e9e. Pendant dix ans, elle a consacr\u00e9 ses recherches \u00e0 l'\u00e9cof\u00e9minisme, et en a tir\u00e9 l'essai \u00catre \u00e9cof\u00e9ministe. Th\u00e9ories et pratiques (2020) et le roman graphique ReSisters (2021). Elle \u00e9crit actuellement un livre graphique sur l'univers du yoga.<\/span>\r\n\r\n<span style=\"font-weight: 400;\">Catherine Larr\u00e8re est philosophe, professeure \u00e9m\u00e9rite \u00e0 l'universit\u00e9 de Paris I-Panth\u00e9on-Sorbonne et sp\u00e9cialiste des questions \u00e9thiques et politiques li\u00e9es \u00e0 la crise environnementale et aux nouvelles technologies.<\/span><span style=\"font-weight: 400;\">\u00a0<\/span>\u2013 <em><span style=\"font-weight: 400;\">Venez en apprendre davantage sur ce concept d'\u00e9cof\u00e9minisme, sur lequel est bas\u00e9 le festival de cette ann\u00e9e, avec deux conf\u00e9renci\u00e8res.<\/span><\/em>\r\n[\/av_toggle]\r\n[av_toggle title='16h00 \u2022 SORTIE \u00ab D\u00e9couverte des plantes sauvages comestibles \u00bb' tags='' custom_id='' av_uid='av-lh7ik8hx' sc_version='1.0']\r\n<span style=\"font-weight: 400;\">D\u00e9couverte des plantes sauvages comestibles avec d\u00e9couverte des plantes dans leur milieu, petit atelier culinaire et d\u00e9gustation. <em>\u2013 Venez vous mettre dans la peau d\u2019un\u00b7e cueilleur\u00b7euse pr\u00e9historique avec l\u2019herbaliste C\u00e9cile Aubel !<\/em><\/span>\r\n\r\n<b>\r\n<\/b><span style=\"font-weight: 400;\">Sur inscription : <\/span><a href=\"&#x6d;&#x61;&#x69;&#108;&#116;o:&#x61;&#x75;&#x62;&#x65;&#108;&#46;ce&#x63;&#x69;&#x6c;&#101;&#64;&#111;ra&#x6e;&#x67;&#x65;&#46;&#102;r\"><span style=\"font-weight: 400;\">&#x61;&#x75;&#98;e&#x6c;&#x2e;&#99;ec&#x69;&#x6c;&#101;&#64;&#x6f;&#x72;&#97;&#110;g&#x65;&#x2e;&#102;r<\/span><\/a>\r\n[\/av_toggle]\r\n[av_toggle title='16h00 \u2022 CHANTIER ARTISANAL ET CONVIVIAL \u00ab Passer\u2018elles et presqu\u2019ils : construisons un pont ! \u00bb' tags='' custom_id='' av_uid='av-lh7ilqq5' sc_version='1.0']\r\n<span style=\"font-weight: 400;\">Parait que le chantier c'est un truc de mec\u2026 Faut de la force, de la virilit\u00e9 ! Une \u00e9nergie de bonhomme quoi ! Retour Aux R'Sources vous propose d'inverser la vapeur. Venez apprendre avec des charpenti\u00e8res, des ma\u00e7onnes, des forgeronnes. A la crois\u00e9e des luttes pour le vivant et l'\u00e9mancipation des femmes, l'\u00e9cof\u00e9minisme est plein de courants et de nuances.<\/span>\r\n\r\n<span style=\"font-weight: 400;\">Alors sortons des clich\u00e9s. La Ressourcerie vous propose un temps de savoir-faire et de rencontre, un temps de mati\u00e8re et de concret, o\u00f9 chaque sexe a sa place. <em>\u2013 Parce que les m\u00e9tiers du b\u00e2timent et de l\u2019artisanat ne riment pas qu\u2019avec masculin. Avec Retour aux R\u2019Sources, rencontrez aussi des travailleuses qui vous enseigneront leur savoir-faire et leur passion !<\/em><\/span>\r\n[\/av_toggle]\r\n[av_toggle title='17h00 \u2022 SPECTACLE \u00ab Mauvaises Graines \u00bb' tags='' custom_id='' av_uid='av-lgdl2jjy' sc_version='1.0']\r\n<span style=\"font-weight: 400;\">L\u00e9a, treize ans, s\u2019est construit une cabane en pleine for\u00eat, c\u2019est l\u00e0 qu\u2019elle vit. C\u2019est l\u00e0 qu\u2019elle vient se r\u00e9fugier. Alors, pas question qu\u2019on vienne la raser, et les arbres, et la for\u00eat ! Et tout \u00e7a, pour quoi ? Pour construire une ZTTM ! Une Zone Tr\u00e8s Tr\u00e8s Moche : centre commercial et un parking ! Ils ont perdu la t\u00eate ou quoi ? L\u00e9a va r\u00e9sister, faire des pancartes, cr\u00e9er des pi\u00e8ges pour emp\u00eacher les gens de p\u00e9n\u00e9trer dans son domaine et d\u00e9truire la for\u00eat. Mais toute seule, elle n\u2019y arrivera pas. \u00c7a tombe bien, elle a deux copains. Mais seront-ils pr\u00eats \u00e0 s\u2019engager \u00e0 ses c\u00f4t\u00e9s ? Et comment ? \u2013 <em>Quelle place pouvons-nous laisser \u00e0 la d\u00e9sob\u00e9issance pour ouvrir une porte au monde des possibles ? C\u2019est la question soulev\u00e9e par le spectacle de Compagnie Institout qui raconte l\u2019histoire de trois adolescent\u00b7e\u00b7s qui cherchent \u00e0 trouver leur place dans le monde en s\u2019engageant et en essayant de se faire entendre.<\/em><\/span>\r\n\r\n<span style=\"font-weight: 400;\">>>> Plus d\u2019infos : <\/span><a href=\"https:\/\/urlz.fr\/l8QN\"><span style=\"font-weight: 400;\">https:\/\/urlz.fr\/l8QN<\/span><\/a>\r\n[\/av_toggle]\r\n[av_toggle title='17h30 \u2022 CONF\u00c9RENCE \u00ab \u00c9cof\u00e9minismes : Jouir de nos corps et de nos territoires \u00bb' tags='' custom_id='' av_uid='av-lgdl6gt0' sc_version='1.0']\r\n<span style=\"font-weight: 400;\">Myriam Bahaffou est doctorante \u00e0 l'UPJV d'Amiens en philosophie et \u00e9tudes f\u00e9ministes. Elle s'int\u00e9resse \u00e0 nos rapports aux animaux non-humains et d\u00e9veloppe dans son travail de recherche une approche intersectionnelle de l'antisp\u00e9cisme. Elle est \u00e9galement l'autrice des Paillettes sur le compost. Ecof\u00e9minismes au quotidien, o\u00f9 elle pr\u00e9sente une perspective queer et d\u00e9coloniale de ce mouvement qu'elle souhaite replacer dans l'exp\u00e9rience quotidienne des marges oubli\u00e9es de l'\u00e9cologie mainstream.<\/span>\r\n\r\n<span style=\"font-weight: 400;\">Renda Belmallem est\u00a0militante et\u00a0chercheuse. Elle lutte pour la construction d\u2019un monde plus juste, libre et sain en travaillant sur les territoires et les corps \u00e0 l\u2019intersection des oppressions syst\u00e9miques de classe, genre, race, \u00e2ge, handicap et de nature.<u><\/u><b>\u00a0<\/b> <\/span>\u2013 <em>Deux doctorantes vous proposent une conf\u00e9rence sur l\u2019\u00e9cof\u00e9minisme intersectionnel, \u00e0 la crois\u00e9e des chemins entre l\u2019\u00e9cologie et d\u2019autres luttes.<\/em>\r\n[\/av_toggle]\r\n[\/av_toggle_container]\r\n\r\n[av_hr class='invisible' icon_select='yes' icon='ue808' font='entypo-fontello' position='center' shadow='no-shadow' height='10' custom_border='av-border-thin' custom_width='50px' custom_margin_top='30px' custom_margin_bottom='30px' custom_border_color='' custom_icon_color='' id='' custom_class='' template_class='' av_uid='av-37umc9' sc_version='1.0' admin_preview_bg='']\r\n\r\n[av_heading heading='PROG\u2019 CONCERTS' tag='h2' style='blockquote elegant-quote elegant-centered' subheading_active='' show_icon='' icon='ue800' font='entypo-fontello' size='' av-medium-font-size-title='' av-small-font-size-title='' av-mini-font-size-title='' subheading_size='' av-medium-font-size='' av-small-font-size='' av-mini-font-size='' icon_size='' av-medium-font-size-1='' av-small-font-size-1='' av-mini-font-size-1='' color='custom-color-heading' custom_font='#006b52' icon_color='' margin='' margin_sync='true' padding='10' icon_padding='10' link='' link_target='' id='' custom_class='' template_class='' av_uid='av-ilblq1' sc_version='1.0' admin_preview_bg='']\r\nPAS DE VENTE SUR PLACE\r\n[\/av_heading]\r\n\r\n[av_gallery ids='4776,4599,4777,4596' style='thumbnails' preview_size='portfolio' crop_big_preview_thumbnail='avia-gallery-big-crop-thumb' thumb_size='no scaling' columns='2' imagelink='lightbox' link_dest='' lightbox_text='no_text' lazyload='avia_lazyload' html_lazy_loading='disabled' alb_description='' id='' custom_class='' template_class='' av_uid='av-lcrsggto' sc_version='1.0' admin_preview_bg='']\r\n\r\n[\/av_cell_one_fourth][av_cell_one_fourth vertical_align='top' padding='30px,30px,30px,30px' background='bg_color' background_color='' background_gradient_color1='' background_gradient_color2='' background_gradient_direction='vertical' src='' attachment='' attachment_size='' background_attachment='scroll' background_position='top left' background_repeat='no-repeat' link='' linktarget='' link_hover='' mobile_display='' custom_class='' template_class='' av_uid='av-lcrskzkp' sc_version='1.0']\r\n\r\n[av_image src='http:\/\/mixarts.org\/association\/wp-content\/uploads\/2023\/01\/lun-300x300.jpg' attachment='4592' attachment_size='medium' copyright='' caption='' styling='' align='center' font_size='' overlay_opacity='0.4' overlay_color='#000000' overlay_text_color='#ffffff' animation='no-animation' hover='' appearance='' link='' target='' title_attr='' alt_attr='' lazy_loading='disabled' id='' custom_class='' template_class='' av_element_hidden_in_editor='0' av_uid='av-lcrs0jd3' sc_version='1.0' admin_preview_bg=''][\/av_image]\r\n\r\n[av_heading heading='PROG\u2019 JOURN\u00c9E' tag='h2' style='blockquote elegant-quote elegant-centered' subheading_active='' show_icon='' icon='ue800' font='entypo-fontello' size='' av-medium-font-size-title='' av-small-font-size-title='' av-mini-font-size-title='' subheading_size='' av-medium-font-size='' av-small-font-size='' av-mini-font-size='' icon_size='' av-medium-font-size-1='' av-small-font-size-1='' av-mini-font-size-1='' color='custom-color-heading' custom_font='#ea5044' icon_color='' margin='' margin_sync='true' padding='10' icon_padding='10' link='' link_target='' id='' custom_class='' template_class='' av_uid='av-lgdl78jd' sc_version='1.0' admin_preview_bg='']\r\nEn cours de construction ... !\r\n[\/av_heading]\r\n\r\n[av_toggle_container faq_markup='' initial='0' mode='accordion' sort='' styling='' colors='' font_color='' background_color='' border_color='' colors_current='' font_color_current='' background_current='' background_color_current='' background_gradient_current_color1='' background_gradient_current_color2='' background_gradient_current_direction='vertical' hover_colors='' hover_background_color='' hover_font_color='' alb_description='' id='' custom_class='' template_class='' av_uid='av-lh0kcb6g' sc_version='1.0']\r\n[av_toggle title='13h30 \u2022 SORTIE \u00ab D\u00e9couverte des plantes sauvages comestibles \u00bb' tags='' custom_id='' av_uid='av-lh0k3m28' sc_version='1.0']\r\n<span style=\"font-weight: 400;\">D\u00e9couverte des plantes sauvages comestibles avec d\u00e9couverte des plantes dans leur milieu, petit atelier culinaire et d\u00e9gustation. <em>\u2013 Venez vous mettre dans la peau d\u2019un\u00b7e cueilleur\u00b7euse pr\u00e9historique avec l\u2019herbaliste C\u00e9cile Aubel !<\/em><\/span>\r\n\r\n<b>\r\n<\/b><span style=\"font-weight: 400;\">Sur inscription : <\/span><a href=\"&#x6d;a&#x69;&#108;&#x74;&#111;:&#x61;u&#x62;&#101;&#x6c;&#46;c&#x65;&#99;&#x69;&#108;e&#x40;o&#x72;&#97;&#x6e;&#103;e&#x2e;f&#x72;\"><span style=\"font-weight: 400;\">&#x61;&#x75;&#98;e&#x6c;&#x2e;&#99;ec&#x69;&#x6c;&#101;&#64;&#x6f;&#x72;&#97;&#110;g&#x65;&#x2e;&#102;r<\/span><\/a>\r\n[\/av_toggle]\r\n[av_toggle title='D\u00e8s 14h00 \u2022 BOIS \u00ab Stand des artisanes \u00bb' tags='' custom_id='' av_uid='av-lh0k4a52' sc_version='1.0'][\/av_toggle]\r\n[av_toggle title='D\u00e8s 14h00 \u2022 JEUX EN BOIS' tags='' custom_id='' av_uid='av-lh0k4tdg' sc_version='1.0'][\/av_toggle]\r\n[av_toggle title='D\u00e8s 14h00 \u2022 VISITE \u00ab Visite du mus\u00e9e de l\u2019outil \u00e0 bois du ch\u00e2teau de Longpra \u00bb' tags='' custom_id='' av_uid='av-lh0k5oma' sc_version='1.0'][\/av_toggle]\r\n[av_toggle title='14h30 et 16h30 \u2022 SPECTACLE \u00ab Clownf\u00e9rence sur le genre \u00bb' tags='' custom_id='' av_uid='av-lh0k8tv5' sc_version='1.0']\r\n<span style=\"font-weight: 400;\">La clownf\u00e9rence sur le genre est un court num\u00e9ro clownesque qui s'int\u00e9resse aux st\u00e9r\u00e9otypes de genre. C\u00e9l\u00e8bre pour ses th\u00e9ories du genre, Quilucru vous explique enfin comment diff\u00e9rencier un homme d'une femme. Dr\u00f4le de mission pour ce personnage qui a bien des difficult\u00e9s \u00e0 parler en public.\u00a0<\/span><span style=\"font-weight: 400;\"> \u2013 <em>\u00c0 travers son num\u00e9ro de clown, Coralie Lali Lala questionne les st\u00e9r\u00e9otypes de genre et l'impact qu'ils ont sur les relations entre les femmes et les hommes.<\/em><\/span>\r\n[\/av_toggle]\r\n[av_toggle title='15h00 \u2022 SPECTACLE \u00ab Pochtromorphose \u00bb' tags='' custom_id='' av_uid='av-lh0kape8' sc_version='1.0']\r\nC'est l'histoire d'un personnage clownesque, pas tr\u00e8s \u00e0 l'aise face \u00e0 un public. Ce n'est que lorsque celui-ci lui t\u00e9moignera son plaisir qu'il prendra confiance en lui. L\u00e0, il donnera tout par besoin de reconnaissance, jusqu'\u00e0 l'\u00e9puisement, ce qui ne lui laissera d'autre choix que de se poser... Un repos agit\u00e9 va alors laisser place \u00e0 un \u00e9veil apais\u00e9.\u2013\u00a0 <em>Lundi 29 mai.<\/em>\r\n[\/av_toggle]\r\n[av_toggle title='17h00 \u2022 QUATUOR \u00ab Calmez-vous Madame ! \u00bb' tags='' custom_id='' av_uid='av-lh0kc8ga' sc_version='1.0']\r\n<span style=\"font-weight: 400;\">Calmez-vous Madame est un quatuor f\u00e9minin qui reprend et compose des chansons sur les femmes, pour les femmes, les hommes et tou\u00b7te\u00b7s les autres.<\/span>\r\n\r\n<span style=\"font-weight: 400;\">Marjorie Saillan : guitare et chant<\/span>\r\n\r\n<span style=\"font-weight: 400;\">Audrey Sevellec : guitare, chant, composition<\/span>\r\n\r\n<span style=\"font-weight: 400;\">Virginie Valissant : contrebasse, percussion et chant<\/span>\r\n\r\n<span style=\"font-weight: 400;\">Cavallo Isabelle : fl\u00fbte traversi\u00e8re, percussion et chant.<\/span>\r\n\r\n<span style=\"font-weight: 400;\"> \u2013 <em>Venez d\u00e9couvrir les m\u00e9lodies de Calmez-vous Madame le lundi 29 mai au ch\u00e2teau de Longra !<\/em><\/span>\r\n[\/av_toggle]\r\n[\/av_toggle_container]\r\n\r\n[\/av_cell_one_fourth][\/av_layout_row][av_button label='\u2022 Cliquez ici pour acc\u00e9der \u00e0 la Foire Aux Questions (F.A.Q) \u2022' icon_select='no' icon='ue800' font='entypo-fontello' link='post,3446' link_target='' size='x-large' position='center' label_display='' title_attr='' color_options='' color='custom' custom_bg='#006b52' custom_font='#ffffff' btn_color_bg='theme-color' btn_custom_bg='#444444' btn_color_bg_hover='theme-color-highlight' btn_custom_bg_hover='#444444' btn_color_font='theme-color' btn_custom_font='#ffffff' id='' custom_class='' template_class='' av_uid='av-l1z4qyp7' sc_version='1.0' admin_preview_bg='']\r\n\r\n[av_button label='\u2022 Cliquez ici pour DEVENIR B\u00c9N\u00c9VOLE \u2022' icon_select='no' icon='ue800' font='entypo-fontello' link='manually,https:\/\/framaforms.org\/formulaire-benevoles-bien-lbourgeon-edition-2023-1676382058' link_target='_blank' size='x-large' position='center' label_display='' title_attr='' color_options='' color='custom' custom_bg='#ffb900' custom_font='#ffffff' btn_color_bg='theme-color' btn_custom_bg='#444444' btn_color_bg_hover='theme-color-highlight' btn_custom_bg_hover='#444444' btn_color_font='theme-color' btn_custom_font='#ffffff' id='' custom_class='' template_class='' av_uid='av-lehcgu9v' sc_version='1.0' admin_preview_bg='']\r\n\r\n[av_slideshow_accordion slide_type='image-based' link='category' wc_prod_visible='' wc_prod_hidden='hide' wc_prod_featured='' prod_order_by='' prod_order='' date_filter='' date_filter_start='' date_filter_end='' date_filter_format='yy\/mm\/dd' items='5' offset='0' title='active' accordion_align='' custom_title_size='' av-medium-font-size-title='' av-small-font-size-title='' av-mini-font-size-title='' custom_excerpt_size='' av-medium-font-size='' av-small-font-size='' av-mini-font-size='' size='magazine' autoplay='true' interval='4' heading_tag='' heading_class='' lazy_loading='disabled' id='' custom_class='' template_class='' av_uid='av-l1dnqje0' sc_version='1.0']\r\n[av_slide_accordion id='4584' title='' heading_tag='' heading_class='' link='' link_target='' av_uid='av-dxbxo9' sc_version='1.0'][\/av_slide_accordion]\r\n[av_slide_accordion id='4585' title='' heading_tag='' heading_class='' link='' link_target='' av_uid='av-bts109' sc_version='1.0'][\/av_slide_accordion]\r\n[av_slide_accordion id='4586' title='' heading_tag='' heading_class='' link='' link_target='' av_uid='av-ajtsjd' sc_version='1.0'][\/av_slide_accordion]\r\n[av_slide_accordion id='4587' title='' heading_tag='' heading_class='' link='' link_target='' av_uid='av-929myh' sc_version='1.0'][\/av_slide_accordion]\r\n[av_slide_accordion id='4588' title='' heading_tag='' heading_class='' link='' link_target='' av_uid='av-7dsurd' sc_version='1.0'][\/av_slide_accordion]\r\n[av_slide_accordion id='4589' title='' heading_tag='' heading_class='' link='' link_target='' av_uid='av-5grfg9' sc_version='1.0'][\/av_slide_accordion]\r\n[av_slide_accordion id='4590' title='' heading_tag='' heading_class='' link='' link_target='' av_uid='av-3lrb15' sc_version='1.0'][\/av_slide_accordion]\r\n[av_slide_accordion id='4591' title='' heading_tag='' heading_class='' link='' link_target='' av_uid='av-2lfv4p' sc_version='1.0'][\/av_slide_accordion]\r\n[\/av_slideshow_accordion]\r\n\r\n[av_layout_row border='' min_height_percent='' min_height_pc='25' min_height='0' color='main_color' mobile='av-flex-cells' mobile_breaking='' id='' custom_class='' template_class='' aria_label='' av_element_hidden_in_editor='0' av_uid='av-5pw05l' sc_version='1.0']\r\n[av_cell_one_full av_uid='av-fifrd']\r\n\r\n[av_image src='http:\/\/mixarts.org\/association\/wp-content\/uploads\/2022\/05\/Plan-RVB-pour-site-web-scaled.jpg' attachment='3605' attachment_size='full' copyright='' caption='' styling='' align='center' font_size='' overlay_opacity='0.4' overlay_color='#000000' overlay_text_color='#ffffff' animation='no-animation' hover='' appearance='' link='' target='_blank' title_attr='' alt_attr='' lazy_loading='disabled' id='' custom_class='' template_class='' av_element_hidden_in_editor='0' av_uid='av-23jkop' sc_version='1.0' admin_preview_bg=''][\/av_image]\r\n\r\n[\/av_cell_one_full]\r\n[\/av_layout_row]\r\n\r\n[av_layout_row border='' min_height_percent='' min_height_pc='25' min_height='0' color='main_color' mobile='av-flex-cells' mobile_breaking='' av-desktop-hide='' av-medium-hide='' av-small-hide='' av-mini-hide='' id='' custom_class='' template_class='' aria_label='' av_element_hidden_in_editor='0' av_uid='av-k9kusx' sc_version='1.0']\r\n[av_cell_one_full vertical_align='top' padding='30px' background='bg_color' background_color='' background_gradient_color1='' background_gradient_color2='' background_gradient_direction='vertical' src='' background_attachment='scroll' background_position='top left' background_repeat='no-repeat' link='' linktarget='' link_hover='' mobile_display='' custom_class='' template_class='' av_uid='av-jjzn81' sc_version='1.0']\r\n\r\n[av_heading heading='PARTENAIRES' tag='h3' style='blockquote elegant-quote elegant-centered' subheading_active='' show_icon='' icon='ue800' font='entypo-fontello' size='' av-medium-font-size-title='' av-small-font-size-title='' av-mini-font-size-title='' subheading_size='' av-medium-font-size='' av-small-font-size='' av-mini-font-size='' icon_size='' av-medium-font-size-1='' av-small-font-size-1='' av-mini-font-size-1='' color='custom-color-heading' custom_font='#006b52' icon_color='' margin='' margin_sync='true' padding='10' icon_padding='10' link='' link_target='' id='' custom_class='' template_class='' av_uid='av-l38xyx6e' sc_version='1.0' admin_preview_bg=''][\/av_heading]\r\n\r\n[av_testimonials style='grid' columns='2' grid_style='' font_color='' custom_title='' custom_content='' interval='5' alb_description='' id='' custom_class='' template_class='' av_uid='av-l9tie9' sc_version='1.0' admin_preview_bg='']\r\n[av_testimonial_single src='3612' name='Le Cairn' subtitle='Monnaie locale' link='http:\/\/' linktext='' av_uid='av-ja2ka9' sc_version='1.0']\r\nLe Cairn est la monnaie locale qui circule dans la moiti\u00e9 sud de l\u2019Is\u00e8re.\r\n[\/av_testimonial_single]\r\n[av_testimonial_single src='3613' name='Best Western \/ H\u00f4tel le Palladior' subtitle='H\u00f4tel' link='http:\/\/' linktext='' av_uid='av-1t8ykx' sc_version='1.0']\r\nH\u00f4tel-Restaurant-S\u00e9minaires-Terrasse \/\/ 04.76.06.47.47\r\n[\/av_testimonial_single]\r\n[av_testimonial_single src='3624' name='CITIZ' subtitle='R\u00e9seau d\u2019autopartage en France' link='http:\/\/citiz.coop\/' linktext='' av_uid='av-fq2d81' sc_version='1.0']\r\nLocation de voitures partag\u00e9es\u00a0<em>Citiz<\/em>\u00a0: le premier r\u00e9seau coop\u00e9ratif d'autopartage.\r\n[\/av_testimonial_single]\r\n[av_testimonial_single src='3614' name='La Dauphine' subtitle='Brasserie artisanale du Val d\u2019Ainan' link='http:\/\/' linktext='' av_uid='av-e340wh' sc_version='1.0']\r\nBrasserie artisanale avec qui nous travaillons pour de nombreux \u00e9v\u00e9nements de l'association et qui accueille le Festival Bien l'Bourgeon.\r\n[\/av_testimonial_single]\r\n[av_testimonial_single src='3615' name='Pays Voironnais' subtitle='Communaut\u00e9 d\u2019agglom\u00e9ration du Pays voironnais' link='http:\/\/' linktext='' av_uid='av-cvzdu9' sc_version='1.0']\r\nLa communaut\u00e9 d'agglom\u00e9ration du Pays Voironnais - centr\u00e9e autour de la ville de Voiron dans le d\u00e9partement de l'Is\u00e8re.\r\n[\/av_testimonial_single]\r\n[av_testimonial_single src='3616' name='D\u00e9partement de l\u2019Is\u00e8re' subtitle='Collectivit\u00e9 territoriale' link='http:\/\/' linktext='' av_uid='av-ashu1t' sc_version='1.0']\r\nLe D\u00e9partement de l\u2019Is\u00e8re est une collectivit\u00e9 territoriale, repr\u00e9sentant les 29 cantons de l\u2019Is\u00e8re.\r\n[\/av_testimonial_single]\r\n[av_testimonial_single src='3617' name='Festivals ind\u00e9pendants et non lucratifs' subtitle='Syndicat des Musiques Actuelles' link='http:\/\/' linktext='' av_uid='av-8vfzb5' sc_version='1.0']\r\nDes festivals ouverts, soucieux de leur impact et appuy\u00e9s par une autre vision de l\u2019\u00e9conomie, plus humaine, plus sociale et plus solidaire.\r\n[\/av_testimonial_single]\r\n[av_testimonial_single src='3618' name='GAIA' subtitle='Grenoble Alpes Initiative Active' link='http:\/\/' linktext='' av_uid='av-of9mp' sc_version='1.0']\r\nAu service du territoire is\u00e9rois depuis 1998, GAIA soutient et donne les moyens d\u2019agir \u00e0 celles et ceux qui \u0153uvrent pour une \u00e9conomie de proximit\u00e9 et porteuse de sens.\r\n[\/av_testimonial_single]\r\n[av_testimonial_single src='' name='R\u00e9gion Rh\u00f4ne-Alpes Auvergne' subtitle='Collectivit\u00e9 territoriale ' link='http:\/\/' linktext='' av_uid='av-5kbkld' sc_version='1.0']\r\nLa <em>r\u00e9gion Auvergne Rh\u00f4ne Alpes<\/em> met \u00e0 disposition nombreuses aides et services.\r\n[\/av_testimonial_single]\r\n[av_testimonial_single src='3619' name='CNM' subtitle='Centre National de la Musique ' link='http:\/\/' linktext='' av_uid='av-3ike69' sc_version='1.0']\r\nLe\u00a0<em>CNM<\/em>\u00a0a pour mission de soutenir les professionnels de la musique et des vari\u00e9t\u00e9s dans leur d\u00e9veloppement en France et \u00e0 l'international.\r\n[\/av_testimonial_single]\r\n[av_testimonial_single src='3620' name='SACEM' subtitle='Soci\u00e9t\u00e9 des auteurs, compositeurs et \u00e9diteurs de musique' link='http:\/\/' linktext='' av_uid='av-2n8clt' sc_version='1.0']\r\nLa musique accompagne nos vies et depuis 1851, la\u00a0<em>Sacem<\/em>\u00a0accompagne celles et ceux qui la cr\u00e9ent : auteurs, compositeurs et \u00e9diteurs.\r\n[\/av_testimonial_single]\r\n[av_testimonial_single src='4804' name='Radio Couleur Chartreuse' subtitle='Radio associative du territoire de Chartreuse' link='' linktext='' av_uid='av-2n8clt-2' sc_version='1.0']\r\n<em>La radio qui ne manque pas d\u2019air !<\/em> Radio couleur chartreuse est une radio associative de cat\u00e9gorie A qui diffuse sur les 17 communes du massif de la chartreuse et alentours en Savoie et en Is\u00e8re. Elle a pour objectif de promouvoir les actions, les \u00e9v\u00e9nements et initiatives locales, culturelles ou sociales.\r\n[\/av_testimonial_single]\r\n[av_testimonial_single src='4805' name='Radio Gr\u00e9sivaudan' subtitle='Radio associative du Gr\u00e9sivaudan' link='' linktext='' av_uid='av-2n8clt-1' sc_version='1.0']\r\nRadio Gr\u00e9sivaudan est une station de radio associative non commerciale is\u00e9roise g\u00e9n\u00e9raliste de cat\u00e9gorie A cr\u00e9\u00e9e au troisi\u00e8me trimestre 1981 par un groupe form\u00e9 d'acteurs socio-culturels, de militants d\u2019associations.\r\n[\/av_testimonial_single]\r\n[\/av_testimonials]\r\n\r\n[\/av_cell_one_full]\r\n[\/av_layout_row]\r\n\r\n\n","protected":false},"excerpt":{"rendered":"","protected":false},"author":1,"featured_media":4483,"comment_status":"closed","ping_status":"open","sticky":false,"template":"","format":"standard","meta":{"_monsterinsights_skip_tracking":false,"_monsterinsights_sitenote_active":false,"_monsterinsights_sitenote_note":"","_monsterinsights_sitenote_category":0,"footnotes":""},"categories":[28],"tags":[],"class_list":["post-4482","post","type-post","status-publish","format-standard","has-post-thumbnail","hentry","category-28"],"aioseo_notices":[],"_links":{"self":[{"href":"https:\/\/mixarts.org\/association\/wp-json\/wp\/v2\/posts\/4482","targetHints":{"allow":["GET"]}}],"collection":[{"href":"https:\/\/mixarts.org\/association\/wp-json\/wp\/v2\/posts"}],"about":[{"href":"https:\/\/mixarts.org\/association\/wp-json\/wp\/v2\/types\/post"}],"author":[{"embeddable":true,"href":"https:\/\/mixarts.org\/association\/wp-json\/wp\/v2\/users\/1"}],"replies":[{"embeddable":true,"href":"https:\/\/mixarts.org\/association\/wp-json\/wp\/v2\/comments?post=4482"}],"version-history":[{"count":2,"href":"https:\/\/mixarts.org\/association\/wp-json\/wp\/v2\/posts\/4482\/revisions"}],"predecessor-version":[{"id":4762,"href":"https:\/\/mixarts.org\/association\/wp-json\/wp\/v2\/posts\/4482\/revisions\/4762"}],"wp:featuredmedia":[{"embeddable":true,"href":"https:\/\/mixarts.org\/association\/wp-json\/wp\/v2\/media\/4483"}],"wp:attachment":[{"href":"https:\/\/mixarts.org\/association\/wp-json\/wp\/v2\/media?parent=4482"}],"wp:term":[{"taxonomy":"category","embeddable":true,"href":"https:\/\/mixarts.org\/association\/wp-json\/wp\/v2\/categories?post=4482"},{"taxonomy":"post_tag","embeddable":true,"href":"https:\/\/mixarts.org\/association\/wp-json\/wp\/v2\/tags?post=4482"}],"curies":[{"name":"wp","href":"https:\/\/api.w.org\/{rel}","templated":true}]}}