{"id":4781,"date":"2023-03-18T16:36:00","date_gmt":"2023-03-18T15:36:00","guid":{"rendered":"https:\/\/mixarts.org\/association\/?p=4781"},"modified":"2023-06-08T10:02:33","modified_gmt":"2023-06-08T09:02:33","slug":"18-03-concert-antifasciste-visa","status":"publish","type":"post","link":"https:\/\/mixarts.org\/association\/2023\/18-03-concert-antifasciste-visa\/","title":{"rendered":"18\/03 &#8211; CONCERT ANTIFASCISTE VISA"},"content":{"rendered":"<div id='av-layout-grid-1'  class='av-layout-grid-container av-371tzz-ef2f53ffa1d4b7776e1b6bf1d8191761 entry-content-wrapper main_color av-flex-cells  avia-builder-el-0  el_before_av_section  avia-builder-el-first   container_wrap fullsize'  >\n\n<style type=\"text\/css\" data-created_by=\"avia_inline_auto\" id=\"style-css-av-k80gnmn9-1e9ea6dadfdb6473ff5951bdb26ccfc1\">\n.flex_cell.av-k80gnmn9-1e9ea6dadfdb6473ff5951bdb26ccfc1{\nvertical-align:top;\n}\n.responsive #top #wrap_all .flex_cell.av-k80gnmn9-1e9ea6dadfdb6473ff5951bdb26ccfc1{\npadding:30px 10px 30px 200px !important;\n}\n<\/style>\n<div class='flex_cell av-k80gnmn9-1e9ea6dadfdb6473ff5951bdb26ccfc1 av-gridrow-cell av_one_third no_margin  avia-builder-el-1  el_before_av_cell_two_third  avia-builder-el-first '  ><div class='flex_cell_inner'><section  class='av_textblock_section av-k7c7npe2-8dbb3a3540132a51b6fb60ff11687c08 '   itemscope=\"itemscope\" itemtype=\"https:\/\/schema.org\/BlogPosting\" itemprop=\"blogPost\" ><div class='avia_textblock'  itemprop=\"text\" ><h2><span style=\"color: #ff1616;\"><strong> <br class=\"avia-permanent-lb\" \/>CONCERT ANTIFASCISTE\u00a0<\/strong><\/span><\/h2>\n<h2><strong>AVEC :<br \/>\nMOONLIGHT BENJAMIN<br \/>\n+ EESAH YASUKE<br \/>\n+ LES COUREURS DE REMPART<\/strong><\/h2>\n<h2 style=\"text-align: left;\"><span style=\"color: #167131;\">\u00a0<\/span><\/h2>\n<p style=\"text-align: left;\">\n<h4 style=\"text-align: left;\"><strong>\u00e0 La Bifurk (38)<\/strong><br \/>\n<strong>D\u00e8s 19h00 &#8211; Tarification solidaire : 12 \/ 15 \/ 20\u20ac<\/strong><\/h4>\n<\/div><\/section><br \/>\n<div  class='avia-buttonrow-wrap av-k7c6s671-a378d12d188556f92afffb6f3f1ecea3 avia-buttonrow-left  avia-builder-el-3  el_after_av_textblock  avia-builder-el-last '>\n\n<style type=\"text\/css\" data-created_by=\"avia_inline_auto\" id=\"style-css-av-4i87z3-769399142a962c6eb2b5877f9379aa30\">\n#top #wrap_all .avia-button.av-4i87z3-769399142a962c6eb2b5877f9379aa30{\nbackground-color:#ff1616;\nborder-color:#ff1616;\ncolor:#ffffff;\ntransition:all 0.4s ease-in-out;\nmargin-bottom:5px;\nmargin-right:5px;\n}\n<\/style>\n<a href='https:\/\/www.facebook.com\/events\/872705060622540\/' class='avia-button av-4i87z3-769399142a962c6eb2b5877f9379aa30 avia-icon_select-yes-left-icon avia-size-small' target=\"_blank\" rel=\"noopener noreferrer\"><span class='avia_button_icon avia_button_icon_left ' aria-hidden='true' data-av_icon='\ue8f4' data-av_iconfont='entypo-fontello'><\/span><span class='avia_iconbox_title' >\u00c9v\u00e9nement Facebook<\/span><\/a>\n\n<style type=\"text\/css\" data-created_by=\"avia_inline_auto\" id=\"style-css-av-2wsbj3-602013675ac046ab6725c4dfd1a80932\">\n#top #wrap_all .avia-button.av-2wsbj3-602013675ac046ab6725c4dfd1a80932{\nbackground-color:#ff1616;\nborder-color:#ff1616;\ncolor:#ffffff;\ntransition:all 0.4s ease-in-out;\nmargin-bottom:5px;\nmargin-right:5px;\n}\n<\/style>\n<a href='https:\/\/www.billetweb.fr\/concert-antifasciste-avec-moonlight-benjamin-eesah-yasuke-les-coureurs-de-rempart'  class='avia-button av-2wsbj3-602013675ac046ab6725c4dfd1a80932 avia-icon_select-yes-left-icon avia-size-small'  ><span class='avia_button_icon avia_button_icon_left ' aria-hidden='true' data-av_icon='\ue817' data-av_iconfont='entypo-fontello'><\/span><span class='avia_iconbox_title' >Billetterie<\/span><\/a>\n<\/div><\/p>\n<\/div><\/div>\n<style type=\"text\/css\" data-created_by=\"avia_inline_auto\" id=\"style-css-av-k80gnv1y-164a89b76f75bb981adbacebf9068db0\">\n.flex_cell.av-k80gnv1y-164a89b76f75bb981adbacebf9068db0{\nvertical-align:top;\n}\n.responsive #top #wrap_all .flex_cell.av-k80gnv1y-164a89b76f75bb981adbacebf9068db0{\npadding:30px 200px 30px 10px !important;\n}\n<\/style>\n<div class='flex_cell av-k80gnv1y-164a89b76f75bb981adbacebf9068db0 av-gridrow-cell av_two_third no_margin  avia-builder-el-4  el_after_av_cell_one_third  avia-builder-el-last '  ><div class='flex_cell_inner'>\n<style type=\"text\/css\" data-created_by=\"avia_inline_auto\" id=\"style-css-av-k80gm6ca-98e850280d06fa5a25e1b2318684d8e3\">\n.avia-image-container.av-k80gm6ca-98e850280d06fa5a25e1b2318684d8e3 img.avia_image{\nbox-shadow:none;\n}\n.avia-image-container.av-k80gm6ca-98e850280d06fa5a25e1b2318684d8e3 .av-caption-image-overlay-bg{\nopacity:0.7;\nbackground-color:#000000;\n}\n.avia-image-container.av-k80gm6ca-98e850280d06fa5a25e1b2318684d8e3 .av-image-caption-overlay-center{\ncolor:#ffffff;\n}\n<\/style>\n<div  class='avia-image-container av-k80gm6ca-98e850280d06fa5a25e1b2318684d8e3 av-styling- avia_animated_image av-animated-when-visible-95 fade-in avia-align-left  avia-builder-el-5  avia-builder-el-no-sibling  noHover av-overlay-on-hover'   itemprop=\"image\" itemscope=\"itemscope\" itemtype=\"https:\/\/schema.org\/ImageObject\" ><div class=\"avia-image-container-inner\"><div class=\"avia-image-overlay-wrap\"><div class=\"av-image-caption-overlay\"><div class=\"av-caption-image-overlay-bg\"><\/div><div class=\"av-image-caption-overlay-position\"><div class=\"av-image-caption-overlay-center\"><p>Dans le cadre du Mois D\u00e9colonial, VISA 38 \u2013 pour Vigilance et Initiatives Syndicales Antifascistes \u2013 et Mix\u2019Arts s\u2019associent pour vous proposer un concert militant et soutenir la lutte contre le racisme et l\u2019extr\u00eame droite. Au programme : du blues-rock avec Moonlight Benjamin, du hip hop avec Eesah Yasuke, et du rock-musette avec Les Coureurs de Rempart.<\/p>\n<\/div><\/div><\/div><img fetchpriority=\"high\" class='wp-image-4782 avia-img-lazy-loading-not-4782 avia_image ' src='https:\/\/mixarts.org\/association\/wp-content\/uploads\/2023\/02\/bandeau-facebook-complet-concert-visa-a-faire-valider-1024x577.png' alt='' title='bandeau facebook complet concert visa - \u00e0 faire valider'  height=\"577\" width=\"1024\"  itemprop=\"thumbnailUrl\"  \/><\/div><\/div><\/div>\n<\/div><\/div><\/div><div id='av_section_1'  class='avia-section av-k7c58qgc-2707f0225a56a8587186063ec6661338 main_color avia-section-default avia-no-border-styling  avia-builder-el-6  el_after_av_layout_row  avia-builder-el-last  avia-bg-style-scroll container_wrap fullsize'  ><div class='container av-section-cont-open' ><div class='template-page content  av-content-full alpha units'><div class='post-entry post-entry-type-page post-entry-4781'><div class='entry-content-wrapper clearfix'>\n\n<style type=\"text\/css\" data-created_by=\"avia_inline_auto\" id=\"style-css-av-k7c5hjp4-adecfaf7c2bc31c1a0937cfc044ae2b5\">\n#top .flex_column.av-k7c5hjp4-adecfaf7c2bc31c1a0937cfc044ae2b5{\nmargin-top:0px;\nmargin-bottom:0px;\n}\n.flex_column.av-k7c5hjp4-adecfaf7c2bc31c1a0937cfc044ae2b5{\nborder-radius:0px 0px 0px 0px;\npadding:3px 3px 3px 3px;\n}\n.responsive #top #wrap_all .flex_column.av-k7c5hjp4-adecfaf7c2bc31c1a0937cfc044ae2b5{\nmargin-top:0px;\nmargin-bottom:0px;\n}\n<\/style>\n<div  class='flex_column av-k7c5hjp4-adecfaf7c2bc31c1a0937cfc044ae2b5 av_one_third  avia-builder-el-7  el_before_av_two_fifth  avia-builder-el-first  first flex_column_div  '     ><p><div  class='avia-video av-k7c5bgzv-1fdbc0a64e09b97fadf2852b3dd3aa7d avia-video-16-9 av-no-preview-image avia-video-load-always av-lazyload-immediate av-lazyload-video-embed'  itemprop=\"video\" itemtype=\"https:\/\/schema.org\/VideoObject\"  data-original_url='https:\/\/www.youtube.com\/watch?v=HshFoAVWtBQ&ab_channel=moonlightbenjamin'><script type='text\/html' class='av-video-tmpl'><div class='avia-iframe-wrap'><iframe loading=\"lazy\" title=\"Moonlight Benjamin - Memwa&#039;n - official clip - Siltane - 2018\" width=\"1500\" height=\"844\" src=\"https:\/\/www.youtube.com\/embed\/HshFoAVWtBQ?feature=oembed&autoplay=0&loop=0&controls=1&mute=0\" frameborder=\"0\" allow=\"accelerometer; autoplay; clipboard-write; encrypted-media; gyroscope; picture-in-picture; web-share\" allowfullscreen><\/iframe><\/div><\/script><div class='av-click-to-play-overlay'><div class=\"avia_playpause_icon\"><\/div><\/div><\/div><br \/>\n<div  class='avia-video av-k7c5bgzv-179fd2d4b31a3afa80bfe56e50da3061 avia-video-16-9 av-no-preview-image avia-video-load-always av-lazyload-immediate av-lazyload-video-embed'  itemprop=\"video\" itemtype=\"https:\/\/schema.org\/VideoObject\"  data-original_url='https:\/\/www.youtube.com\/watch?v=0SpWHsjXmbE&ab_channel=EESAHYASUKE'><script type='text\/html' class='av-video-tmpl'><div class='avia-iframe-wrap'><iframe loading=\"lazy\" title=\"Eesah Yasuke- NGR (prod.Waxy) (clip officiel) 3\/3 #triptik\" width=\"1500\" height=\"844\" src=\"https:\/\/www.youtube.com\/embed\/0SpWHsjXmbE?feature=oembed&autoplay=0&loop=0&controls=1&mute=0\" frameborder=\"0\" allow=\"accelerometer; autoplay; clipboard-write; encrypted-media; gyroscope; picture-in-picture; web-share\" allowfullscreen><\/iframe><\/div><\/script><div class='av-click-to-play-overlay'><div class=\"avia_playpause_icon\"><\/div><\/div><\/div><br \/>\n<div  class='avia-video av-k7c5bgzv-2dc75645cb282406e2d7b422edb16bb4 avia-video-16-9 av-no-preview-image avia-video-load-always av-lazyload-immediate av-lazyload-video-embed'  itemprop=\"video\" itemtype=\"https:\/\/schema.org\/VideoObject\"  data-original_url='https:\/\/www.youtube.com\/watch?v=ddGCsj9GXEk&ab_channel=LesCoureursdeRempart'><script type='text\/html' class='av-video-tmpl'><div class='avia-iframe-wrap'><iframe loading=\"lazy\" title=\"Les Coureurs de Rempart - Il Faut Mourir (Clip Officiel 2021)\" width=\"1500\" height=\"844\" src=\"https:\/\/www.youtube.com\/embed\/ddGCsj9GXEk?feature=oembed&autoplay=0&loop=0&controls=1&mute=0\" frameborder=\"0\" allow=\"accelerometer; autoplay; clipboard-write; encrypted-media; gyroscope; picture-in-picture; web-share\" allowfullscreen><\/iframe><\/div><\/script><div class='av-click-to-play-overlay'><div class=\"avia_playpause_icon\"><\/div><\/div><\/div><br \/>\n\n<style type=\"text\/css\" data-created_by=\"avia_inline_auto\" id=\"style-css-av-leiex70h-4f3ba0e6313ff8981f33067404d1e9aa\">\n.avia-image-container.av-leiex70h-4f3ba0e6313ff8981f33067404d1e9aa img.avia_image{\nbox-shadow:none;\n}\n.avia-image-container.av-leiex70h-4f3ba0e6313ff8981f33067404d1e9aa .av-caption-image-overlay-bg{\nopacity:0.8;\nbackground-color:#000000;\n}\n.avia-image-container.av-leiex70h-4f3ba0e6313ff8981f33067404d1e9aa .av-image-caption-overlay-center{\ncolor:#ffffff;\n}\n<\/style>\n<div  class='avia-image-container av-leiex70h-4f3ba0e6313ff8981f33067404d1e9aa av-styling- av-img-linked avia-align-center  avia-builder-el-11  el_after_av_video  avia-builder-el-last  noHover av-overlay-on-hover'   itemprop=\"image\" itemscope=\"itemscope\" itemtype=\"https:\/\/schema.org\/ImageObject\" ><div class=\"avia-image-container-inner\"><div class=\"avia-image-overlay-wrap\"><a href=\"https:\/\/moisdecolonial.fr\/\" class='avia_image ' target=\"_blank\" rel=\"noopener noreferrer\" aria-label='Mois D\u00e9colonial + Fleur + 3e edition'><div class=\"av-image-caption-overlay\"><div class=\"av-caption-image-overlay-bg\"><\/div><div class=\"av-image-caption-overlay-position\"><div class=\"av-image-caption-overlay-center\"><p>Cliquez ici pour en savoir plus sur le Mois D\u00e9colonial<\/p>\n<\/div><\/div><\/div><img fetchpriority=\"high\" class='wp-image-4787 avia-img-lazy-loading-not-4787 avia_image ' src='https:\/\/mixarts.org\/association\/wp-content\/uploads\/2023\/02\/Mois-Decolonial-Fleur-3e-edition-300x149.png' alt='' title='Mois D\u00e9colonial + Fleur + 3e edition'  height=\"149\" width=\"300\"  itemprop=\"thumbnailUrl\"  \/><\/a><\/div><\/div><\/div><\/p><\/div>\n<style type=\"text\/css\" data-created_by=\"avia_inline_auto\" id=\"style-css-av-by5hwv-b604c69bc44ab65397cdcbf2305f1366\">\n#top .flex_column.av-by5hwv-b604c69bc44ab65397cdcbf2305f1366{\nmargin-top:0px;\nmargin-bottom:0px;\n}\n.flex_column.av-by5hwv-b604c69bc44ab65397cdcbf2305f1366{\nborder-radius:0px 0px 0px 0px;\npadding:0px 0px 0px 0px;\n}\n.responsive #top #wrap_all .flex_column.av-by5hwv-b604c69bc44ab65397cdcbf2305f1366{\nmargin-top:0px;\nmargin-bottom:0px;\n}\n<\/style>\n<div  class='flex_column av-by5hwv-b604c69bc44ab65397cdcbf2305f1366 av_two_fifth  avia-builder-el-12  el_after_av_one_third  el_before_av_one_fourth  flex_column_div av-zero-column-padding  '     ><section  class='av_textblock_section av-k7c5fdis-873f45a4c382bd5871ae7372d0c3be12 '   itemscope=\"itemscope\" itemtype=\"https:\/\/schema.org\/BlogPosting\" itemprop=\"blogPost\" ><div class='avia_textblock'  itemprop=\"text\" ><h4 style=\"text-align: left;\"><span style=\"color: #ff1616;\"><strong>MOONLIGHT BENJAMIN \u2013 Haiti \/ France \u2013 voodoo blues rock<\/strong><\/span><\/h4>\n<p style=\"text-align: left;\">Vodu blues-rock incantatoire, par une pr\u00eatresse vaudou rebelle. Du vodou Haitien inspir\u00e9 par les Black Keys , Dr John, Alabama Shakes ou The White Stripes. Un m\u00e9lange musical mystifiant et mystique, quasi-shamanique, une incantation lib\u00e9ratrice au milieu des guitares d\u00e9cha\u00een\u00e9es et des batteries percussives. D\u00e9crite comme la \u00ab Patti Smith Ha\u00eftienne \u00bb par le journal anglais The Guardian, et playlist\u00e9e par Iggy Pop himself sur la BBC, la chanteuse et pr\u00eatresse vaudou poursuit son exploration d\u2019un blues rock carib\u00e9en unique et nous propose un live puissant dans lesquels sa voix incroyable se confronte aux guitares fi\u00e9vreuses et satur\u00e9es \u2026 Port\u00e9 par un son plus profond et plus sombre, et par la voix unique de Moonlight, influenc\u00e9 par Alabama Shakes comme par Oumou Sangar\u00e9 or Dr John, le nouveau spectacle \/ album \u00ab Wayo \u00bb est un v\u00e9ritable cri, un m\u00e9lange musical mystifiant et mystique, quasi-shamanique, une \u00ab incantation lib\u00e9ratrice \u00bb (dixit Fip) au milieu des guitares d\u00e9cha\u00een\u00e9es et des tambours percussifs. La puissante et in\u00e9dite fusion entre les m\u00e9lodies et rythmes vaudou de la Cara\u00efbe, et le blues rock US des 70\u2019s ; le choc entre la voix puissante et r\u00e9volt\u00e9e de Moonlight et la tension des guitares satur\u00e9es \u2026 la transe vaudou sous une forme in\u00e9dite et d\u00e9tonante !<\/p>\n<hr \/>\n<\/div><\/section><br \/>\n<section  class='av_textblock_section av-leieo0jq-69a7a8acaa4812ee711608f3cb03ccd1 '   itemscope=\"itemscope\" itemtype=\"https:\/\/schema.org\/BlogPosting\" itemprop=\"blogPost\" ><div class='avia_textblock'  itemprop=\"text\" ><h4 style=\"text-align: left;\"><span style=\"color: #ff1616;\"><strong>EESAH YASUKE \u2013 rap, hip-hop<\/strong><\/span><\/h4>\n<p style=\"text-align: left;\">L\u2019\u00e9criture : un refuge. Le rap : son exutoire. Eesah Yasuke, quelques lettres pour une plume abrupte et sinc\u00e8re. De Roubaix (quartier des 3 ponts) \u00e0 Lille, Eesah (prononcer [i\u00e7a]) a un parcours qu\u2019elle ne cache pas. Du moins, dont elle ne se cache plus\u2026 Plac\u00e9e en foyer \u00e0 l\u2019adolescence, sa catharsis se r\u00e9alise alors par les livres et l\u2019\u00e9criture. Etudes de sociologie, \u00e9ducatrice sp\u00e9cialis\u00e9e\u2026 Eesah navigue entre exp\u00e9riences professionnelles et humaines progressant toujours vers ce qui lui correspond le mieux. Jusqu\u2019au rap en 2018, date \u00e0 laquelle elle passe le cap. De tout ce parcours \u00e9merge alors son premier EP Cadavre 3xquis. Un premier projet dans lequel Eesah refuse l\u2019apitoiement sur son v\u00e9cu, et pr\u00e9f\u00e8re en sortir une r\u00e9flexion sur le d\u00e9passement de soi.<\/p>\n<hr \/>\n<\/div><\/section><br \/>\n<section  class='av_textblock_section av-leieomzr-018ecbb01d7d27070b3b0e0356b8087d '   itemscope=\"itemscope\" itemtype=\"https:\/\/schema.org\/BlogPosting\" itemprop=\"blogPost\" ><div class='avia_textblock'  itemprop=\"text\" ><h4 style=\"text-align: left;\"><span style=\"color: #ff1616;\"><strong>LES COUREURS DE REMPART \u2013 France \u2013 chanson rock libertaire \/ punk musette<\/strong><\/span><\/h4>\n<p style=\"text-align: left;\">Venu-e-s pour faire pogoter les grands-parents et chialer les keupons, Les Coureurs de Rempart montent sur sc\u00e8ne comme sur une barricade. Sous un chapiteau, en festival dans un squat, ou accoud\u00e9-e-s \u00e0 un comptoir, les quatre comparses chantent la soci\u00e9t\u00e9 du c\u00f4t\u00e9 des opprim\u00e9s et des mutines. Leur nouvel album \u00ab En Cendres\u2026 \u00bb, sorti en 2021, marque un nouveau chapitre de leur histoire. Ayant affin\u00e9 son identit\u00e9 musicale, le combo grenoblois (accord\u00e9on, guitare, contrebasse et batterie), ass\u00e8ne un coup de rap et de rock \u00e0 la chanson de leur pr\u00e9c\u00e9dent album. Assoiff\u00e9-e-s de sc\u00e8ne, Les Coureurs de Rempart l\u00e8vent leurs verres et \u00e9l\u00e8vent la voix pour tout-e-s les enrag\u00e9-e-s !<\/p>\n<hr \/>\n<\/div><\/section><\/p><\/div>\n<style type=\"text\/css\" data-created_by=\"avia_inline_auto\" id=\"style-css-av-avyr67-8024e25dcce0e5eadfb5157a080468eb\">\n#top .flex_column.av-avyr67-8024e25dcce0e5eadfb5157a080468eb{\nmargin-top:0px;\nmargin-bottom:0px;\n}\n.flex_column.av-avyr67-8024e25dcce0e5eadfb5157a080468eb{\nborder-radius:0px 0px 0px 0px;\npadding:0px 0px 0px 0px;\n}\n.responsive #top #wrap_all .flex_column.av-avyr67-8024e25dcce0e5eadfb5157a080468eb{\nmargin-top:0px;\nmargin-bottom:0px;\n}\n<\/style>\n<div  class='flex_column av-avyr67-8024e25dcce0e5eadfb5157a080468eb av_one_fourth  avia-builder-el-16  el_after_av_two_fifth  avia-builder-el-last  flex_column_div av-zero-column-padding  '     ><section  class='av_textblock_section av-k7c5fdis-873f45a4c382bd5871ae7372d0c3be12 '   itemscope=\"itemscope\" itemtype=\"https:\/\/schema.org\/BlogPosting\" itemprop=\"blogPost\" ><div class='avia_textblock'  itemprop=\"text\" ><p style=\"text-align: right;\">Dans le cadre du <strong>Mois D\u00e9colonial<\/strong>,<strong> VISA 38<\/strong> \u2013 pour Vigilance et Initiatives Syndicales Antifascistes \u2013 et <strong>Mix\u2019Arts<\/strong> s\u2019associent pour vous proposer <strong>un concert militant<\/strong> et <strong>soutenir la lutte contre le racisme et l\u2019extr\u00eame droite.\u00a0<\/strong><\/p>\n<\/div><\/section><br \/>\n<section  class='av_textblock_section av-leiei94t-91305a7d18defa03811ba9159ea5c54b '   itemscope=\"itemscope\" itemtype=\"https:\/\/schema.org\/BlogPosting\" itemprop=\"blogPost\" ><div class='avia_textblock'  itemprop=\"text\" ><h3 style=\"text-align: right;\"><span style=\"color: #ff1616;\"><strong>INFOS PRATIQUES<\/strong><\/span><\/h3>\n<hr \/>\n<p style=\"text-align: right;\"><strong>Accueil d\u00e8s 19h \u00e0 <\/strong><strong>La Bifurk<\/strong><br \/>\n<i>2 rue Gustave Flaubert<br \/>\n38000 Grenoble<\/i><\/p>\n<p style=\"text-align: right;\"><strong>Tarification solidaire :<br \/>\n<\/strong> 12\u20ac ou 15\u20ac ou 20\u20ac<\/p>\n<\/div><\/section><br \/>\n<div  class='avia-buttonrow-wrap av-k7c6s671-1ada293ea75f26d8d2cf94fb9632e896 avia-buttonrow-right  avia-builder-el-19  el_after_av_textblock  el_before_av_codeblock '>\n\n<style type=\"text\/css\" data-created_by=\"avia_inline_auto\" id=\"style-css-av-96cthr-8139c9a996228f081e09cb01e9e1d510\">\n#top #wrap_all .avia-button.av-96cthr-8139c9a996228f081e09cb01e9e1d510{\nmargin-bottom:5px;\nmargin-left:5px;\n}\n<\/style>\n<a href='https:\/\/www.facebook.com\/events\/872705060622540\/' class='avia-button av-96cthr-8139c9a996228f081e09cb01e9e1d510 avia-icon_select-yes-left-icon avia-size-small avia-color-dark' target=\"_blank\" rel=\"noopener noreferrer\"><span class='avia_button_icon avia_button_icon_left ' aria-hidden='true' data-av_icon='\ue8f4' data-av_iconfont='entypo-fontello'><\/span><span class='avia_iconbox_title' >\u00c9v\u00e9nement Facebook<\/span><\/a>\n\n<style type=\"text\/css\" data-created_by=\"avia_inline_auto\" id=\"style-css-av-6znj1b-e2954fb0022334f84f3e93c99ff611e4\">\n#top #wrap_all .avia-button.av-6znj1b-e2954fb0022334f84f3e93c99ff611e4{\nmargin-bottom:5px;\nmargin-left:5px;\n}\n<\/style>\n<a href='https:\/\/www.billetweb.fr\/concert-antifasciste-avec-moonlight-benjamin-eesah-yasuke-les-coureurs-de-rempart'  class='avia-button av-6znj1b-e2954fb0022334f84f3e93c99ff611e4 avia-icon_select-yes-left-icon avia-size-small avia-color-dark'  ><span class='avia_button_icon avia_button_icon_left ' aria-hidden='true' data-av_icon='\ue817' data-av_iconfont='entypo-fontello'><\/span><span class='avia_iconbox_title' >Billetterie<\/span><\/a>\n<\/div><br \/>\n<\/p><\/div><\/p>\n","protected":false},"excerpt":{"rendered":"","protected":false},"author":1,"featured_media":4789,"comment_status":"closed","ping_status":"open","sticky":false,"template":"","format":"standard","meta":{"_monsterinsights_skip_tracking":false,"_monsterinsights_sitenote_active":false,"_monsterinsights_sitenote_note":"","_monsterinsights_sitenote_category":0,"footnotes":""},"categories":[28],"tags":[],"class_list":["post-4781","post","type-post","status-publish","format-standard","has-post-thumbnail","hentry","category-28"],"aioseo_notices":[],"_links":{"self":[{"href":"https:\/\/mixarts.org\/association\/wp-json\/wp\/v2\/posts\/4781","targetHints":{"allow":["GET"]}}],"collection":[{"href":"https:\/\/mixarts.org\/association\/wp-json\/wp\/v2\/posts"}],"about":[{"href":"https:\/\/mixarts.org\/association\/wp-json\/wp\/v2\/types\/post"}],"author":[{"embeddable":true,"href":"https:\/\/mixarts.org\/association\/wp-json\/wp\/v2\/users\/1"}],"replies":[{"embeddable":true,"href":"https:\/\/mixarts.org\/association\/wp-json\/wp\/v2\/comments?post=4781"}],"version-history":[{"count":3,"href":"https:\/\/mixarts.org\/association\/wp-json\/wp\/v2\/posts\/4781\/revisions"}],"predecessor-version":[{"id":4790,"href":"https:\/\/mixarts.org\/association\/wp-json\/wp\/v2\/posts\/4781\/revisions\/4790"}],"wp:featuredmedia":[{"embeddable":true,"href":"https:\/\/mixarts.org\/association\/wp-json\/wp\/v2\/media\/4789"}],"wp:attachment":[{"href":"https:\/\/mixarts.org\/association\/wp-json\/wp\/v2\/media?parent=4781"}],"wp:term":[{"taxonomy":"category","embeddable":true,"href":"https:\/\/mixarts.org\/association\/wp-json\/wp\/v2\/categories?post=4781"},{"taxonomy":"post_tag","embeddable":true,"href":"https:\/\/mixarts.org\/association\/wp-json\/wp\/v2\/tags?post=4781"}],"curies":[{"name":"wp","href":"https:\/\/api.w.org\/{rel}","templated":true}]}}