{"id":5154,"date":"2023-07-03T07:00:00","date_gmt":"2023-07-03T06:00:00","guid":{"rendered":"https:\/\/mixarts.org\/association\/?p=5154"},"modified":"2023-12-11T13:27:37","modified_gmt":"2023-12-11T12:27:37","slug":"9-12-virginie-despentes-casey-beatrice-dalle-groupe-zero","status":"publish","type":"post","link":"https:\/\/mixarts.org\/association\/2023\/9-12-virginie-despentes-casey-beatrice-dalle-groupe-zero\/","title":{"rendered":"[COMPLET] 9\/12 \u2013 VIRGINIE DESPENTES, CASEY, B\u00c9ATRICE DALLE, GROUPE Z\u00cbRO"},"content":{"rendered":"<div id='av-layout-grid-1'  class='av-layout-grid-container av-e3bzz6-faf2c573bb4125d131ffb9e7d8a80914 entry-content-wrapper main_color av-flex-cells  avia-builder-el-0  el_before_av_section  avia-builder-el-first   container_wrap fullsize'  >\n\n<style type=\"text\/css\" data-created_by=\"avia_inline_auto\" id=\"style-css-av-18w6zm-8894bddd9503f712dba1cefed8877374\">\n.flex_cell.av-18w6zm-8894bddd9503f712dba1cefed8877374{\nvertical-align:top;\n}\n.responsive #top #wrap_all .flex_cell.av-18w6zm-8894bddd9503f712dba1cefed8877374{\npadding:30px 10px 30px 200px !important;\n}\n<\/style>\n<div class='flex_cell av-18w6zm-8894bddd9503f712dba1cefed8877374 av-gridrow-cell av_one_third no_margin  avia-builder-el-1  el_before_av_cell_two_third  avia-builder-el-first '  ><div class='flex_cell_inner'><section  class='av_textblock_section av-livva8dv-de654498f71ddca36e01885f86c2248c '   itemscope=\"itemscope\" itemtype=\"https:\/\/schema.org\/BlogPosting\" itemprop=\"blogPost\" ><div class='avia_textblock'  itemprop=\"text\" ><h1><span style=\"color: #3366ff;\">VIRGINIE DESPENTES<\/span><br \/>\n<span style=\"color: #3366ff;\">CASEY<\/span><br \/>\n<span style=\"color: #3366ff;\">B\u00c9ATRICE DALLE<\/span><br \/>\n<span style=\"color: #3366ff;\">GROUPE Z\u00cbRO<\/span><span style=\"color: #542678;\"><br class=\"avia-permanent-lb\" \/><br class=\"avia-permanent-lb\" \/><br class=\"avia-permanent-lb\" \/><br class=\"avia-permanent-lb\" \/><br class=\"avia-permanent-lb\" \/><\/span><\/h1>\n<p style=\"text-align: left;\">\n<h4 style=\"text-align: left;\"><strong>\u00e0 l&#8217;Hexagone (38)<\/strong> <strong>19h30 &#8211; de 6 \u20ac \u00e0 28 \u20ac\u00a0<\/strong><\/h4>\n<\/div><\/section><br \/>\n<div  class='avia-buttonrow-wrap av-livvate3-0ba656217c4bc4ffc69f03354b772757 avia-buttonrow-left  avia-builder-el-3  el_after_av_textblock  avia-builder-el-last '>\n\n<style type=\"text\/css\" data-created_by=\"avia_inline_auto\" id=\"style-css-av-livvap2m-a75158e8fcec1c3969df258718f033f6\">\n#top #wrap_all .avia-button.av-livvap2m-a75158e8fcec1c3969df258718f033f6{\nbackground-color:#378bb2;\nborder-color:#378bb2;\ncolor:#ffffff;\ntransition:all 0.4s ease-in-out;\nmargin-bottom:5px;\nmargin-right:5px;\n}\n<\/style>\n<a href='https:\/\/www.facebook.com\/events\/773753817560210' class='avia-button av-livvap2m-a75158e8fcec1c3969df258718f033f6 avia-icon_select-yes-left-icon avia-size-small' target=\"_blank\" rel=\"noopener noreferrer\"><span class='avia_button_icon avia_button_icon_left ' aria-hidden='true' data-av_icon='\ue8f4' data-av_iconfont='entypo-fontello'><\/span><span class='avia_iconbox_title' >\u00c9v\u00e9nement Facebook<\/span><\/a>\n\n<style type=\"text\/css\" data-created_by=\"avia_inline_auto\" id=\"style-css-av-livvajbd-ffcb43334544b83fc9e4e3d46e1a3eaa\">\n#top #wrap_all .avia-button.av-livvajbd-ffcb43334544b83fc9e4e3d46e1a3eaa{\nbackground-color:#378bb2;\nborder-color:#378bb2;\ncolor:#ffffff;\ntransition:all 0.4s ease-in-out;\nmargin-bottom:5px;\nmargin-right:5px;\n}\n<\/style>\n<a href='https:\/\/theatre-hexagone.mapado.com\/event\/210008-virginie-despentes-casey-beatrice-dalle-groupe-zero'  class='avia-button av-livvajbd-ffcb43334544b83fc9e4e3d46e1a3eaa avia-icon_select-yes-left-icon avia-size-small'  ><span class='avia_button_icon avia_button_icon_left ' aria-hidden='true' data-av_icon='\ue817' data-av_iconfont='entypo-fontello'><\/span><span class='avia_iconbox_title' >Billetterie<\/span><\/a>\n<\/div><\/p>\n<\/div><\/div>\n<style type=\"text\/css\" data-created_by=\"avia_inline_auto\" id=\"style-css-av-b3wraq-e02399c55f8eb7a80b58f62eb0f5ed84\">\n.flex_cell.av-b3wraq-e02399c55f8eb7a80b58f62eb0f5ed84{\nvertical-align:top;\n}\n.responsive #top #wrap_all .flex_cell.av-b3wraq-e02399c55f8eb7a80b58f62eb0f5ed84{\npadding:30px 200px 30px 10px !important;\n}\n<\/style>\n<div class='flex_cell av-b3wraq-e02399c55f8eb7a80b58f62eb0f5ed84 av-gridrow-cell av_two_third no_margin  avia-builder-el-4  el_after_av_cell_one_third  avia-builder-el-last '  ><div class='flex_cell_inner'>\n<style type=\"text\/css\" data-created_by=\"avia_inline_auto\" id=\"style-css-av-8ktv6a-63804ef834e6f73c10095dd6aad96660\">\n.avia-image-container.av-8ktv6a-63804ef834e6f73c10095dd6aad96660 img.avia_image{\nbox-shadow:none;\n}\n.avia-image-container.av-8ktv6a-63804ef834e6f73c10095dd6aad96660 .av-image-caption-overlay-center{\ncolor:#ffffff;\n}\n<\/style>\n<div  class='avia-image-container av-8ktv6a-63804ef834e6f73c10095dd6aad96660 av-styling- avia_animated_image av-animated-when-visible-95 fade-in avia-align-left  avia-builder-el-5  avia-builder-el-no-sibling '   itemprop=\"image\" itemscope=\"itemscope\" itemtype=\"https:\/\/schema.org\/ImageObject\" ><div class=\"avia-image-container-inner\"><div class=\"avia-image-overlay-wrap\"><img fetchpriority=\"high\" class='wp-image-5256 avia-img-lazy-loading-not-5256 avia_image ' src='https:\/\/mixarts.org\/association\/wp-content\/uploads\/2023\/07\/banniere_despentes-1024x535.jpg' alt='banniere_despentes' title='banniere_despentes'  height=\"535\" width=\"1024\"  itemprop=\"thumbnailUrl\"  \/><\/div><\/div><\/div>\n<\/div><\/div><\/div><div id='av_section_1'  class='avia-section av-tba36-ebe886a8d351ca5f11a892e1d1d06047 main_color avia-section-default avia-no-border-styling  avia-builder-el-6  el_after_av_layout_row  avia-builder-el-last  avia-bg-style-scroll container_wrap fullsize'  ><div class='container av-section-cont-open' ><div class='template-page content  av-content-full alpha units'><div class='post-entry post-entry-type-page post-entry-5154'><div class='entry-content-wrapper clearfix'>\n\n<style type=\"text\/css\" data-created_by=\"avia_inline_auto\" id=\"style-css-av-6br9qa-a7c4f88ee936cfa15204a522c76a7197\">\n#top .flex_column.av-6br9qa-a7c4f88ee936cfa15204a522c76a7197{\nmargin-top:0px;\nmargin-bottom:0px;\n}\n.flex_column.av-6br9qa-a7c4f88ee936cfa15204a522c76a7197{\nborder-radius:0px 0px 0px 0px;\npadding:3px 3px 3px 3px;\n}\n.responsive #top #wrap_all .flex_column.av-6br9qa-a7c4f88ee936cfa15204a522c76a7197{\nmargin-top:0px;\nmargin-bottom:0px;\n}\n<\/style>\n<div  class='flex_column av-6br9qa-a7c4f88ee936cfa15204a522c76a7197 av_one_third  avia-builder-el-7  el_before_av_two_fifth  avia-builder-el-first  first flex_column_div  '     ><div  class='avia-video av-livvprps-ad09a31d63111eb1271c83b257563ac3 avia-video-16-9 av-no-preview-image avia-video-load-always av-lazyload-immediate av-lazyload-video-embed'  itemprop=\"video\" itemtype=\"https:\/\/schema.org\/VideoObject\"  data-original_url='https:\/\/www.youtube.com\/watch?v=EJbvTEIbW7s'><script type='text\/html' class='av-video-tmpl'><div class='avia-iframe-wrap'><iframe loading=\"lazy\" title=\"Despentes Z\u00ebro   Paris   Maison de la po\u00e9sie   sept 2015   intro 15min\" width=\"1500\" height=\"844\" src=\"https:\/\/www.youtube.com\/embed\/EJbvTEIbW7s?feature=oembed&autoplay=0&loop=0&controls=1&mute=0\" frameborder=\"0\" allow=\"accelerometer; autoplay; clipboard-write; encrypted-media; gyroscope; picture-in-picture; web-share\" allowfullscreen><\/iframe><\/div><\/script><div class='av-click-to-play-overlay'><div class=\"avia_playpause_icon\"><\/div><\/div><\/div><\/div>\n<style type=\"text\/css\" data-created_by=\"avia_inline_auto\" id=\"style-css-av-3if2uq-1b22b4cb6e0f07f41e0498a336dafd0d\">\n#top .flex_column.av-3if2uq-1b22b4cb6e0f07f41e0498a336dafd0d{\nmargin-top:0px;\nmargin-bottom:0px;\n}\n.flex_column.av-3if2uq-1b22b4cb6e0f07f41e0498a336dafd0d{\nborder-radius:0px 0px 0px 0px;\npadding:0px 0px 0px 0px;\n}\n.responsive #top #wrap_all .flex_column.av-3if2uq-1b22b4cb6e0f07f41e0498a336dafd0d{\nmargin-top:0px;\nmargin-bottom:0px;\n}\n<\/style>\n<div  class='flex_column av-3if2uq-1b22b4cb6e0f07f41e0498a336dafd0d av_two_fifth  avia-builder-el-9  el_after_av_one_third  el_before_av_one_fourth  flex_column_div av-zero-column-padding  '     ><section  class='av_textblock_section av-livvpmbz-569867d88f657a5f1dffb0ce28e110bb '   itemscope=\"itemscope\" itemtype=\"https:\/\/schema.org\/BlogPosting\" itemprop=\"blogPost\" ><div class='avia_textblock'  itemprop=\"text\" ><h4 style=\"text-align: left;\"><span style=\"color: #3366ff;\">Virginie Despentes + Z\u00ebro + Casey + B\u00e9atrice Dalle<\/span><\/h4>\n<p>En 2015, Virginie Despentes montait sur sc\u00e8ne avec le groupe Z\u00ebro pour donner voix au Requiem des innocents de Louis Calaferte. Un timbre envo\u00fbtant, une v\u00e9ritable \u00ab\u00a0pr\u00e9sence\u00a0\u00bb. L\u2019histoire de la jeunesse lyonnaise de l\u2019auteur de La M\u00e9canique des Femmes. Publi\u00e9 en 1952, le livre f\u00fbt une v\u00e9ritable r\u00e9v\u00e9lation tant dans sa forme que dans le fond.<br class=\"autobr\" \/>Et L\u2019auteur de Vernon Subutex a pris go\u00fbt \u00e0 ces aventures entre \u00e9crits et musiques.<br class=\"autobr\" \/>Ce f\u00fbt ensuite \u00e0 Pier Paolo Pasolini qu\u2019elle a souhait\u00e9 donner \/ rendre la parole. Elle a convi\u00e9 B\u00e9atrice Dalle et, bien s\u00fbr, les membres du groupe Z\u00ebro.<br class=\"autobr\" \/>Et de red\u00e9couvrir combien l\u2019Italie de l\u2019apr\u00e8s-guerre vue par cette figure on ne peut plus subversive a eu quelque chose \u00e0 nous apprendre de notre pays aujourd\u2019hui et maintenant.<\/p>\n<p><strong>Et pour l\u2019automne 2023, nouveau projet de concert-lecture\u00a0:\u00a0<i>Troubles<\/i>.<br class=\"autobr\" \/>Avec, outre les fid\u00e8les complices de Z\u00ebro, la rapeuse Casey et B\u00e9atrice Dalle.<br \/>\n<\/strong><\/p>\n<p>Autour de textes d\u2019auteures des ann\u00e9es 60 \u00e0 nos jours, en phase avec les sujets de notre \u00e9poque, voil\u00e0 une proposition sc\u00e9nique qui va entrecroiser trois voix singuli\u00e8res. Trois voix puissantes en osmose avec la foisonnante musique de Z\u00earo, rejoint ici par le brillant guitariste Varoujan Fau.<\/p>\n<p>En tourn\u00e9e \u00e0 partir de fin novembre 2023.<br class=\"autobr\" \/>Nouveau spectacle produit par La Station Service et cr\u00e9\u00e9 en lien<br class=\"autobr\" \/>avec La Car\u00e8ne (Brest) et March\u00e9 Gare (Lyon).<\/p>\n<hr \/>\n<\/div><\/section><\/div>\n<style type=\"text\/css\" data-created_by=\"avia_inline_auto\" id=\"style-css-av-2dsvyq-3f4b48d02fa461171e95d67a1034d1f2\">\n#top .flex_column.av-2dsvyq-3f4b48d02fa461171e95d67a1034d1f2{\nmargin-top:0px;\nmargin-bottom:0px;\n}\n.flex_column.av-2dsvyq-3f4b48d02fa461171e95d67a1034d1f2{\nborder-radius:0px 0px 0px 0px;\npadding:0px 0px 0px 0px;\n}\n.responsive #top #wrap_all .flex_column.av-2dsvyq-3f4b48d02fa461171e95d67a1034d1f2{\nmargin-top:0px;\nmargin-bottom:0px;\n}\n<\/style>\n<div  class='flex_column av-2dsvyq-3f4b48d02fa461171e95d67a1034d1f2 av_one_fourth  avia-builder-el-11  el_after_av_two_fifth  avia-builder-el-last  flex_column_div av-zero-column-padding  '     ><section  class='av_textblock_section av-livwhnmj-f9f66f2d9d01fd6c9ba5ed3dee9ac996 '   itemscope=\"itemscope\" itemtype=\"https:\/\/schema.org\/BlogPosting\" itemprop=\"blogPost\" ><div class='avia_textblock'  itemprop=\"text\" ><h3 style=\"text-align: right;\"><span style=\"color: #542678;\"><strong>INFOS PRATIQUES<\/strong><\/span><\/h3>\n<hr \/>\n<p style=\"text-align: right;\"><strong>Ouverture 19h30 \/ D\u00e9but 20h<br \/>\nDe 6 \u20ac \u00e0 28 \u20ac<br \/>\nHexagone Sc\u00e8ne Nationale Arts Sciences<\/strong><br \/>\n24 rue des Aiguinards<br \/>\n38242 Meylan<\/p>\n<\/div><\/section><br \/>\n<div  class='avia-buttonrow-wrap av-livwi9zq-f59fb8d4649d2ab57860be6ecfe9e0a7 avia-buttonrow-right  avia-builder-el-13  el_after_av_textblock  avia-builder-el-last '>\n\n<style type=\"text\/css\" data-created_by=\"avia_inline_auto\" id=\"style-css-av-livwi40f-2935043b56159eb4b2491e0226732268\">\n#top #wrap_all .avia-button.av-livwi40f-2935043b56159eb4b2491e0226732268{\nmargin-bottom:5px;\nmargin-left:5px;\n}\n<\/style>\n<a href='' class='avia-button av-livwi40f-2935043b56159eb4b2491e0226732268 avia-icon_select-yes-left-icon avia-size-small avia-color-dark' target=\"_blank\" rel=\"noopener noreferrer\"><span class='avia_button_icon avia_button_icon_left ' aria-hidden='true' data-av_icon='\ue8f4' data-av_iconfont='entypo-fontello'><\/span><span class='avia_iconbox_title' >\u00c9v\u00e9nement Facebook<\/span><\/a>\n\n<style type=\"text\/css\" data-created_by=\"avia_inline_auto\" id=\"style-css-av-livwhyqb-2304eead3788e5037f3dd5a2db0d848b\">\n#top #wrap_all .avia-button.av-livwhyqb-2304eead3788e5037f3dd5a2db0d848b{\nmargin-bottom:5px;\nmargin-left:5px;\n}\n<\/style>\n<a href='https:\/\/theatre-hexagone.mapado.com\/event\/210008-virginie-despentes-casey-beatrice-dalle-groupe-zero'  class='avia-button av-livwhyqb-2304eead3788e5037f3dd5a2db0d848b avia-icon_select-yes-left-icon avia-size-small avia-color-dark'  ><span class='avia_button_icon avia_button_icon_left ' aria-hidden='true' data-av_icon='\ue817' data-av_iconfont='entypo-fontello'><\/span><span class='avia_iconbox_title' >Billetterie<\/span><\/a>\n<\/div><\/p><\/div><\/p>\n","protected":false},"excerpt":{"rendered":"","protected":false},"author":1,"featured_media":5155,"comment_status":"closed","ping_status":"open","sticky":false,"template":"","format":"standard","meta":{"_monsterinsights_skip_tracking":false,"_monsterinsights_sitenote_active":false,"_monsterinsights_sitenote_note":"","_monsterinsights_sitenote_category":0,"footnotes":""},"categories":[28],"tags":[],"class_list":["post-5154","post","type-post","status-publish","format-standard","has-post-thumbnail","hentry","category-28"],"aioseo_notices":[],"_links":{"self":[{"href":"https:\/\/mixarts.org\/association\/wp-json\/wp\/v2\/posts\/5154","targetHints":{"allow":["GET"]}}],"collection":[{"href":"https:\/\/mixarts.org\/association\/wp-json\/wp\/v2\/posts"}],"about":[{"href":"https:\/\/mixarts.org\/association\/wp-json\/wp\/v2\/types\/post"}],"author":[{"embeddable":true,"href":"https:\/\/mixarts.org\/association\/wp-json\/wp\/v2\/users\/1"}],"replies":[{"embeddable":true,"href":"https:\/\/mixarts.org\/association\/wp-json\/wp\/v2\/comments?post=5154"}],"version-history":[{"count":8,"href":"https:\/\/mixarts.org\/association\/wp-json\/wp\/v2\/posts\/5154\/revisions"}],"predecessor-version":[{"id":5508,"href":"https:\/\/mixarts.org\/association\/wp-json\/wp\/v2\/posts\/5154\/revisions\/5508"}],"wp:featuredmedia":[{"embeddable":true,"href":"https:\/\/mixarts.org\/association\/wp-json\/wp\/v2\/media\/5155"}],"wp:attachment":[{"href":"https:\/\/mixarts.org\/association\/wp-json\/wp\/v2\/media?parent=5154"}],"wp:term":[{"taxonomy":"category","embeddable":true,"href":"https:\/\/mixarts.org\/association\/wp-json\/wp\/v2\/categories?post=5154"},{"taxonomy":"post_tag","embeddable":true,"href":"https:\/\/mixarts.org\/association\/wp-json\/wp\/v2\/tags?post=5154"}],"curies":[{"name":"wp","href":"https:\/\/api.w.org\/{rel}","templated":true}]}}