{"id":636,"date":"2016-11-08T13:53:43","date_gmt":"2016-11-08T12:53:43","guid":{"rendered":"http:\/\/mixarts.org\/association\/?p=636"},"modified":"2023-06-08T10:44:18","modified_gmt":"2023-06-08T09:44:18","slug":"8-9-10-novembre-2016-demain-cest-bien","status":"publish","type":"post","link":"https:\/\/mixarts.org\/association\/2016\/8-9-10-novembre-2016-demain-cest-bien\/","title":{"rendered":"8, 9, 10 Novembre 2016 &#8211; Campus"},"content":{"rendered":"<h3 style=\"text-align: center;\">&gt;&gt;&gt; FESTIVAL &lt;&lt;&lt;<br \/>\n<a href=\"https:\/\/www.facebook.com\/events\/1883942605159303\/\">DEMAIN C\u2019EST BIEN<\/a><br \/>\n8 *9 * 10 Novembre 2016<\/h3>\n<p>&nbsp;<\/p>\n<p style=\"text-align: justify;\">Les associations <a href=\"https:\/\/www.facebook.com\/Base-Art-1630739253821959\/\" data-hovercard=\"\/ajax\/hovercard\/page.php?id=1630739253821959&amp;extragetparams=%7B%22directed_target_id%22%3A1883942605159303%7D\">Base Art<\/a> et <a href=\"https:\/\/www.facebook.com\/mixarts.association\/\" data-hovercard=\"\/ajax\/hovercard\/page.php?id=377733935733579&amp;extragetparams=%7B%22directed_target_id%22%3A1883942605159303%7D\">Mix&#8217;Arts<\/a> sont fi\u00e8res de vous pr\u00e9senter le fruit d\u2019un nouveau partenariat : <strong>\u00ab Demain c\u2019est bien \u00bb<\/strong>, 3 jours de festival autour de la culture hip-hop sur le campus \u00e9tudiant de Saint Martin D\u2019H\u00e8res. \u00ab Prend ta claque, ram\u00e8ne ta clique \u00bb, telle est la devise de cet \u00e9v\u00e9nement, qui vous embarquera dans un univers aux multiples facettes. Au programme : projection de film, conf\u00e9rence-d\u00e9bat, ateliers et concerts avec DOOZ KAWA + DAVODKA + LE GOUFFRE + PAND\u2019OR ET LE BON NOB + YESIMA + CAS D\u2019ECOLE ET DEUX LYRICISTS !!<\/p>\n<p>\u266b &gt;&gt;&gt; <a href=\"https:\/\/www.facebook.com\/events\/1179121082175057\/\">MARDI 8 NOVEMBRE<\/a><\/p>\n<p><strong>18h \u2013 20h : GRATUIT<\/strong> &#8211; Projection de \u00ab Brooklyn \u00bb<br \/>\n&gt;&gt;&gt; Lieu : <strong>Salle de l&#8217;Apart\u00e9 (campus)<\/strong><br \/>\n<em>361 all\u00e9e de Berlioz \u2013 Domaine universitaire \u2013 Tram B arr\u00eat Les Taill\u00e9es \u2013 Tram C arr\u00eat Hector Berlioz <\/em><\/p>\n<p style=\"text-align: justify;\">Brooklyn est un drame fran\u00e7ais avec KT Gorique, \u00e9crit, produit et r\u00e9alis\u00e9 par Pascal Tessaud, sorti en 2014.<\/p>\n<p style=\"text-align: justify;\">Pr\u00e9sent\u00e9 au festival de Cannes 2014 dans la s\u00e9lection ACID, ce long-m\u00e9trage totalement ind\u00e9pendant rend hommage \u00e0 ceux qui font beaucoup avec tr\u00e8s peu et \u00e0 une culture hip-hop de solidarit\u00e9. Coralie, jeune rappeuse suisse de 22 ans se produisant sous le nom de Brooklyn, quitte son pays et un p\u00e8re qui ne la comprend plus pour s\u2019installer \u00e0 Saint-Denis, en banlieue parisienne. Log\u00e9e chez Odette, une vielle dame qui adoucit ses journ\u00e9es au cannabis, elle trouve un petit job dans une association musicale de quartier. Lors d\u2019une soir\u00e9e slam, elle est pouss\u00e9e sur la sc\u00e8ne par l\u2019un des animateurs. D\u2019abord h\u00e9sitante, elle conquiert son public et tape dans l\u2019oeil de l\u2019\u00e9toile montante du quartier, le jeune rappeur Issa.<\/p>\n<p><a href=\"https:\/\/www.youtube.com\/watch?v=839ODvthvR0\">https:\/\/www.youtube.com\/watch?v=839ODvthvR0<\/a><\/p>\n<p><strong>20h30 \u2013 00h00 : <span style=\"color: #ff0000;\">CONCERT COMPLET<\/span> \u00a0(7\/11\u20ac en pr\u00e9ventes)<\/strong>\u00a0avec <a href=\"https:\/\/www.facebook.com\/2Lyricists\/\" data-hovercard=\"\/ajax\/hovercard\/page.php?id=1546094092351088&amp;extragetparams=%7B%22directed_target_id%22%3A1883942605159303%7D\">Deux Lyricists<\/a> et <a href=\"https:\/\/www.facebook.com\/Cas-dEcole-658895254208807\/\" data-hovercard=\"\/ajax\/hovercard\/page.php?id=658895254208807&amp;extragetparams=%7B%22directed_target_id%22%3A1883942605159303%7D\">Cas d&#8217;Ecole<\/a> (1\u00e8re partie) + <a href=\"https:\/\/www.facebook.com\/doozkawaofficiel\/\" data-hovercard=\"\/ajax\/hovercard\/page.php?id=175576737895&amp;extragetparams=%7B%22directed_target_id%22%3A1883942605159303%7D\">Dooz Kawa<br \/>\n<\/a><em>&gt;&gt;&gt; Lieu\u00a0: <strong>L\u2019 Aquarium (campus)<\/strong><br \/>\n1220 rue des r\u00e9sidences \u2013 Domaine universitaire <\/em>&#8211; 38400 Saint-Martin-d&#8217;H\u00e8res<em> \u2013 Tram B et C arr\u00eat Condillac <\/em><\/p>\n<p style=\"text-align: justify;\"><strong>&gt;&gt; Deux Lyricists et Cas d\u2019Ecole (hip-hop) :<\/strong> Aussi habiles avec leurs instruments qu&#8217;avec la prod. ou le sampling, les trois musiciens de Cas d&#8217;Ecole proposent un live Hip-hop crapuleux et raffin\u00e9, influenc\u00e9 aussi bien par les beatmakers qui ont marqu\u00e9 les deux derni\u00e8res d\u00e9cennies (Jay Dee, Madlib ,Dj Krush, PeteRock&#8230;) que par les esth\u00e9tiques qui ont nourri le mouvement Hip-Hop depuis ses d\u00e9buts (Jazz\/Funk\/Rock).<\/p>\n<div class='avia-iframe-wrap'><iframe loading=\"lazy\" title=\"(Clip) Cas D&#039;Ecole X Deux Lyricists - Porte Mental\" width=\"1500\" height=\"844\" src=\"https:\/\/www.youtube.com\/embed\/VCUwi5J0iDA?feature=oembed\" frameborder=\"0\" allow=\"accelerometer; autoplay; encrypted-media; gyroscope; picture-in-picture\" allowfullscreen><\/iframe><\/div>\n<p style=\"text-align: justify;\"><strong>&gt;&gt; Dooz Kawa (hip-hop \/ \u00e9lectro):<\/strong> Dooz Kawa (alias 12 K.O.) d\u00e9couvre \u00e0 douze ans une sc\u00e8ne rap underground franco-am\u00e9ricaine en se faufilant dans les caves de garnisons militaires d\u2019Allemagne o\u00f9 son p\u00e8re est soldat. Puis, dans un second temps, dans l\u2019abandon par les r\u00e9giments des anciennes casernes devenues \u00ab Azilen \u00bb (camps de r\u00e9fugi\u00e9s) il se rapproche des influences musicales de l\u2019Est de l\u2019Europe. C\u2019est \u00e0 l\u2019\u00e2ge de seize ans qu\u2019il arrive \u00e0 Strasbourg et compose ses premiers morceaux. Deux ans plus tard, il cr\u00e9e T-Ka\u00ef Cee et fera deux ans durant de nombreux concerts et festivals locaux avec ce collectif. En 2006, Dooz Kawa fait la connaissance de Bir\u00e9li Lagr\u00e8ne, le prodige manouche mondialement reconnu et star locale ; de leur fulgurante amiti\u00e9 na\u00eetront plusieurs titres. En 2007, il se voit convier \u00e0 s\u2019associer \u00e0 Bir\u00e9li lors de son concert au Cheval Blanc \u00e0 Schiltigheim. Il y rencontre Mito, guitariste manouche de la longue lign\u00e9e des Loeffler, qui se proposera de participer \u00e0 l\u2019album \u00c9toiles du sol, sorti en 2010. \u00c0 ces collaborations s\u2019ajoute en 2009 celle de Mandino Reinhardt pour une reprise haute en couleur de l\u2019hymne de Swing, le film de Tony Gatlif tourn\u00e9 \u00e0 Strasbourg. En 2012 sort l\u2019album Message aux anges noirs et le 4 mars 2013 la compilation digitale gratuite de freestyles et de faces B regroup\u00e9s sous le nom d\u2019Archives. Dooz Kawa a \u00e9galement entam\u00e9 une s\u00e9rie de quatre maxis intitul\u00e9s Narcozik, dont le #1 est sorti le 18 d\u00e9cembre 2013 et le #2 le 14 septembre 2014.<\/p>\n<div class='avia-iframe-wrap'><iframe loading=\"lazy\" title=\"Dooz Kawa - Me faire la Belle [Clip Officiel]\" width=\"1500\" height=\"844\" src=\"https:\/\/www.youtube.com\/embed\/iAE1vUTZ4-Y?feature=oembed\" frameborder=\"0\" allow=\"accelerometer; autoplay; encrypted-media; gyroscope; picture-in-picture\" allowfullscreen><\/iframe><\/div>\n<p>\u266b &gt;&gt;&gt; <a href=\"https:\/\/www.facebook.com\/events\/204625083284446\/\">MERCREDI 9 NOVEMBRE <\/a><\/p>\n<p><strong>18h \u2013 20h : <span style=\"color: #ff0000;\">ANNULE<\/span> &#8211; GRATUIT<\/strong> &#8211; D\u00e9bat &#8211; Discussion<br \/>\n&gt;&gt;&gt;\u00a0<strong>Th\u00e8me : Place de la femme dans le hip-hop<br \/>\n<\/strong>&gt;&gt;&gt; Lieu : <strong>Salle de l&#8217;Apart\u00e9 (campus)<\/strong><br \/>\n<em>361 all\u00e9e de Berlioz \u2013 Domaine universitaire \u2013 Tram B arr\u00eat Les Taill\u00e9es \u2013 Tram C arr\u00eat Hector Berlioz <\/em><\/p>\n<p><strong>Intervenantes :<\/strong> Elo\u00efse Bouton (journaliste ind\u00e9pendante, ancienne porte-parole des Femen et cr\u00e9atrice du blog Madame Rap) et Emeraldia Ayakashi (Dj et partenaire d\u2019Elo\u00efse dans Madame Rap)<\/p>\n<p>\u00ab Le hip hop, un milieu misogyne dont les femmes sont les grandes absentes? Depuis un an, \u00c9lo\u00efse Bouton s\u2019active pour prouver le contraire. Avec Madame Rap, le site qu\u2019elle a lanc\u00e9 en ao\u00fbt 2015, cette ex-Femen, journaliste et militante, offre une visibilit\u00e9 sans pr\u00e9c\u00e9dent aux rappeuses du monde entier. D\u00e9sormais \u00e9paul\u00e9e par la Dj et productrice Emeraldia Ayakashi, Elo\u00efse Bouton allie sa passion du hip hop \u00e0 son militantisme f\u00e9ministe au sein de ce projet qui prend de plus en plus d\u2019ampleur&#8230; \u00bb<br \/>\n<a href=\"http:\/\/www.madamerap.com\/\">http:\/\/www.madamerap.com\/<\/a><\/p>\n<p><strong>20h30 \u2013 00h00 : <span style=\"color: #ff0000;\">COMPLET<\/span> &#8211; CONCERT (7\/11\u20ac en pr\u00e9ventes)<\/strong> avec <a href=\"https:\/\/www.facebook.com\/Y%C3%A9sima-171340496247302\/\" data-hovercard=\"\/ajax\/hovercard\/page.php?id=171340496247302&amp;extragetparams=%7B%22directed_target_id%22%3A1883942605159303%7D\">Y\u00e9sima<\/a> (1\u00e8re partie) + <a href=\"https:\/\/www.facebook.com\/Davodka-146792408721559\/\" data-hovercard=\"\/ajax\/hovercard\/page.php?id=146792408721559&amp;extragetparams=%7B%22directed_target_id%22%3A1883942605159303%7D\">Davodka<br \/>\n<\/a><em>&gt;&gt;&gt; Lieu\u00a0:<strong> L\u2019 Aquarium (campus)<\/strong><br \/>\n1220 rue des r\u00e9sidences \u2013 Domaine universitaire <\/em>&#8211; 38400 Saint-Martin-d&#8217;H\u00e8res<em> \u2013 Tram B et C arr\u00eat Condillac <\/em><\/p>\n<p style=\"text-align: justify;\"><strong>&gt;&gt; Yesima (rap) :<\/strong> Mauvaise nouvelle pour les Thierry Roland du Rap et autres misogynes pseudos gardiens du temple. Il y a bien de plus en plus de rappeuses, et pire encore : de bonnes rappeuses\u2026 C\u2019est le cas ici de Y\u00e9sima, 20ans, jeune artiste originaire de Valenciennes (59) r\u00e9sidant actuellement \u00e0 Granville dans la manche (50). Beaucoup de t\u00e9nacit\u00e9 et une vraie passion bien ancr\u00e9e, puisque cela fait depuis l\u2019\u00e2ge de 13ans que Y\u00e9sima \u00e9crit ses propres textes, la mise en musique quant \u00e0 elle, arrivera environ un an plus tard.<\/p>\n<div class='avia-iframe-wrap'><iframe loading=\"lazy\" title=\"Yesima - 16 Meuz [2016]\" width=\"1500\" height=\"844\" src=\"https:\/\/www.youtube.com\/embed\/u6nmwfkPuXk?feature=oembed\" frameborder=\"0\" allow=\"accelerometer; autoplay; encrypted-media; gyroscope; picture-in-picture\" allowfullscreen><\/iframe><\/div>\n<p style=\"text-align: justify;\"><strong>&gt;&gt; Davodka (Rap \/ Hip Hop \/ Hardcore) :<\/strong> &#8220;Davodka, a.k.a \u201cDVK\u201d est un rappeur venant du 18\u00e8me appartenant au collectif M.S.D. \u201cMentalit\u00e9s Sons Dangereux\u201d. Il commence le rap en 2003, et apr\u00e8s 10 piges de dur labeur il sort son premier projet solo &#8220;Un poing c&#8217;est tout&#8221;, 12 titres alliant punchlines et d\u00e9bit dans lesquels, du haut de la butte Montmartre, il pointe du doigt les vices de notre soci\u00e9t\u00e9. Le 18 avril 2014, il sort L&#8217;Art Tisant : un projet digital disponible sur iTunes et sur Deezer.<\/p>\n<div class='avia-iframe-wrap'><iframe loading=\"lazy\" title=\"Davodka - Le Couteau Dans La Paix [Clip Officiel]\" width=\"1500\" height=\"844\" src=\"https:\/\/www.youtube.com\/embed\/1yrhEin-Z1Q?feature=oembed\" frameborder=\"0\" allow=\"accelerometer; autoplay; encrypted-media; gyroscope; picture-in-picture\" allowfullscreen><\/iframe><\/div>\n<p>\u266b &gt;&gt;&gt; <a href=\"https:\/\/www.facebook.com\/events\/1762216447367466\/\">JEUDI 10 NOVEMBRE<\/a><\/p>\n<p><strong>16h \u2013 20h : GRATUIT &#8211;<\/strong> <strong>Ateliers graff + live painting + open mic<\/strong><br \/>\nGraff et live painting avec KOMAS, VOTOUR, JUIN, SNEK<br \/>\nVenez avec vos sprays, un support sera mis \u00e0 disposition !<br \/>\n<em>&gt;&gt;&gt; Lieu\u00a0: <strong>L\u2019 Amphith\u00e9\u00e2tre WEIL (campus)<\/strong><br \/>\n<\/em>733 avenue Centrale &#8211; Domaine Universitaire &#8211; 38400 Saint-Martin-d&#8217;H\u00e8res \u2013 Tram B et C arr\u00eat Biblioth\u00e8que universitaire<\/p>\n\n\t\t<style type=\"text\/css\">\n\t\t\t#gallery-1 {\n\t\t\t\tmargin: auto;\n\t\t\t}\n\t\t\t#gallery-1 .gallery-item {\n\t\t\t\tfloat: left;\n\t\t\t\tmargin-top: 10px;\n\t\t\t\ttext-align: center;\n\t\t\t\twidth: 33%;\n\t\t\t}\n\t\t\t#gallery-1 img {\n\t\t\t\tborder: 2px solid #cfcfcf;\n\t\t\t}\n\t\t\t#gallery-1 .gallery-caption {\n\t\t\t\tmargin-left: 0;\n\t\t\t}\n\t\t\t\/* see gallery_shortcode() in wp-includes\/media.php *\/\n\t\t<\/style>\n\t\t<div id='gallery-1' class='gallery galleryid-636 gallery-columns-3 gallery-size-thumbnail'><dl class='gallery-item'>\n\t\t\t<dt class='gallery-icon landscape'>\n\t\t\t\t<a href='https:\/\/mixarts.org\/association\/2016\/8-9-10-novembre-2016-demain-cest-bien\/attachment\/snek\/'><img loading=\"lazy\" decoding=\"async\" width=\"150\" height=\"150\" src=\"https:\/\/mixarts.org\/association\/wp-content\/uploads\/2016\/10\/SNEK-150x150.jpg\" class=\"attachment-thumbnail size-thumbnail\" alt=\"\" aria-describedby=\"gallery-1-670\" \/><\/a>\n\t\t\t<\/dt>\n\t\t\t\t<dd class='wp-caption-text gallery-caption' id='gallery-1-670'>\n\t\t\t\t>> Snek : Grenoble Street Art Fest &#8211; Grenoble\n\t\t\t\t<\/dd><\/dl><dl class='gallery-item'>\n\t\t\t<dt class='gallery-icon portrait'>\n\t\t\t\t<a href='https:\/\/mixarts.org\/association\/2016\/8-9-10-novembre-2016-demain-cest-bien\/attachment\/sock\/'><img loading=\"lazy\" decoding=\"async\" width=\"150\" height=\"150\" src=\"https:\/\/mixarts.org\/association\/wp-content\/uploads\/2016\/10\/SOCK-150x150.jpg\" class=\"attachment-thumbnail size-thumbnail\" alt=\"\" aria-describedby=\"gallery-1-671\" \/><\/a>\n\t\t\t<\/dt>\n\t\t\t\t<dd class='wp-caption-text gallery-caption' id='gallery-1-671'>\n\t\t\t\tSOCK\n\t\t\t\t<\/dd><\/dl><dl class='gallery-item'>\n\t\t\t<dt class='gallery-icon landscape'>\n\t\t\t\t<a href='https:\/\/mixarts.org\/association\/2016\/8-9-10-novembre-2016-demain-cest-bien\/attachment\/votour\/'><img loading=\"lazy\" decoding=\"async\" width=\"150\" height=\"150\" src=\"https:\/\/mixarts.org\/association\/wp-content\/uploads\/2016\/10\/VOTOUR-150x150.jpg\" class=\"attachment-thumbnail size-thumbnail\" alt=\"\" aria-describedby=\"gallery-1-672\" \/><\/a>\n\t\t\t<\/dt>\n\t\t\t\t<dd class='wp-caption-text gallery-caption' id='gallery-1-672'>\n\t\t\t\t>> Votour : Les Roches en couleurs- Grenoble\n\t\t\t\t<\/dd><\/dl><br style=\"clear: both\" \/><dl class='gallery-item'>\n\t\t\t<dt class='gallery-icon landscape'>\n\t\t\t\t<a href='https:\/\/mixarts.org\/association\/2016\/8-9-10-novembre-2016-demain-cest-bien\/attachment\/juin\/'><img loading=\"lazy\" decoding=\"async\" width=\"150\" height=\"150\" src=\"https:\/\/mixarts.org\/association\/wp-content\/uploads\/2016\/10\/JUIN-150x150.jpg\" class=\"attachment-thumbnail size-thumbnail\" alt=\"\" aria-describedby=\"gallery-1-673\" \/><\/a>\n\t\t\t<\/dt>\n\t\t\t\t<dd class='wp-caption-text gallery-caption' id='gallery-1-673'>\n\t\t\t\tJUIN\n\t\t\t\t<\/dd><\/dl><dl class='gallery-item'>\n\t\t\t<dt class='gallery-icon landscape'>\n\t\t\t\t<a href='https:\/\/mixarts.org\/association\/2016\/8-9-10-novembre-2016-demain-cest-bien\/attachment\/komas\/'><img loading=\"lazy\" decoding=\"async\" width=\"150\" height=\"150\" src=\"https:\/\/mixarts.org\/association\/wp-content\/uploads\/2016\/10\/KOMAS-150x150.jpg\" class=\"attachment-thumbnail size-thumbnail\" alt=\"\" aria-describedby=\"gallery-1-674\" \/><\/a>\n\t\t\t<\/dt>\n\t\t\t\t<dd class='wp-caption-text gallery-caption' id='gallery-1-674'>\n\t\t\t\t>> Komas : JAM error 415 &#8211; Villeurbanne\n\t\t\t\t<\/dd><\/dl>\n\t\t\t<br style='clear: both' \/>\n\t\t<\/div>\n\n<p><strong>20h30 \u2013 00h00 : CONCERT<\/strong> avec <a href=\"https:\/\/www.facebook.com\/cameliapandor\/\" data-hovercard=\"\/ajax\/hovercard\/page.php?id=171295776247965&amp;extragetparams=%7B%22directed_target_id%22%3A1883942605159303%7D\">Pand&#8217;Or Officiel<\/a> et <a href=\"https:\/\/www.facebook.com\/lebonnob\/\" data-hovercard=\"\/ajax\/hovercard\/page.php?id=149501315120285&amp;extragetparams=%7B%22directed_target_id%22%3A1883942605159303%7D\">Le Bon Nob<\/a> (1\u00e8re partie) + Le Gouffre<br \/>\n<em>Lieu\u00a0: <strong>L\u2019 Aquarium (campus)<\/strong><br \/>\n1220 rue des r\u00e9sidences \u2013 Domaine universitaire <\/em>&#8211; 38400 Saint-Martin-d&#8217;H\u00e8res<em> \u2013 Tram B et C arr\u00eat Condillac <\/em><\/p>\n<p style=\"text-align: justify;\"><strong>&gt;&gt; Pand\u2019Or et Le Bon Nob (rap) :\u00a0<\/strong>Originaire du Val d&#8217;Oise, Cam\u00e9lia, aka PAND&#8217;OR, est une rappeuse de 23 ans. Elle a d\u00e9barqu\u00e9 dans le monde du rap fran\u00e7ais en 2010, lors d&#8217;un freestyle pour Radio Campus, aux c\u00f4t\u00e9s, entre autres, de Nekfeu, Swift Guad ou encore L&#8217;Indis. On la retrouve ensuite dans deux clashs, en tant que premi\u00e8re participante, pour le compte des Rap Contenders face \u00e0 Meksa et Jazzy Bazz.<\/p>\n<div class='avia-iframe-wrap'><iframe loading=\"lazy\" title=\"Le Bon Nob # 33 Feat. Pand&#039;Or\" width=\"1500\" height=\"844\" src=\"https:\/\/www.youtube.com\/embed\/Q0aQchLQjsw?feature=oembed\" frameborder=\"0\" allow=\"accelerometer; autoplay; encrypted-media; gyroscope; picture-in-picture\" allowfullscreen><\/iframe><\/div>\n<p style=\"text-align: justify;\"><strong>Nob<\/strong> \u00e9crit des textes depuis 2002. C\u2019est son p\u00e8re qui l\u2019a initi\u00e9 \u00e0 cet art. Tr\u00e8s vite, la musique rattrape le stylo du Nob et le Rap anime ses lignes. Amateur de jeux de flow depuis 2004, il d\u00e9cide, en 2011, de devenir actif sur internet et d\u00e9marre une s\u00e9rie de Freestyle qu\u2019il appellera \u00abLe Bon Nob # \u00bb. Il sort un EP (\u00ab Sad &amp; Rap \u00bb) suivi d\u2019un Premier Album (\u00ab L\u2019Art M\u00fbrit \u00bb) avec Jim, un beatmaker de talent \u00e0 l\u2019univers sombre et pr\u00e9cis. Sa productivit\u00e9 le font encha\u00eener les freestyles vid\u00e9os et les featurings. En 2013 il compile ses 30 premiers freestyles sur une mixtape; Nob devient \u00ab Le Bon Nob \u00bb.<\/p>\n<p style=\"text-align: justify;\"><strong>&gt;&gt; Le Gouffre (hip-hop gouffreux) :<\/strong> Le Gouffre est un groupe, majoritairement issu du 91, se composant de Char, Tragik, Fonik, Gabz, Brack, L&#8217;Affreux Jojo et F. Cela fait plus de 12 ans que Le Gouffre rappe dans l&#8217;ombre et retranscrit le quotidien des gouffriers et gouffri\u00e8res avec passion et sinc\u00e9rit\u00e9. Le Gouffre a sorti un premier projet 5 titres \u00e9ponyme en 2007, en guise de carte de visite mais depuis rien d&#8217;officiel, hormis de nombreux morceaux \u00e0 droite \u00e0 gauche. Du moins ceci f\u00fbt le cas jusqu&#8217;\u00e0 la sortie de la mixtape &#8220;Marche Arri\u00e8re&#8221; le 07 octobre 2013, projet regroupant 69 artistes francophones sur un double CD enti\u00e8rement produit par Char et I.N.C.H. La mixtape est \u00e9galement sortie sous la forme d&#8217;une \u00e9dition collector incluant le jeu \u00e0 boire &#8220;Le Gouffre&#8221; cr\u00e9\u00e9 par Char. Le projet rencontra un vif succ\u00e8s et fut une des meilleures ventes de rap ind\u00e9pendant de ces derni\u00e8res ann\u00e9es. Le 11 mai 2015 est sorti le premier album officiel du Gouffre &#8220;L&#8217;Ap\u00e9ro Avant La Galette&#8221; qui fut accompagn\u00e9 une fois encore d&#8217;un pack collector totalement original comprenant une flasque, un paquet de feuilles \u00e0 rouler, un briquet et un pr\u00e9servatif, le tout dans une boite de bouteille 12 ans d&#8217;age estampill\u00e9 &#8220;Le Gouffre&#8221; exclusivement con\u00e7u pour l&#8217;occasion. Le meilleur reste donc \u00e0 venir mais tout laisse \u00e0 pr\u00e9sager que Le Gouffre est bien parti pour marquer de son empreinte le rap fran\u00e7ais \u00e0 tout jamais&#8230; &#8220;Le Gouffre grav\u00e9 jusqu&#8217;\u00e0 la fin des temps&#8221;<\/p>\n<div class='avia-iframe-wrap'><iframe loading=\"lazy\" title=\"Le Gouffre - G\u00e9n\u00e9rique 2 Fin (Prod I.N.C.H)\" width=\"1500\" height=\"844\" src=\"https:\/\/www.youtube.com\/embed\/sM04QgC36jU?feature=oembed\" frameborder=\"0\" allow=\"accelerometer; autoplay; encrypted-media; gyroscope; picture-in-picture\" allowfullscreen><\/iframe><\/div>\n<p><strong>&gt;&gt;&gt; INFOS ET BILLETTERIE &lt;&lt;&lt;<\/strong><\/p>\n<p><strong>&gt; LIEUX :<\/strong> Campus de Saint-Martin-d\u2019H\u00e8res (38)<\/p>\n<p><strong>Concerts \u00e0 <a href=\"https:\/\/www.facebook.com\/pages\/Laquarium\/381716081982448\" data-hovercard=\"\/ajax\/hovercard\/page.php?id=381716081982448&amp;extragetparams=%7B%22directed_target_id%22%3A1883942605159303%7D\">L&#8217;aquarium<\/a><\/strong><br \/>\n1220 rue des r\u00e9sidences \u2013 Domaine universitaire \u2013 Tram B et C arr\u00eat Condillac<\/p>\n<p><strong>Projection et conf\u00e9rence-d\u00e9bat \u00e0 l\u2019Apart\u00e9<\/strong><br \/>\n361 all\u00e9e de Berlioz \u2013 Domaine universitaire \u2013 Tram B arr\u00eat Les Taill\u00e9es \u2013 Tram C arr\u00eat Hector Berlioz<\/p>\n<p><strong>Ateliers devant EVE<\/strong><br \/>\n701 avenue centrale \u2013 Domaine universitaire \u2013 Tram B et C arr\u00eat Gabriel Faur\u00e9<\/p>\n<p><strong>&gt; TARIFS :<\/strong><br \/>\nPr\u00e9ventes (tarifs hors frais de loc.) : 7\u20ac (r\u00e9duit*) \/ 8\u20ac (plein) + Pass 3 jours \u00e0 20\u20ac (limit\u00e9 \u00e0 25 pass)<\/p>\n<p>Sur place : 8\u20ac (r\u00e9duit) \/ 11\u20ac (plein)<\/p>\n<p>*Tarifs r\u00e9duits : \u00e9tudiants, ch\u00f4meurs, RSA, services civiques, handicap\u00e9s (toujours sous pr\u00e9sentations d\u2019un justification<\/p>\n<p><strong>&gt; BILLETTERIE :<\/strong><\/p>\n<p>Billetterie en ligne sur le site internet de Mix\u2019Arts, rubrique <a href=\"http:\/\/mixarts.org\/association\/preventes-en-lignes\/\">&#8220;pr\u00e9ventes en ligne&#8221;.<\/a><\/p>\n<p>+ r\u00e9seaux FNAC et DIGITICK \u00e9galement bient\u00f4t en ligne<\/p>\n<p><strong>&gt; RESTAURATION ET BUVETTE<\/strong><\/p>\n<p>Petite restauration et buvette sur place<br \/>\n+ d\u2019infos prochainement<\/p>\n","protected":false},"excerpt":{"rendered":"<p>&gt;&gt;&gt; FESTIVAL &lt;&lt;&lt; DEMAIN C\u2019EST BIEN 8 *9 * 10 Novembre 2016 &nbsp; Les associations Base Art et Mix&#8217;Arts sont fi\u00e8res de vous pr\u00e9senter le fruit d\u2019un nouveau partenariat : \u00ab Demain c\u2019est bien \u00bb, 3 jours de festival autour de la culture hip-hop sur le campus \u00e9tudiant de Saint Martin D\u2019H\u00e8res. \u00ab Prend ta [&hellip;]<\/p>\n","protected":false},"author":1,"featured_media":644,"comment_status":"open","ping_status":"open","sticky":false,"template":"","format":"standard","meta":{"_monsterinsights_skip_tracking":false,"_monsterinsights_sitenote_active":false,"_monsterinsights_sitenote_note":"","_monsterinsights_sitenote_category":0,"footnotes":""},"categories":[37],"tags":[17,5],"class_list":["post-636","post","type-post","status-publish","format-standard","has-post-thumbnail","hentry","category-37","tag-concert-passe","tag-event"],"aioseo_notices":[],"_links":{"self":[{"href":"https:\/\/mixarts.org\/association\/wp-json\/wp\/v2\/posts\/636","targetHints":{"allow":["GET"]}}],"collection":[{"href":"https:\/\/mixarts.org\/association\/wp-json\/wp\/v2\/posts"}],"about":[{"href":"https:\/\/mixarts.org\/association\/wp-json\/wp\/v2\/types\/post"}],"author":[{"embeddable":true,"href":"https:\/\/mixarts.org\/association\/wp-json\/wp\/v2\/users\/1"}],"replies":[{"embeddable":true,"href":"https:\/\/mixarts.org\/association\/wp-json\/wp\/v2\/comments?post=636"}],"version-history":[{"count":12,"href":"https:\/\/mixarts.org\/association\/wp-json\/wp\/v2\/posts\/636\/revisions"}],"predecessor-version":[{"id":679,"href":"https:\/\/mixarts.org\/association\/wp-json\/wp\/v2\/posts\/636\/revisions\/679"}],"wp:featuredmedia":[{"embeddable":true,"href":"https:\/\/mixarts.org\/association\/wp-json\/wp\/v2\/media\/644"}],"wp:attachment":[{"href":"https:\/\/mixarts.org\/association\/wp-json\/wp\/v2\/media?parent=636"}],"wp:term":[{"taxonomy":"category","embeddable":true,"href":"https:\/\/mixarts.org\/association\/wp-json\/wp\/v2\/categories?post=636"},{"taxonomy":"post_tag","embeddable":true,"href":"https:\/\/mixarts.org\/association\/wp-json\/wp\/v2\/tags?post=636"}],"curies":[{"name":"wp","href":"https:\/\/api.w.org\/{rel}","templated":true}]}}