{"id":657,"date":"2016-11-08T18:05:34","date_gmt":"2016-11-08T17:05:34","guid":{"rendered":"http:\/\/mixarts.org\/association\/?p=657"},"modified":"2023-06-08T10:56:37","modified_gmt":"2023-06-08T09:56:37","slug":"projection-de-brooklyn","status":"publish","type":"post","link":"https:\/\/mixarts.org\/association\/2016\/projection-de-brooklyn\/","title":{"rendered":"Mardi 8 novembre &#8211; Campus"},"content":{"rendered":"<h3 style=\"text-align: center;\">Projection du film &#8220;Brooklyn&#8221;<br \/>\nDans le cadre du<a href=\"http:\/\/mixarts.org\/association\/evenement\/8-9-10-novembre-2016-demain-cest-bien\/\"> Festival &#8220;Demain c&#8217;est bien&#8221;<\/a><\/h3>\n<p>&gt;&gt;&gt;<span style=\"color: #ff0000;\"><strong> GRATUIT<\/strong> <\/span>\/\/ Mardi 8 novembre \/\/ 18h<br \/>\n\u00e0 l&#8217;Apart\u00e9 (<em>361 all\u00e9e de Berlioz \u2013 Domaine universitaire \u2013 Tram B arr\u00eat Les Taill\u00e9es \u2013 Tram C arr\u00eat Hector Berlioz)<\/em><\/p>\n<h4>&#8220;Brooklyn&#8221;\u00a0Brooklyn est un drame fran\u00e7ais avec KT Gorique, \u00e9crit, produit et r\u00e9alis\u00e9 par Pascal Tessaud, sorti en 2014.<\/h4>\n<p>Pr\u00e9sent\u00e9 au festival de Cannes 2014 dans la s\u00e9lection ACID, ce long-m\u00e9trage totalement ind\u00e9pendant rend hommage \u00e0 ceux qui font beaucoup avec tr\u00e8s peu et \u00e0 une culture hip-hop de solidarit\u00e9. Coralie, jeune rappeuse suisse de 22 ans se produisant sous le nom de Brooklyn, quitte son pays et un p\u00e8re qui ne la comprend plus pour s\u2019installer \u00e0 Saint-Denis, en banlieue parisienne. Log\u00e9e chez Odette, une vielle dame qui adoucit ses journ\u00e9es au cannabis, elle trouve un petit job dans une association musicale de quartier. Lors d\u2019une soir\u00e9e slam, elle est pouss\u00e9e sur la sc\u00e8ne par l\u2019un des animateurs. D\u2019abord h\u00e9sitante, elle conquiert son public et tape dans l\u2019oeil de l\u2019\u00e9toile montante du quartier, le jeune rappeur Issa.<\/p>\n<p><a href=\"https:\/\/www.youtube.com\/watch?v=839ODvthvR0\">https:\/\/www.youtube.com\/watch?v=839ODvthvR0<\/a><\/p>\n<p>&nbsp;<\/p>\n<p>&nbsp;<\/p>\n","protected":false},"excerpt":{"rendered":"<p>Projection du film &#8220;Brooklyn&#8221; Dans le cadre du Festival &#8220;Demain c&#8217;est bien&#8221; &gt;&gt;&gt; GRATUIT \/\/ Mardi 8 novembre \/\/ 18h \u00e0 l&#8217;Apart\u00e9 (361 all\u00e9e de Berlioz \u2013 Domaine universitaire \u2013 Tram B arr\u00eat Les Taill\u00e9es \u2013 Tram C arr\u00eat Hector Berlioz) &#8220;Brooklyn&#8221;\u00a0Brooklyn est un drame fran\u00e7ais avec KT Gorique, \u00e9crit, produit et r\u00e9alis\u00e9 par Pascal [&hellip;]<\/p>\n","protected":false},"author":1,"featured_media":658,"comment_status":"open","ping_status":"open","sticky":false,"template":"","format":"standard","meta":{"_monsterinsights_skip_tracking":false,"_monsterinsights_sitenote_active":false,"_monsterinsights_sitenote_note":"","_monsterinsights_sitenote_category":0,"footnotes":""},"categories":[37],"tags":[5,18],"class_list":["post-657","post","type-post","status-publish","format-standard","has-post-thumbnail","hentry","category-37","tag-event","tag-spectacle-passe"],"aioseo_notices":[],"_links":{"self":[{"href":"https:\/\/mixarts.org\/association\/wp-json\/wp\/v2\/posts\/657","targetHints":{"allow":["GET"]}}],"collection":[{"href":"https:\/\/mixarts.org\/association\/wp-json\/wp\/v2\/posts"}],"about":[{"href":"https:\/\/mixarts.org\/association\/wp-json\/wp\/v2\/types\/post"}],"author":[{"embeddable":true,"href":"https:\/\/mixarts.org\/association\/wp-json\/wp\/v2\/users\/1"}],"replies":[{"embeddable":true,"href":"https:\/\/mixarts.org\/association\/wp-json\/wp\/v2\/comments?post=657"}],"version-history":[{"count":2,"href":"https:\/\/mixarts.org\/association\/wp-json\/wp\/v2\/posts\/657\/revisions"}],"predecessor-version":[{"id":660,"href":"https:\/\/mixarts.org\/association\/wp-json\/wp\/v2\/posts\/657\/revisions\/660"}],"wp:featuredmedia":[{"embeddable":true,"href":"https:\/\/mixarts.org\/association\/wp-json\/wp\/v2\/media\/658"}],"wp:attachment":[{"href":"https:\/\/mixarts.org\/association\/wp-json\/wp\/v2\/media?parent=657"}],"wp:term":[{"taxonomy":"category","embeddable":true,"href":"https:\/\/mixarts.org\/association\/wp-json\/wp\/v2\/categories?post=657"},{"taxonomy":"post_tag","embeddable":true,"href":"https:\/\/mixarts.org\/association\/wp-json\/wp\/v2\/tags?post=657"}],"curies":[{"name":"wp","href":"https:\/\/api.w.org\/{rel}","templated":true}]}}