{"id":7168,"date":"2025-01-07T18:05:23","date_gmt":"2025-01-07T17:05:23","guid":{"rendered":"https:\/\/mixarts.org\/association\/?p=7168"},"modified":"2026-01-21T12:20:57","modified_gmt":"2026-01-21T11:20:57","slug":"la-foret-festival-bien-lbourgeon-9","status":"publish","type":"post","link":"https:\/\/mixarts.org\/association\/blb-jour\/la-foret-festival-bien-lbourgeon-9\/","title":{"rendered":"Les M\u00e9dias &#8211; Festival Bien l&#8217;Bourgeon #9"},"content":{"rendered":"\n<style type=\"text\/css\" data-created_by=\"avia_inline_auto\" id=\"style-css-av-lyd3zx2i-d8e81fc7f1fd96633bfc8f0e55ddb197\">\n.avia-image-container.av-lyd3zx2i-d8e81fc7f1fd96633bfc8f0e55ddb197 img.avia_image{\nbox-shadow:none;\n}\n.avia-image-container.av-lyd3zx2i-d8e81fc7f1fd96633bfc8f0e55ddb197 .av-image-caption-overlay-center{\ncolor:#ffffff;\n}\n<\/style>\n<div  class='avia-image-container av-lyd3zx2i-d8e81fc7f1fd96633bfc8f0e55ddb197 av-styling- avia-align-center  avia-builder-el-0  el_before_av_one_full  avia-builder-el-first '   itemprop=\"image\" itemscope=\"itemscope\" itemtype=\"https:\/\/schema.org\/ImageObject\" ><div class=\"avia-image-container-inner\"><div class=\"avia-image-overlay-wrap\"><img fetchpriority=\"high\" class='wp-image-7370 avia-img-lazy-loading-not-7370 avia_image ' src='https:\/\/mixarts.org\/association\/wp-content\/uploads\/2025\/01\/Les-Medias-1240x430.jpg' alt='' title='Les M\u00e9dias'  height=\"430\" width=\"1240\"  itemprop=\"thumbnailUrl\"  \/><\/div><\/div><\/div>\n<div  class='flex_column av-5l9qju-1958ac6069b84e1f1892104cb2438b0c av_one_full  avia-builder-el-1  el_after_av_image  el_before_av_one_half  first flex_column_div  '     ><p>\n<style type=\"text\/css\" data-created_by=\"avia_inline_auto\" id=\"style-css-av-99ir5m-c946fecc16286fc651be8d6bef18421d\">\n#top .hr.hr-invisible.av-99ir5m-c946fecc16286fc651be8d6bef18421d{\nheight:50px;\n}\n<\/style>\n<div  class='hr av-99ir5m-c946fecc16286fc651be8d6bef18421d hr-invisible  avia-builder-el-2  el_before_av_textblock  avia-builder-el-first '><span class='hr-inner '><span class=\"hr-inner-style\"><\/span><\/span><\/div><br \/>\n\n<style type=\"text\/css\" data-created_by=\"avia_inline_auto\" id=\"style-css-av-m5nt4sen-14c9c11f1d6acceca20d70520568b722\">\n#top .av_textblock_section.av-m5nt4sen-14c9c11f1d6acceca20d70520568b722 .avia_textblock{\ncolor:#655da0;\n}\n<\/style>\n<section  class='av_textblock_section av-m5nt4sen-14c9c11f1d6acceca20d70520568b722 '   itemscope=\"itemscope\" itemtype=\"https:\/\/schema.org\/BlogPosting\" itemprop=\"blogPost\" ><div class='avia_textblock av_inherit_color'  itemprop=\"text\" ><h3 style=\"text-align: center;\">Le traitement m\u00e9diatique de l\u2019actualit\u00e9 politique et des enjeux \u00e9cologiques<\/h3>\n<h3 style=\"text-align: center;\">Quel impact sur l\u2019\u00e9volution de l\u2019opinion publique ?<\/h3>\n<\/div><\/section><\/p><\/div>\n<div  class='flex_column av-6e4tzk-91cc76f66584175da387e3e6d0d01375 av_one_half  avia-builder-el-4  el_after_av_one_full  el_before_av_one_half  first flex_column_div  column-top-margin'     ><style type=\"text\/css\" data-created_by=\"avia_inline_auto\" id=\"style-css-av-m5nt6ufk-807b4f6991c4ee001b88d9c13a6dc189\">\n#top .av_textblock_section.av-m5nt6ufk-807b4f6991c4ee001b88d9c13a6dc189 .avia_textblock{\nfont-size:14px;\ncolor:#000000;\n}\n<\/style>\n<section  class='av_textblock_section av-m5nt6ufk-807b4f6991c4ee001b88d9c13a6dc189 '   itemscope=\"itemscope\" itemtype=\"https:\/\/schema.org\/BlogPosting\" itemprop=\"blogPost\" ><div class='avia_textblock av_inherit_color'  itemprop=\"text\" ><p style=\"text-align: left;\"><strong>L\u2019information<\/strong> est omnipr\u00e9sente dans notre soci\u00e9t\u00e9, elle guide nos habitudes quotidiennes, nos choix de consommation mais aussi <strong>nos orientations politiques et sociales.<\/strong> Transmise en grande partie par les m\u00e9dias aujourd\u2019hui &#8211; \u00e0 travers la presse, la radio, la t\u00e9l\u00e9vision ou encore Internet et les r\u00e9seaux-sociaux &#8211; la connaissance qu\u2019elle nous apporte permet d\u2019\u00e9largir <strong>notre vision du monde<\/strong> et de fa\u00e7onner notre opinion sur des <strong>faits<\/strong> issus de domaines vari\u00e9s.<\/p>\n<p style=\"text-align: left;\">Parmi ces domaines, tous n\u00e9cessaires \u00e0 la compr\u00e9hension du syst\u00e8me dans lequel nous \u00e9voluons, nous explorerons plus pr\u00e9cis\u00e9ment<strong> la politique et l\u2019\u00e9cologie.<\/strong> Deux sujets aux <strong>enjeux majeurs<\/strong> \u00e0 l\u2019heure de la course \u00e0 l\u2019audimat, du sensationnalisme et de la pr\u00e9sence exacerb\u00e9e de discours extr\u00e9mistes dans les m\u00e9dias de masse qui laissent peu de place \u00e0 <strong>la nuance <\/strong>et \u00e0 <strong>la diversit\u00e9<\/strong> des points de vue.<\/p>\n<p style=\"text-align: left;\">Afin de comprendre comment les m\u00e9dias traitent ces actualit\u00e9s politiques et \u00e9cologiques, il est n\u00e9cessaire de questionner l\u2019environnement dans lequel ils s\u2019inscrivent, notamment leur mod\u00e8le \u00e9conomique et leur gouvernance. C\u2019est pourquoi, lors du festival, nous vous invitons \u00e0 <strong>r\u00e9fl\u00e9chir ensemble<\/strong> \u00e0 ces questions pendant les temps de spectacles et de conf\u00e9rences guid\u00e9es par plusieurs <strong>intervenant\u00b7es sp\u00e9cialis\u00e9\u00b7es.<\/strong> Nous aborderons \u00e9galement l\u2019ind\u00e9pendance des m\u00e9dias dans le contexte actuel, l\u2019\u00e9volution des nouveaux m\u00e9dias, et les alternatives existantes permettant le d\u00e9veloppement de discours pluriels et de raisonnements nuanc\u00e9s.<\/p>\n<\/div><\/section><br \/>\n\n<style type=\"text\/css\" data-created_by=\"avia_inline_auto\" id=\"style-css-av-3opgk0-8829c27335f2f037c98ac6ff2c61ae3b\">\n#top .hr.hr-invisible.av-3opgk0-8829c27335f2f037c98ac6ff2c61ae3b{\nheight:25px;\n}\n<\/style>\n<div  class='hr av-3opgk0-8829c27335f2f037c98ac6ff2c61ae3b hr-invisible  avia-builder-el-6  el_after_av_textblock  el_before_av_buttonrow '><span class='hr-inner '><span class=\"hr-inner-style\"><\/span><\/span><\/div><br \/>\n\n<style type=\"text\/css\" data-created_by=\"avia_inline_auto\" id=\"style-css-av-m9bl0p07-65e6cc1c1b8f29861294921575a94038\">\n.avia-buttonrow-wrap.av-m9bl0p07-65e6cc1c1b8f29861294921575a94038 .avia-button{\nfont-size:17px;\n}\n<\/style>\n<div  class='avia-buttonrow-wrap av-m9bl0p07-65e6cc1c1b8f29861294921575a94038 avia-buttonrow-center  avia-builder-el-7  el_after_av_hr  avia-builder-el-last '>\n\n<style type=\"text\/css\" data-created_by=\"avia_inline_auto\" id=\"style-css-av-m9bkz1sq-c59af77bd2df05eab968bcc7b7760983\">\n#top #wrap_all .avia-button.av-m9bkz1sq-c59af77bd2df05eab968bcc7b7760983{\nbackground-color:#655da0;\nborder-color:#655da0;\ncolor:#ffffff;\ntransition:all 0.4s ease-in-out;\nmargin-bottom:10px;\nmargin-right:5px;\nmargin-left:5px;\n}\n#top #wrap_all .avia-button.av-m9bkz1sq-c59af77bd2df05eab968bcc7b7760983:hover{\nbackground-color:#655da0;\ncolor:#ffffff;\ntransition:all 0.4s ease-in-out;\n}\n<\/style>\n<a href='https:\/\/mixarts.org\/association\/blb-jour\/spectacles-festival-bien-lbourgeon-8\/'  class='avia-button av-m9bkz1sq-c59af77bd2df05eab968bcc7b7760983 avia-icon_select-no avia-size-medium'  ><span class='avia_iconbox_title' >Les Spectacles<\/span><\/a>\n\n<style type=\"text\/css\" data-created_by=\"avia_inline_auto\" id=\"style-css-av-m9bkzpz7-d9d6860ffc8cd9ae6f4648e354a81b70\">\n#top #wrap_all .avia-button.av-m9bkzpz7-d9d6860ffc8cd9ae6f4648e354a81b70{\nbackground-color:#655da0;\nborder-color:#655da0;\ncolor:#ffffff;\ntransition:all 0.4s ease-in-out;\nmargin-bottom:10px;\nmargin-right:5px;\nmargin-left:5px;\n}\n#top #wrap_all .avia-button.av-m9bkzpz7-d9d6860ffc8cd9ae6f4648e354a81b70:hover{\nbackground-color:#655da0;\ncolor:#ffffff;\ntransition:all 0.4s ease-in-out;\n}\n<\/style>\n<a href='https:\/\/mixarts.org\/association\/blb-jour\/conferences-festival-bien-lbourgeon-8\/'  class='avia-button av-m9bkzpz7-d9d6860ffc8cd9ae6f4648e354a81b70 avia-icon_select-no avia-size-medium'  ><span class='avia_iconbox_title' >Les Conf\u00e9rences<\/span><\/a>\n\n<style type=\"text\/css\" data-created_by=\"avia_inline_auto\" id=\"style-css-av-m9bl0n29-a7754fe23e6ffbb4fcdd6d9039df3ad4\">\n#top #wrap_all .avia-button.av-m9bl0n29-a7754fe23e6ffbb4fcdd6d9039df3ad4{\nbackground-color:#655da0;\nborder-color:#655da0;\ncolor:#ffffff;\ntransition:all 0.4s ease-in-out;\nmargin-bottom:10px;\nmargin-right:5px;\nmargin-left:5px;\n}\n#top #wrap_all .avia-button.av-m9bl0n29-a7754fe23e6ffbb4fcdd6d9039df3ad4:hover{\nbackground-color:#655da0;\ncolor:#ffffff;\ntransition:all 0.4s ease-in-out;\n}\n<\/style>\n<a href='https:\/\/mixarts.org\/association\/blb-jour\/films-festival-bien-lbourgeon-8\/'  class='avia-button av-m9bl0n29-a7754fe23e6ffbb4fcdd6d9039df3ad4 avia-icon_select-no avia-size-medium'  ><span class='avia_iconbox_title' >Les Films<\/span><\/a>\n<\/div><\/p><\/div><div  class='flex_column av-aq64w-435e2ebc09ba98c4d39c52fff8738992 av_one_half  avia-builder-el-8  el_after_av_one_half  avia-builder-el-last  flex_column_div  column-top-margin'     ><style type=\"text\/css\" data-created_by=\"avia_inline_auto\" id=\"style-css-av-m8d64de0-5ce65bcf3addff7a969fd5dc1f64c85e\">\n.avia-image-container.av-m8d64de0-5ce65bcf3addff7a969fd5dc1f64c85e img.avia_image{\nbox-shadow:none;\n}\n.avia-image-container.av-m8d64de0-5ce65bcf3addff7a969fd5dc1f64c85e .av-image-caption-overlay-center{\ncolor:#ffffff;\n}\n<\/style>\n<div  class='avia-image-container av-m8d64de0-5ce65bcf3addff7a969fd5dc1f64c85e av-styling- avia-align-center  avia-builder-el-9  avia-builder-el-no-sibling  av-has-copyright av-copyright-always'   itemprop=\"image\" itemscope=\"itemscope\" itemtype=\"https:\/\/schema.org\/ImageObject\" ><div class=\"avia-image-container-inner\"><div class=\"avia-image-overlay-wrap\"><img fetchpriority=\"high\" class='wp-image-7123 avia-img-lazy-loading-not-7123 avia_image ' src='https:\/\/mixarts.org\/association\/wp-content\/uploads\/2025\/01\/Yassine-Lemonnier.jpg' alt='' title='Yassine Lemonnier'  height=\"1365\" width=\"2048\"  itemprop=\"thumbnailUrl\"  \/><\/div><small class=\"avia-copyright\">Yassine Lemonnier<\/small><\/div><\/div><\/div><\/p>\n","protected":false},"excerpt":{"rendered":"","protected":false},"author":1,"featured_media":0,"comment_status":"closed","ping_status":"open","sticky":true,"template":"","format":"standard","meta":{"_monsterinsights_skip_tracking":false,"_monsterinsights_sitenote_active":false,"_monsterinsights_sitenote_note":"","_monsterinsights_sitenote_category":0,"footnotes":""},"categories":[206],"tags":[],"class_list":["post-7168","post","type-post","status-publish","format-standard","hentry","category-blb-jour"],"aioseo_notices":[],"_links":{"self":[{"href":"https:\/\/mixarts.org\/association\/wp-json\/wp\/v2\/posts\/7168","targetHints":{"allow":["GET"]}}],"collection":[{"href":"https:\/\/mixarts.org\/association\/wp-json\/wp\/v2\/posts"}],"about":[{"href":"https:\/\/mixarts.org\/association\/wp-json\/wp\/v2\/types\/post"}],"author":[{"embeddable":true,"href":"https:\/\/mixarts.org\/association\/wp-json\/wp\/v2\/users\/1"}],"replies":[{"embeddable":true,"href":"https:\/\/mixarts.org\/association\/wp-json\/wp\/v2\/comments?post=7168"}],"version-history":[{"count":14,"href":"https:\/\/mixarts.org\/association\/wp-json\/wp\/v2\/posts\/7168\/revisions"}],"predecessor-version":[{"id":8507,"href":"https:\/\/mixarts.org\/association\/wp-json\/wp\/v2\/posts\/7168\/revisions\/8507"}],"wp:attachment":[{"href":"https:\/\/mixarts.org\/association\/wp-json\/wp\/v2\/media?parent=7168"}],"wp:term":[{"taxonomy":"category","embeddable":true,"href":"https:\/\/mixarts.org\/association\/wp-json\/wp\/v2\/categories?post=7168"},{"taxonomy":"post_tag","embeddable":true,"href":"https:\/\/mixarts.org\/association\/wp-json\/wp\/v2\/tags?post=7168"}],"curies":[{"name":"wp","href":"https:\/\/api.w.org\/{rel}","templated":true}]}}