{"id":729,"date":"2017-05-09T17:52:12","date_gmt":"2017-05-09T16:52:12","guid":{"rendered":"http:\/\/mixarts.org\/association\/?p=729"},"modified":"2023-06-08T10:41:57","modified_gmt":"2023-06-08T09:41:57","slug":"festival-bien-lbourgeon-1ere-edition","status":"publish","type":"post","link":"https:\/\/mixarts.org\/association\/2017\/festival-bien-lbourgeon-1ere-edition\/","title":{"rendered":"Festival &#8220;Bien l&#8217;Bourgeon&#8221; 1\u00e8re \u00e9dition"},"content":{"rendered":"<h4 style=\"text-align: center;\">\u25cf\u25cf\u25cf <a href=\"https:\/\/www.facebook.com\/events\/164873570697932\/\">FESTIVAL BIEN L\u2019BOURGEON #1<\/a> \u25cf\u25cf\u25cf<br \/>\n&gt; Ecologie, agriculture, spiritualit\u00e9 et bien-\u00eatre &lt;<\/h4>\n<p style=\"text-align: center;\"><strong><span style=\"color: #ff0000;\">\/!\\ ATTENTION : pour de multiples raisons, nous sommes contraints d\u00b4annuler toute la journ\u00e9e du dimanche 14 mai. Nous \u00a0sommes d\u00e9sol\u00e9s.<\/span><\/strong><\/p>\n<p style=\"text-align: center;\"><strong><span style=\"color: #ff0000;\">Merci de votre compr\u00e9hension !\u00a0<\/span><\/strong><\/p>\n<p>&gt;&gt; <span style=\"color: #ff0000;\"><strong>12 au 14 mai<\/strong><\/span> \u00e0 la Brasserie <a href=\"https:\/\/www.facebook.com\/La-Dauphine-261248993963326\/\" data-hovercard=\"\/ajax\/hovercard\/page.php?id=261248993963326&amp;extragetparams=%7B%22directed_target_id%22%3A164873570697932%7D\" data-hovercard-prefer-more-content-show=\"1\">La Dauphine<\/a> \u2013 St Geoire en Valdaine (Martinette 38620)<\/p>\n<blockquote><p>&gt;&gt; Concerts, spectacles, conf\u00e9rences gesticul\u00e9es, ateliers, village associatif, etc !<\/p>\n<p>&gt;&gt;&gt;\u00a0<a href=\"http:\/\/mixarts.org\/association\/espace-presse\/\">Cliquez ici pour t\u00e9l\u00e9charger\u00a0le programme complet<\/a>.<\/p><\/blockquote>\n<h4 style=\"text-align: center;\"><strong>&gt;&gt;&gt; <a href=\"http:\/\/mixarts.org\/association\/evenement\/1205-festival-bien-lbourgeon-st-geoire-valdaine\/\">Vendredi 12\u00a0mai 2017\u00a0<\/a>&lt;&lt;&lt;<\/strong><\/h4>\n<p><span style=\"color: #ff0000;\"><strong><span style=\"color: #000000;\">18h :<\/span> ANNUL\u00c9E\u00a0\/\/ Conf\u00e9rence\u00a0gesticul\u00e9e<\/strong><\/span><br \/>\n<strong><span style=\"color: #339966;\">\u00ab\u00a0La D\u00e9-croyance, ou comment je suis devenu ath\u00e9e sans me f\u00e2cher avec ma famille\u00a0\u00bb<\/span><\/strong>\u00a0Cr\u00e9\u00e9e et interpr\u00e9t\u00e9e par Jean-Philippe SMADJA et produite par l\u2019association Au-Del\u00e0 du Temps<\/p>\n<p><strong>20h\u00a0:<\/strong> <strong>CONCERT\u00a0<span style=\"color: #ff0000;\">ELECTRO \u2013 WORLD<br \/>\n<\/span><\/strong><strong><span style=\"color: #ff0000;\">REPLI EN INT\u00c9RIEUR\u00a0= GYMNASE DE ST GEOIRE EN VALDAINE<\/span><br \/>\n<\/strong>&gt;&gt;&gt; <a href=\"https:\/\/www.facebook.com\/Aywa.Music\/?fref=ts\">Aywa\u00a0<\/a>(world)<br \/>\n&gt;&gt;&gt; <a href=\"https:\/\/www.facebook.com\/balanisoundsystem\/?fref=ts\">Balani Sound System<\/a><a href=\"https:\/\/www.facebook.com\/Aywa.Music\/?fref=ts\">\u00a0<\/a>(balafon \u00e9lectro ambianceur)<br \/>\n&gt;&gt;&gt;\u00a0<a href=\"https:\/\/www.facebook.com\/JimMurpleMemorial\/?fref=ts\">Jim Murple Memorial<\/a>\u00a0(Rythm&#8217;n&#8217;Blues, Rocksteady)<em>&gt;&gt;&gt; \u00e0 St Geoire en Valdaine\u00a0(Martinette \u2013 Brasserie de la Dauphine) \/\/ 10\u20ac tarif unique \/\/ En int\u00e9rieur\u00a0\/\/ Ouverture \u00e0 20h \u2013 d\u00e9but \u00e0 20h30<\/em><\/p>\n<h4 style=\"text-align: center;\"><strong>&gt;&gt;&gt; <a href=\"http:\/\/mixarts.org\/association\/evenement\/1305-festival-bien-lbourgeon-st-geoire-valdaine\/\">Samedi 13 mai\u00a02017<\/a><a href=\"http:\/\/mixarts.org\/association\/evenement\/1205-festival-bien-lbourgeon-st-geoire-valdaine\/\">\u00a0<\/a>&lt;&lt;&lt;<\/strong><\/h4>\n<p><strong>11h \u2013 19h :<\/strong> <span style=\"color: #ff0000;\"><strong>Village associatif et animations<\/strong><\/span><br \/>\nVenez rencontrer les acteurs locaux dans les domaines du bien-\u00eatre, de la spiritualit\u00e9 et de l\u2019\u00e9cologie \u00e0 travers diff\u00e9rents stands !<br \/>\n<em>&gt;&gt;&gt; \u00e0 St Geoire en Valdaine\u00a0(Martinette \u2013 Brasserie de la Dauphine) \/\/ GRATUIT \/\/\u00a0<strong><span style=\"color: #ff0000;\"><span style=\"color: #ff0000;\">COUVERT AU MAXIMUM<\/span><\/span><\/strong><\/em><\/p>\n<p><strong>14h\u00a0:<\/strong> <strong><span style=\"color: #ff0000;\">ANNUL\u00c9<\/span> \/\/\u00a0<\/strong><span style=\"color: #ff0000;\"><strong>Spectacle de Th\u00e9\u00e2tre Mentalisme<\/strong><\/span><br \/>\n<span style=\"color: #339966;\"><strong>\u00ab\u00a0\u00c9vidences inconnues\u00a0\u00bb<\/strong> <\/span>(Cie Rode Boom et Kurt Demey)<\/p>\n<p><strong>15h15 \u2013 19h\u00a0:<\/strong> <span style=\"color: #ff0000;\"><strong>Cycle de conf\u00e9rences<\/strong> <\/span><strong>(GRATUIT)<br \/>\n<span style=\"color: #ff0000;\">REPLI EN INT\u00c9RIEUR\u00a0= BRASSERIE DE LA DAUPHINE<\/span><br \/>\n<\/strong><\/p>\n<ul>\n<li><strong>15h15 :<\/strong> <span style=\"color: #339966;\"><strong>\u00a0Conf\u00e9rence participative sur le Biodynamie<\/strong><\/span>\u00a0(Avec Marion Haas et St\u00e9phane Cozon) \u2013 <strong>1h<\/strong><\/li>\n<li><strong>16h30 :<\/strong> \u00a0<span style=\"color: #339966;\"><strong>Conf\u00e9rence sur la philosophie de l\u2019\u00e9cologie<\/strong><\/span>\u00a0(Avec Olivier Fr\u00e9rot) \u2013 <strong>1h15<\/strong><\/li>\n<li><strong>17h45 :<\/strong> \u00a0<span style=\"color: #339966;\"><strong>Conf\u00e9rence sur l\u2019\u00e9copsychologie<\/strong><\/span>\u00a0(Avec Charles Bousset) \u2013 <strong>1h<\/strong><\/li>\n<\/ul>\n<p><strong>19h\u00a0:<\/strong> <strong><span style=\"color: #ff0000;\">ANNUL\u00c9<\/span> \/\/\u00a0<\/strong><span style=\"color: #ff0000;\"><strong>Spectacle de Th\u00e9\u00e2tre Mentalisme<\/strong><\/span><br \/>\n<span style=\"color: #339966;\"><strong>\u00ab\u00a0\u00c9vidences inconnues\u00a0\u00bb<\/strong> <\/span>(Cie Rode Boom et Kurt Demey)<\/p>\n<p><strong>20h\u00a0:<\/strong> <strong>CONCERT\u00a0<span style=\"color: #ff0000;\">TRANCE \u2013 CUMBIA \u2013 DUB<br \/>\nREPLI EN INT\u00c9RIEUR\u00a0= GYMNASE DE ST GEOIRE EN VALDAINE<\/span><\/strong><br \/>\n&gt;&gt;&gt; <a href=\"https:\/\/www.facebook.com\/lakumbiaboruka\/?fref=ts\">Kumbia Boruka<\/a> (cumbia)<br \/>\n&gt;&gt;&gt; <a href=\"https:\/\/www.facebook.com\/TaiwanMcChineseManRecords\/?fref=ts\">Ta\u00efwan MC<\/a> \u2013 Chinese man records\u00a0(rub a dub)<br \/>\n&gt;&gt;&gt; <a href=\"https:\/\/www.facebook.com\/secretvibes1\/?fref=ts\">Secret Vibes<\/a>\u00a0(trance ethnic)<br \/>\n<em>&gt;&gt;&gt; \u00e0 St Geoire en Valdaine\u00a0(Martinette \u2013 Brasserie de la Dauphine) \/\/ 15\u20ac tarif unique \/\/ En int\u00e9rieur\u00a0\/\/ Ouverture \u00e0 20h \u2013 d\u00e9but \u00e0 20h30<\/em><\/p>\n<h4 style=\"text-align: center;\">\u2013 <strong>&gt;&gt;&gt; COMMENT VENIR\u00a0?<\/strong><\/h4>\n<ul>\n<li><em><strong>12 et 14 mai\u00a0: Brasserie du Val d\u2019Ainan (La Dauphine) \u00e0 St Geoire<\/strong> <strong>en Valdaine (Martinette &#8211; 38620)<\/strong><\/em><br \/>\n&gt; Depuis Grenoble\u00a0: 45 min via A48<br \/>\n&gt; Depuis Chamb\u00e9ry\u00a0: 50 min via D1006<br \/>\n&gt; Depuis Lyon\u00a0: 1h15 via A43<\/li>\n<li><strong>COVOITURAGE FESTIVAL<\/strong><br \/>\nAfin de faciliter votre venue au Festival et de rester coh\u00e9rent avec la th\u00e9matique du festival nous vous proposons un syst\u00e8me de covoiturage. Pour cela rien de plus facile gr\u00e2ce au site <a href=\"https:\/\/www.laroueverte.com\/\">La Roue Verte.<br \/>\n<\/a>&gt;&gt;&gt; Pour covoiturer les 12, 13 et 14 mai jusqu&#8217;\u00e0 St Geoire en Valdaine (38), <a href=\"https:\/\/www.laroueverte.com\/vers\/festival-bien-le-bourgeon-st-geoire-en-valdaine\">\u00e7a se passe ici.<\/a><\/li>\n<\/ul>\n<p><strong>&gt;&gt;&gt; MANGER ET DORMIR\u00a0?<\/strong><br \/>\n<strong><em>\u25cf 12 et 14 mai\u00a0: Brasserie du Val d\u2019Ainan (La Dauphine)<\/em><\/strong><br \/>\n<strong>MANGER\u00a0:<\/strong> Snack bio, local et artisanal sur place propos\u00e9 par la Mixture<br \/>\n<strong>DORMIR\u00a0:<\/strong> Vous pourrez planter votre tente (Possibilit\u00e9 de planter votre tente pour le week-end dans un terrain mis \u00e0 disposition des festivaliers. Attention\u00a0: terrain non surveill\u00e9 et non \u00e9clair\u00e9. Chiens et v\u00e9hicules interdits sur le terrain. Pour les camions, un parking sera mis \u00e0 disposition.<\/p>\n<p><strong>&gt;&gt;&gt; TARIFS ET BILLETTERIE\u00a0?<\/strong><br \/>\n<em><strong>&gt; Spect. et confs. du 11 au 13 mai\u00a0:<\/strong> <\/em>5\u20ac r\u00e9duit \/ 10\u20ac plein (uniquement en vente sur place)<br \/>\n<em><strong>&gt; Concerts\u00a0:<\/strong> <\/em><br \/>\n<em><strong>Campus 10 mai\u00a0:<\/strong><\/em> 10\u20ac r\u00e9duit \/ 15\u20ac plein<br \/>\n<em><strong>St Geoire 12 mai\u00a0:<\/strong> <\/em>10\u20ac tarif unique<br \/>\n<em><strong>St Geoire 13 mai\u00a0:<\/strong><\/em> 15\u20ac tarif unique<\/p>\n<p><em><strong>Pass Concerts 12 et 13 mai\u00a0:<\/strong> <\/em>20\u20ac (limit\u00e9 \u00e0 50)<br \/>\n<em><strong>Pass Festival 12, 13, 14 mai\u00a0:<\/strong><\/em> 35\u20ac (limit\u00e9 \u00e0 50)<\/p>\n<p><em>Tarifs r\u00e9duits\u00a0: \u00e9tudiants, ch\u00f4meurs, RSA, services civiques, handicap\u00e9s, familles nombreuses, enfants de moins de 12 ans.<\/em><\/p>\n<p>Billetterie en ligne ici\u00a0: <a href=\"http:\/\/mixarts.org\/association\/preventes-en-lignes\/\">http:\/\/mixarts.org\/association\/preventes-en-lignes\/<\/a><\/p>\n","protected":false},"excerpt":{"rendered":"<p>Festival autour de l&#8217;\u00e9cologie, l&#8217;agriculture, la spiritualit\u00e9 et le bien \u00eatre. Concerts, spectacles, conf\u00e9rences, ateliers, etc !<\/p>\n","protected":false},"author":1,"featured_media":732,"comment_status":"closed","ping_status":"open","sticky":false,"template":"","format":"standard","meta":{"_monsterinsights_skip_tracking":false,"_monsterinsights_sitenote_active":false,"_monsterinsights_sitenote_note":"","_monsterinsights_sitenote_category":0,"footnotes":""},"categories":[36],"tags":[17,5,18],"class_list":["post-729","post","type-post","status-publish","format-standard","has-post-thumbnail","hentry","category-36","tag-concert-passe","tag-event","tag-spectacle-passe"],"aioseo_notices":[],"_links":{"self":[{"href":"https:\/\/mixarts.org\/association\/wp-json\/wp\/v2\/posts\/729","targetHints":{"allow":["GET"]}}],"collection":[{"href":"https:\/\/mixarts.org\/association\/wp-json\/wp\/v2\/posts"}],"about":[{"href":"https:\/\/mixarts.org\/association\/wp-json\/wp\/v2\/types\/post"}],"author":[{"embeddable":true,"href":"https:\/\/mixarts.org\/association\/wp-json\/wp\/v2\/users\/1"}],"replies":[{"embeddable":true,"href":"https:\/\/mixarts.org\/association\/wp-json\/wp\/v2\/comments?post=729"}],"version-history":[{"count":23,"href":"https:\/\/mixarts.org\/association\/wp-json\/wp\/v2\/posts\/729\/revisions"}],"predecessor-version":[{"id":832,"href":"https:\/\/mixarts.org\/association\/wp-json\/wp\/v2\/posts\/729\/revisions\/832"}],"wp:featuredmedia":[{"embeddable":true,"href":"https:\/\/mixarts.org\/association\/wp-json\/wp\/v2\/media\/732"}],"wp:attachment":[{"href":"https:\/\/mixarts.org\/association\/wp-json\/wp\/v2\/media?parent=729"}],"wp:term":[{"taxonomy":"category","embeddable":true,"href":"https:\/\/mixarts.org\/association\/wp-json\/wp\/v2\/categories?post=729"},{"taxonomy":"post_tag","embeddable":true,"href":"https:\/\/mixarts.org\/association\/wp-json\/wp\/v2\/tags?post=729"}],"curies":[{"name":"wp","href":"https:\/\/api.w.org\/{rel}","templated":true}]}}