{"id":7758,"date":"2025-06-12T16:28:22","date_gmt":"2025-06-12T15:28:22","guid":{"rendered":"https:\/\/mixarts.org\/association\/?p=7758"},"modified":"2026-01-20T14:52:05","modified_gmt":"2026-01-20T13:52:05","slug":"17-01-kemmler","status":"publish","type":"post","link":"https:\/\/mixarts.org\/association\/2026\/17-01-kemmler\/","title":{"rendered":"17\/01 \u2013 KEMMLER + NEMO NEBBIA"},"content":{"rendered":"<div id='av-layout-grid-1'  class='av-layout-grid-container av-eusbnl-60a0429d5b577462e92b2721f8d7d187 entry-content-wrapper main_color av-flex-cells  avia-builder-el-0  el_before_av_section  avia-builder-el-first   container_wrap fullsize'  >\n\n<style type=\"text\/css\" data-created_by=\"avia_inline_auto\" id=\"style-css-av-bwv3f5-95a9e3c59f73e6bd498483a1846f6359\">\n.flex_cell.av-bwv3f5-95a9e3c59f73e6bd498483a1846f6359{\nvertical-align:top;\n}\n.responsive #top #wrap_all .flex_cell.av-bwv3f5-95a9e3c59f73e6bd498483a1846f6359{\npadding:30px 10px 30px 200px !important;\n}\n<\/style>\n<div class='flex_cell av-bwv3f5-95a9e3c59f73e6bd498483a1846f6359 av-gridrow-cell av_one_third no_margin  avia-builder-el-1  el_before_av_cell_two_third  avia-builder-el-first '  ><div class='flex_cell_inner'>\n<style type=\"text\/css\" data-created_by=\"avia_inline_auto\" id=\"style-css-av-lyg08zur-f4d99a67a420a67f910984c918f56f68\">\n#top .av_textblock_section.av-lyg08zur-f4d99a67a420a67f910984c918f56f68 .avia_textblock{\ncolor:#2e25ff;\n}\n<\/style>\n<section  class='av_textblock_section av-lyg08zur-f4d99a67a420a67f910984c918f56f68 '   itemscope=\"itemscope\" itemtype=\"https:\/\/schema.org\/BlogPosting\" itemprop=\"blogPost\" ><div class='avia_textblock av_inherit_color'  itemprop=\"text\" ><h2><strong>KEMMLER + <\/strong><\/h2>\n<h3><strong>NEMO NEBBIA<\/strong><\/h3>\n<\/div><\/section><br \/>\n<section  class='av_textblock_section av-lyfz9uq7-32c057b7614f91edc4bd086de41ddb92 '   itemscope=\"itemscope\" itemtype=\"https:\/\/schema.org\/BlogPosting\" itemprop=\"blogPost\" ><div class='avia_textblock'  itemprop=\"text\" ><h4><\/h4>\n<h4><strong>sam. 17 janvier \u00b7 20:00<br \/>\n\u2192 L\u2019Ilyade (Seyssinet-Pariset 38)<\/strong><\/h4>\n<\/div><\/section><br \/>\n<div  class='hr av-bbdchd-72f867289ba7e3359a2eae156b1fbc18 hr-default  avia-builder-el-4  el_after_av_textblock  el_before_av_button '><span class='hr-inner '><span class=\"hr-inner-style\"><\/span><\/span><\/div><br \/>\n<div  class='avia-button-wrap av-mc35f0ys-d3ff6b09804831a8de200234e2103d7d-wrap avia-button-left  avia-builder-el-5  el_after_av_hr  avia-builder-el-last '>\n<style type=\"text\/css\" data-created_by=\"avia_inline_auto\" id=\"style-css-av-mc35f0ys-d3ff6b09804831a8de200234e2103d7d\">\n#top #wrap_all .avia-button.av-mc35f0ys-d3ff6b09804831a8de200234e2103d7d{\nfont-size:17px;\nbackground-color:#2e25ff;\nborder-color:#2e25ff;\ncolor:#ffffff;\ntransition:all 0.4s ease-in-out;\n}\n<\/style>\n<a href='https:\/\/www.billetweb.fr\/kemmler'  class='avia-button av-mc35f0ys-d3ff6b09804831a8de200234e2103d7d av-link-btn avia-icon_select-no avia-size-large avia-position-left'  ><span class='avia_iconbox_title' >Billetterie<\/span><\/a><\/div><\/p>\n<\/div><\/div>\n<style type=\"text\/css\" data-created_by=\"avia_inline_auto\" id=\"style-css-av-8rhqep-0720208c5b6a94fee59d4d9398902401\">\n.flex_cell.av-8rhqep-0720208c5b6a94fee59d4d9398902401{\nvertical-align:top;\n}\n.responsive #top #wrap_all .flex_cell.av-8rhqep-0720208c5b6a94fee59d4d9398902401{\npadding:30px 200px 30px 10px !important;\n}\n<\/style>\n<div class='flex_cell av-8rhqep-0720208c5b6a94fee59d4d9398902401 av-gridrow-cell av_two_third no_margin  avia-builder-el-6  el_after_av_cell_one_third  avia-builder-el-last '  ><div class='flex_cell_inner'>\n<style type=\"text\/css\" data-created_by=\"avia_inline_auto\" id=\"style-css-av-lyfzi1uh-3eeb096567740dc66eccf4974d1f3f8a\">\n.avia-image-container.av-lyfzi1uh-3eeb096567740dc66eccf4974d1f3f8a img.avia_image{\nbox-shadow:none;\n}\n.avia-image-container.av-lyfzi1uh-3eeb096567740dc66eccf4974d1f3f8a .av-image-caption-overlay-center{\ncolor:#ffffff;\n}\n<\/style>\n<div  class='avia-image-container av-lyfzi1uh-3eeb096567740dc66eccf4974d1f3f8a av-styling- avia-align-center  avia-builder-el-7  avia-builder-el-no-sibling  av-has-copyright av-copyright-always'   itemprop=\"image\" itemscope=\"itemscope\" itemtype=\"https:\/\/schema.org\/ImageObject\" ><div class=\"avia-image-container-inner\"><div class=\"avia-image-overlay-wrap\"><img fetchpriority=\"high\" class='wp-image-7760 avia-img-lazy-loading-not-7760 avia_image ' src='https:\/\/mixarts.org\/association\/wp-content\/uploads\/2025\/06\/Kemmler-banner.jpg' alt='' title='Kemmler'  height=\"543\" width=\"1040\"  itemprop=\"thumbnailUrl\"  \/><\/div><small class=\"avia-copyright\">yo0ujo<\/small><\/div><\/div>\n<\/div><\/div>\n<\/div>\n<div id='av_section_1'  class='avia-section av-7sxb0x-2bad287711858e76650601bb575bfa58 main_color avia-section-default avia-no-border-styling  avia-builder-el-8  el_after_av_layout_row  avia-builder-el-last  avia-bg-style-scroll container_wrap fullsize'  ><div class='container av-section-cont-open' ><div class='template-page content  av-content-full alpha units'><div class='post-entry post-entry-type-page post-entry-7758'><div class='entry-content-wrapper clearfix'>\n\n<style type=\"text\/css\" data-created_by=\"avia_inline_auto\" id=\"style-css-av-5q0bz5-52583f263dabe68c8bdaa4edd349ece3\">\n#top .flex_column.av-5q0bz5-52583f263dabe68c8bdaa4edd349ece3{\nmargin-top:0px;\nmargin-bottom:0px;\n}\n.flex_column.av-5q0bz5-52583f263dabe68c8bdaa4edd349ece3{\nborder-radius:0px 0px 0px 0px;\npadding:3px 3px 3px 3px;\n}\n.responsive #top #wrap_all .flex_column.av-5q0bz5-52583f263dabe68c8bdaa4edd349ece3{\nmargin-top:0px;\nmargin-bottom:0px;\n}\n<\/style>\n<div  class='flex_column av-5q0bz5-52583f263dabe68c8bdaa4edd349ece3 av_one_third  avia-builder-el-9  el_before_av_two_fifth  avia-builder-el-first  first flex_column_div  '     ><p>\n<style type=\"text\/css\" data-created_by=\"avia_inline_auto\" id=\"style-css-av-lyfzwcsa-427e8de6d18c05b0e8cd8dc4bf36ce0e\">\n.avia-image-container.av-lyfzwcsa-427e8de6d18c05b0e8cd8dc4bf36ce0e img.avia_image{\nbox-shadow:none;\n}\n.avia-image-container.av-lyfzwcsa-427e8de6d18c05b0e8cd8dc4bf36ce0e .av-image-caption-overlay-center{\ncolor:#ffffff;\n}\n<\/style>\n<div  class='avia-image-container av-lyfzwcsa-427e8de6d18c05b0e8cd8dc4bf36ce0e av-styling- avia-align-center  avia-builder-el-10  el_before_av_video  avia-builder-el-first  av-has-copyright av-copyright-always'   itemprop=\"image\" itemscope=\"itemscope\" itemtype=\"https:\/\/schema.org\/ImageObject\" ><div class=\"avia-image-container-inner\"><div class=\"avia-image-overlay-wrap\"><img fetchpriority=\"high\" class='wp-image-7762 avia-img-lazy-loading-not-7762 avia_image ' src='https:\/\/mixarts.org\/association\/wp-content\/uploads\/2025\/06\/FINAL@yo0ujo_Kemmler-Cover-FINAL-scaled.jpeg' alt='' title='FINAL@yo0ujo_Kemmler-Cover-FINAL'  height=\"2560\" width=\"2560\"  itemprop=\"thumbnailUrl\"  \/><\/div><small class=\"avia-copyright\">yo0ujo<\/small><\/div><\/div><br \/>\n<div  class='avia-video av-lyiil8tr-fb5c3ffbfbd8b541d691d794c5fb8207 avia-video-16-9 av-no-preview-image avia-video-load-always av-lazyload-immediate av-lazyload-video-embed'  itemprop=\"video\" itemtype=\"https:\/\/schema.org\/VideoObject\"  data-original_url='https:\/\/youtu.be\/Lt-FD49BoIE?si=KSQ07XPLkcKx1uYk'><script type='text\/html' class='av-video-tmpl'><div class='avia-iframe-wrap'><iframe loading=\"lazy\" title=\"Kemmler \u2013 Si c&#039;est toi (Lyrics Video)\" width=\"1500\" height=\"844\" src=\"https:\/\/www.youtube.com\/embed\/Lt-FD49BoIE?feature=oembed&autoplay=0&loop=0&controls=1&mute=0\" frameborder=\"0\" allow=\"accelerometer; autoplay; clipboard-write; encrypted-media; gyroscope; picture-in-picture; web-share\" referrerpolicy=\"strict-origin-when-cross-origin\" allowfullscreen><\/iframe><\/div><\/script><div class='av-click-to-play-overlay'><div class=\"avia_playpause_icon\"><\/div><\/div><\/div><br \/>\n<div  class='hr av-4bamr2-2337b0752b4748045dcf55753e496a95 hr-default  avia-builder-el-12  el_after_av_video  el_before_av_image '><span class='hr-inner '><span class=\"hr-inner-style\"><\/span><\/span><\/div><br \/>\n\n<style type=\"text\/css\" data-created_by=\"avia_inline_auto\" id=\"style-css-av-mjr0fm9c-6174ae19650b89aea72279f5180430f9\">\n.avia-image-container.av-mjr0fm9c-6174ae19650b89aea72279f5180430f9 img.avia_image{\nbox-shadow:none;\n}\n.avia-image-container.av-mjr0fm9c-6174ae19650b89aea72279f5180430f9 .av-image-caption-overlay-center{\ncolor:#ffffff;\n}\n<\/style>\n<div  class='avia-image-container av-mjr0fm9c-6174ae19650b89aea72279f5180430f9 av-styling- avia-align-center  avia-builder-el-13  el_after_av_hr  el_before_av_video  av-has-copyright av-copyright-always'   itemprop=\"image\" itemscope=\"itemscope\" itemtype=\"https:\/\/schema.org\/ImageObject\" ><div class=\"avia-image-container-inner\"><div class=\"avia-image-overlay-wrap\"><img fetchpriority=\"high\" class='wp-image-8387 avia-img-lazy-loading-not-8387 avia_image ' src='https:\/\/mixarts.org\/association\/wp-content\/uploads\/2025\/06\/02-1024x576.png' alt='' title='02'  height=\"576\" width=\"1024\"  itemprop=\"thumbnailUrl\"  \/><\/div><small class=\"avia-copyright\">Alexandre-Mamelli<\/small><\/div><\/div><br \/>\n<div  class='avia-video av-mjr0k4bd-2b10949578224529f62423db25278dd6 avia-video-16-9 av-no-preview-image avia-video-load-always av-lazyload-immediate av-lazyload-video-embed'  itemprop=\"video\" itemtype=\"https:\/\/schema.org\/VideoObject\"  data-original_url='https:\/\/youtu.be\/IpAMYmJfnIk?si=RvfSFA6cX9E-m637'><script type='text\/html' class='av-video-tmpl'><div class='avia-iframe-wrap'><iframe loading=\"lazy\" title=\"NEMO NEBBIA- L&#039; ART DU GRAND \u00c9CART [CLIP OFFICIEL]\" width=\"1500\" height=\"844\" src=\"https:\/\/www.youtube.com\/embed\/IpAMYmJfnIk?feature=oembed&autoplay=0&loop=0&controls=1&mute=0\" frameborder=\"0\" allow=\"accelerometer; autoplay; clipboard-write; encrypted-media; gyroscope; picture-in-picture; web-share\" referrerpolicy=\"strict-origin-when-cross-origin\" allowfullscreen><\/iframe><\/div><\/script><div class='av-click-to-play-overlay'><div class=\"avia_playpause_icon\"><\/div><\/div><\/div><\/p><\/div>\n<style type=\"text\/css\" data-created_by=\"avia_inline_auto\" id=\"style-css-av-3hxqtt-8f26f5306e85e477eb28ccc8d3ce48c9\">\n#top .flex_column.av-3hxqtt-8f26f5306e85e477eb28ccc8d3ce48c9{\nmargin-top:0px;\nmargin-bottom:0px;\n}\n.flex_column.av-3hxqtt-8f26f5306e85e477eb28ccc8d3ce48c9{\nborder-radius:0px 0px 0px 0px;\npadding:0px 0px 0px 0px;\n}\n.responsive #top #wrap_all .flex_column.av-3hxqtt-8f26f5306e85e477eb28ccc8d3ce48c9{\nmargin-top:0px;\nmargin-bottom:0px;\n}\n<\/style>\n<div  class='flex_column av-3hxqtt-8f26f5306e85e477eb28ccc8d3ce48c9 av_two_fifth  avia-builder-el-15  el_after_av_one_third  el_before_av_one_fourth  flex_column_div av-zero-column-padding  '     ><style type=\"text\/css\" data-created_by=\"avia_inline_auto\" id=\"style-css-av-lyg081mj-eb359d4b0d8b9c6485aca82ad82f7aee\">\n#top .av_textblock_section.av-lyg081mj-eb359d4b0d8b9c6485aca82ad82f7aee .avia_textblock{\ncolor:#000000;\n}\n<\/style>\n<section  class='av_textblock_section av-lyg081mj-eb359d4b0d8b9c6485aca82ad82f7aee '   itemscope=\"itemscope\" itemtype=\"https:\/\/schema.org\/BlogPosting\" itemprop=\"blogPost\" ><div class='avia_textblock av_inherit_color'  itemprop=\"text\" ><h4><strong>Apr\u00e8s son album <em>Alain<\/em> et sa tourn\u00e9e \u00e0 guichets ferm\u00e9s, Kemmler revient en solo, libre et sinc\u00e8re avec son nouvel album. <em>Finalement<\/em>, c\u2019est l\u2019histoire d\u2019un homme devenu p\u00e8re, d\u2019un fils qui a perdu le sien, mais aussi d\u2019un artiste qui reprend pleinement le contr\u00f4le de sa vie et de sa carri\u00e8re. <\/strong><\/h4>\n<\/div><\/section><br \/>\n<section  class='av_textblock_section av-lyg069x5-774814f42ad02e7238c9fe54ebb66cf0 '   itemscope=\"itemscope\" itemtype=\"https:\/\/schema.org\/BlogPosting\" itemprop=\"blogPost\" ><div class='avia_textblock'  itemprop=\"text\" ><p>Avec cette tourn\u00e9e intime qui s\u2019annonce intense, Kemmler invite son public \u00e0 partager ses r\u00e9flexions et ses \u00e9motions les yeux dans les yeux pour un moment hors du temps. Kemmler s&#8217;impose aujourd&#8217;hui comme une voix incontournable de la chanson introspective fran\u00e7aise, reconnu pour son approche directe et po\u00e9tique. \u00c0 travers ses albums tels que <em>Rose<\/em>, <em>Gris Coeur<\/em>, <em>&#038;Moi<\/em> et <em>Alain<\/em>, il explore des th\u00e8mes universels: l&#8217;amour, l&#8217;amiti\u00e9, les doutes et la r\u00e9silience.<\/p>\n<\/div><\/section><br \/>\n\n<style type=\"text\/css\" data-created_by=\"avia_inline_auto\" id=\"style-css-av-mjr08v3k-d6bc3f4cee2b62078a83e452dbb040e0\">\n#top .hr.av-mjr08v3k-d6bc3f4cee2b62078a83e452dbb040e0{\nmargin-top:175px;\nmargin-bottom:175px;\n}\n.hr.av-mjr08v3k-d6bc3f4cee2b62078a83e452dbb040e0 .hr-inner{\nwidth:250px;\n}\n<\/style>\n<div  class='hr av-mjr08v3k-d6bc3f4cee2b62078a83e452dbb040e0 hr-custom  avia-builder-el-18  el_after_av_textblock  el_before_av_textblock  hr-center hr-icon-no'><span class='hr-inner inner-border-av-border-none'><span class=\"hr-inner-style\"><\/span><\/span><\/div><br \/>\n<section  class='av_textblock_section av-mjr0x3z8-441d5fcdf594d5f691a1bc139ccf4a6e '   itemscope=\"itemscope\" itemtype=\"https:\/\/schema.org\/BlogPosting\" itemprop=\"blogPost\" ><div class='avia_textblock'  itemprop=\"text\" ><h4>Auteur, interpr\u00e8te et rappeur grenoblois, Nemo Nebbia incarne une g\u00e9n\u00e9ration d\u2019artistes pour qui le rap est \u00e0 la fois espace d\u2019expression, d\u2019\u00e9coute et de soin. Un rap humain, habit\u00e9, \u00e0 l\u2019image de son parcours et du monde qu\u2019il tente de tisser, morceau apr\u00e8s morceau.<\/h4>\n<\/div><\/section><br \/>\n<section  class='av_textblock_section av-mjr0lidt-1aeedd607c7fca9124f635eb004e390b '   itemscope=\"itemscope\" itemtype=\"https:\/\/schema.org\/BlogPosting\" itemprop=\"blogPost\" ><div class='avia_textblock'  itemprop=\"text\" ><p>Issu d\u2019un h\u00e9ritage multiple, il porte en lui les r\u00e9cits d\u2019exils et de reconstructions.\u00a0 De l&#8217;histoirdes pieds-noirs d\u2019Alg\u00e9rie \u00e0 celles des immigr\u00e9s italiens venus de Corato \u00e0 Grenoble, c\u2019est la m\u00e9moire du d\u00e9part et la force du recommencement qui lui ont \u00e9t\u00e9 transmis. Entre les montagnes et la M\u00e9diterrann\u00e9e, cette double appartenance\u00a0nourrit une \u00e9criture po\u00e9tique, ancr\u00e9e dans le r\u00e9el.<\/p>\n<p>En 2024, il signe Soleil Bleu, un EP salu\u00e9 pour sa production l\u00e9ch\u00e9e et son \u00e9quilibre entre boom bap classique et sonorit\u00e9s modernes. \u00c0 travers ce disque, Nemo propose un rap \u00e0 hauteur d\u2019homme \u00e0 la fronti\u00e8re entre l\u2019intime et le politique, entre la parole du soignant et celle de l\u2019artiste.<\/p>\n<\/div><\/section><\/p><\/div>\n<style type=\"text\/css\" data-created_by=\"avia_inline_auto\" id=\"style-css-av-2xfd1d-0357dc2396a341a2961df1b9eadde8e3\">\n#top .flex_column.av-2xfd1d-0357dc2396a341a2961df1b9eadde8e3{\nmargin-top:0px;\nmargin-bottom:0px;\n}\n.flex_column.av-2xfd1d-0357dc2396a341a2961df1b9eadde8e3{\nborder-radius:0px 0px 0px 0px;\npadding:0px 0px 0px 0px;\n}\n.responsive #top #wrap_all .flex_column.av-2xfd1d-0357dc2396a341a2961df1b9eadde8e3{\nmargin-top:0px;\nmargin-bottom:0px;\n}\n<\/style>\n<div  class='flex_column av-2xfd1d-0357dc2396a341a2961df1b9eadde8e3 av_one_fourth  avia-builder-el-21  el_after_av_two_fifth  avia-builder-el-last  flex_column_div av-zero-column-padding  '     ><style type=\"text\/css\" data-created_by=\"avia_inline_auto\" id=\"style-css-av-lyg0bi7s-8a9fc2ee76532b21ae169dd7ea673221\">\n#top .av_textblock_section.av-lyg0bi7s-8a9fc2ee76532b21ae169dd7ea673221 .avia_textblock{\ncolor:#2e25ff;\n}\n<\/style>\n<section  class='av_textblock_section av-lyg0bi7s-8a9fc2ee76532b21ae169dd7ea673221 '   itemscope=\"itemscope\" itemtype=\"https:\/\/schema.org\/BlogPosting\" itemprop=\"blogPost\" ><div class='avia_textblock av_inherit_color'  itemprop=\"text\" ><h3 style=\"text-align: right;\">INFOS PRATIQUES<\/h3>\n<\/div><\/section><br \/>\n\n<style type=\"text\/css\" data-created_by=\"avia_inline_auto\" id=\"style-css-av-lyg0b1p6-fb19c4810079659cc4d7a803c7ce305f\">\n#top .av_textblock_section.av-lyg0b1p6-fb19c4810079659cc4d7a803c7ce305f .avia_textblock{\ncolor:#000000;\n}\n<\/style>\n<section  class='av_textblock_section av-lyg0b1p6-fb19c4810079659cc4d7a803c7ce305f '   itemscope=\"itemscope\" itemtype=\"https:\/\/schema.org\/BlogPosting\" itemprop=\"blogPost\" ><div class='avia_textblock av_inherit_color'  itemprop=\"text\" ><p style=\"text-align: right;\"><strong>CONCERT<\/strong><\/p>\n<p style=\"text-align: right;\" align=\"right\"><strong>Pr\u00e9ventes \u2192 de 22\u20ac \u00e0 25\u20ac<\/strong><b><br \/>\n<strong>\u00a0Sur place \u2192 de 25\u20ac \u00e0 28\u20ac <\/strong><\/b><\/p>\n<p style=\"text-align: right;\" align=\"right\"><strong>Buvette sur place<\/strong><\/p>\n<p style=\"text-align: right;\" align=\"right\"><strong>Ouverture des portes \u2192 20 :00<\/strong><b><br \/>\n<strong>\u00a0D\u00e9but du concert \u2192 20:30<\/strong><\/b><\/p>\n<p style=\"text-align: right;\" align=\"right\"><strong>L\u2019Ilyade<\/strong><br \/>\n<span class=\"x193iq5w\"><i>32 rue de la Fauconni\u00e8re<\/i><\/span><i><br \/>\n<span class=\"x193iq5w\">38170 Seyssinet-Pariset<\/span><\/i><\/p>\n<\/div><\/section><br \/>\n<\/p><\/div>\n","protected":false},"excerpt":{"rendered":"","protected":false},"author":1,"featured_media":7762,"comment_status":"closed","ping_status":"open","sticky":false,"template":"","format":"standard","meta":{"_monsterinsights_skip_tracking":false,"_monsterinsights_sitenote_active":false,"_monsterinsights_sitenote_note":"","_monsterinsights_sitenote_category":0,"footnotes":""},"categories":[208],"tags":[],"class_list":["post-7758","post","type-post","status-publish","format-standard","has-post-thumbnail","hentry","category-208"],"aioseo_notices":[],"_links":{"self":[{"href":"https:\/\/mixarts.org\/association\/wp-json\/wp\/v2\/posts\/7758","targetHints":{"allow":["GET"]}}],"collection":[{"href":"https:\/\/mixarts.org\/association\/wp-json\/wp\/v2\/posts"}],"about":[{"href":"https:\/\/mixarts.org\/association\/wp-json\/wp\/v2\/types\/post"}],"author":[{"embeddable":true,"href":"https:\/\/mixarts.org\/association\/wp-json\/wp\/v2\/users\/1"}],"replies":[{"embeddable":true,"href":"https:\/\/mixarts.org\/association\/wp-json\/wp\/v2\/comments?post=7758"}],"version-history":[{"count":15,"href":"https:\/\/mixarts.org\/association\/wp-json\/wp\/v2\/posts\/7758\/revisions"}],"predecessor-version":[{"id":8447,"href":"https:\/\/mixarts.org\/association\/wp-json\/wp\/v2\/posts\/7758\/revisions\/8447"}],"wp:featuredmedia":[{"embeddable":true,"href":"https:\/\/mixarts.org\/association\/wp-json\/wp\/v2\/media\/7762"}],"wp:attachment":[{"href":"https:\/\/mixarts.org\/association\/wp-json\/wp\/v2\/media?parent=7758"}],"wp:term":[{"taxonomy":"category","embeddable":true,"href":"https:\/\/mixarts.org\/association\/wp-json\/wp\/v2\/categories?post=7758"},{"taxonomy":"post_tag","embeddable":true,"href":"https:\/\/mixarts.org\/association\/wp-json\/wp\/v2\/tags?post=7758"}],"curies":[{"name":"wp","href":"https:\/\/api.w.org\/{rel}","templated":true}]}}