{"id":7783,"date":"2025-06-24T16:39:26","date_gmt":"2025-06-24T15:39:26","guid":{"rendered":"https:\/\/mixarts.org\/association\/?p=7783"},"modified":"2026-04-30T13:52:40","modified_gmt":"2026-04-30T12:52:40","slug":"29-04-sheila","status":"publish","type":"post","link":"https:\/\/mixarts.org\/association\/2026\/29-04-sheila\/","title":{"rendered":"29\/04 \u2013 SHEILA"},"content":{"rendered":"<div id='av-layout-grid-1'  class='av-layout-grid-container av-eusbnl-60a0429d5b577462e92b2721f8d7d187 entry-content-wrapper main_color av-flex-cells  avia-builder-el-0  el_before_av_section  avia-builder-el-first   container_wrap fullsize'  >\n\n<style type=\"text\/css\" data-created_by=\"avia_inline_auto\" id=\"style-css-av-bwv3f5-95a9e3c59f73e6bd498483a1846f6359\">\n.flex_cell.av-bwv3f5-95a9e3c59f73e6bd498483a1846f6359{\nvertical-align:top;\n}\n.responsive #top #wrap_all .flex_cell.av-bwv3f5-95a9e3c59f73e6bd498483a1846f6359{\npadding:30px 10px 30px 200px !important;\n}\n<\/style>\n<div class='flex_cell av-bwv3f5-95a9e3c59f73e6bd498483a1846f6359 av-gridrow-cell av_one_third no_margin  avia-builder-el-1  el_before_av_cell_two_third  avia-builder-el-first '  ><div class='flex_cell_inner'>\n<style type=\"text\/css\" data-created_by=\"avia_inline_auto\" id=\"style-css-av-lyg08zur-3c775b072b886af467a5944a705277c3\">\n#top .av_textblock_section.av-lyg08zur-3c775b072b886af467a5944a705277c3 .avia_textblock{\ncolor:#0ad1fb;\n}\n<\/style>\n<section  class='av_textblock_section av-lyg08zur-3c775b072b886af467a5944a705277c3 '   itemscope=\"itemscope\" itemtype=\"https:\/\/schema.org\/BlogPosting\" itemprop=\"blogPost\" ><div class='avia_textblock av_inherit_color'  itemprop=\"text\" ><h2><strong>SHEILA<\/strong><\/h2>\n<h3><strong>LA TOURNEE 8.0<\/strong><\/h3>\n<\/div><\/section><br \/>\n<section  class='av_textblock_section av-lyfz9uq7-32c057b7614f91edc4bd086de41ddb92 '   itemscope=\"itemscope\" itemtype=\"https:\/\/schema.org\/BlogPosting\" itemprop=\"blogPost\" ><div class='avia_textblock'  itemprop=\"text\" ><h4><\/h4>\n<h4><strong>mer. 29 avril \u00b7 20:00<br \/>\n\u2192 L\u2019Auditorium \u2013 Alpexpo Grenoble (38)<\/strong><\/h4>\n<\/div><\/section><br \/>\n<div  class='hr av-bbdchd-72f867289ba7e3359a2eae156b1fbc18 hr-default  avia-builder-el-4  el_after_av_textblock  el_before_av_button '><span class='hr-inner '><span class=\"hr-inner-style\"><\/span><\/span><\/div><br \/>\n<div  class='avia-button-wrap av-mc35f0ys-2f048914552f8db16176768a8127ee58-wrap avia-button-left  avia-builder-el-5  el_after_av_hr  avia-builder-el-last '>\n<style type=\"text\/css\" data-created_by=\"avia_inline_auto\" id=\"style-css-av-mc35f0ys-2f048914552f8db16176768a8127ee58\">\n#top #wrap_all .avia-button.av-mc35f0ys-2f048914552f8db16176768a8127ee58{\nfont-size:17px;\nbackground-color:#0ad1fb;\nborder-color:#0ad1fb;\ncolor:#ffffff;\ntransition:all 0.4s ease-in-out;\n}\n<\/style>\n<a href='https:\/\/www.billetweb.fr\/sheila-la-tournee-8-0-grenoble'  class='avia-button av-mc35f0ys-2f048914552f8db16176768a8127ee58 av-link-btn avia-icon_select-no avia-size-large avia-position-left'  ><span class='avia_iconbox_title' >Billetterie<\/span><\/a><\/div><\/p>\n<\/div><\/div>\n<style type=\"text\/css\" data-created_by=\"avia_inline_auto\" id=\"style-css-av-8rhqep-0720208c5b6a94fee59d4d9398902401\">\n.flex_cell.av-8rhqep-0720208c5b6a94fee59d4d9398902401{\nvertical-align:top;\n}\n.responsive #top #wrap_all .flex_cell.av-8rhqep-0720208c5b6a94fee59d4d9398902401{\npadding:30px 200px 30px 10px !important;\n}\n<\/style>\n<div class='flex_cell av-8rhqep-0720208c5b6a94fee59d4d9398902401 av-gridrow-cell av_two_third no_margin  avia-builder-el-6  el_after_av_cell_one_third  avia-builder-el-last '  ><div class='flex_cell_inner'>\n<style type=\"text\/css\" data-created_by=\"avia_inline_auto\" id=\"style-css-av-lyfzi1uh-6462beef92363eed0296544853e906ff\">\n.avia-image-container.av-lyfzi1uh-6462beef92363eed0296544853e906ff img.avia_image{\nbox-shadow:none;\n}\n.avia-image-container.av-lyfzi1uh-6462beef92363eed0296544853e906ff .av-image-caption-overlay-center{\ncolor:#ffffff;\n}\n<\/style>\n<div  class='avia-image-container av-lyfzi1uh-6462beef92363eed0296544853e906ff av-styling- avia-align-center  avia-builder-el-7  avia-builder-el-no-sibling  av-has-copyright av-copyright-always'   itemprop=\"image\" itemscope=\"itemscope\" itemtype=\"https:\/\/schema.org\/ImageObject\" ><div class=\"avia-image-container-inner\"><div class=\"avia-image-overlay-wrap\"><img fetchpriority=\"high\" class='wp-image-7785 avia-img-lazy-loading-not-7785 avia_image ' src='https:\/\/mixarts.org\/association\/wp-content\/uploads\/2025\/06\/Sheila-banner.jpg' alt='' title='Sheila'  height=\"543\" width=\"1040\"  itemprop=\"thumbnailUrl\"  \/><\/div><small class=\"avia-copyright\">Darius Salimi<\/small><\/div><\/div>\n<\/div><\/div>\n<\/div>\n<div id='av_section_1'  class='avia-section av-7sxb0x-2bad287711858e76650601bb575bfa58 main_color avia-section-default avia-no-border-styling  avia-builder-el-8  el_after_av_layout_row  avia-builder-el-last  avia-bg-style-scroll container_wrap fullsize'  ><div class='container av-section-cont-open' ><div class='template-page content  av-content-full alpha units'><div class='post-entry post-entry-type-page post-entry-7783'><div class='entry-content-wrapper clearfix'>\n\n<style type=\"text\/css\" data-created_by=\"avia_inline_auto\" id=\"style-css-av-5q0bz5-52583f263dabe68c8bdaa4edd349ece3\">\n#top .flex_column.av-5q0bz5-52583f263dabe68c8bdaa4edd349ece3{\nmargin-top:0px;\nmargin-bottom:0px;\n}\n.flex_column.av-5q0bz5-52583f263dabe68c8bdaa4edd349ece3{\nborder-radius:0px 0px 0px 0px;\npadding:3px 3px 3px 3px;\n}\n.responsive #top #wrap_all .flex_column.av-5q0bz5-52583f263dabe68c8bdaa4edd349ece3{\nmargin-top:0px;\nmargin-bottom:0px;\n}\n<\/style>\n<div  class='flex_column av-5q0bz5-52583f263dabe68c8bdaa4edd349ece3 av_one_third  avia-builder-el-9  el_before_av_two_fifth  avia-builder-el-first  first flex_column_div  '     ><p>\n<style type=\"text\/css\" data-created_by=\"avia_inline_auto\" id=\"style-css-av-mcamvfmt-235fec61fdbf5b9b4c9293cfeeade68a\">\n.avia-image-container.av-mcamvfmt-235fec61fdbf5b9b4c9293cfeeade68a img.avia_image{\nbox-shadow:none;\n}\n.avia-image-container.av-mcamvfmt-235fec61fdbf5b9b4c9293cfeeade68a .av-image-caption-overlay-center{\ncolor:#ffffff;\n}\n<\/style>\n<div  class='avia-image-container av-mcamvfmt-235fec61fdbf5b9b4c9293cfeeade68a av-styling- avia-align-center  avia-builder-el-10  el_before_av_video  avia-builder-el-first '   itemprop=\"image\" itemscope=\"itemscope\" itemtype=\"https:\/\/schema.org\/ImageObject\" ><div class=\"avia-image-container-inner\"><div class=\"avia-image-overlay-wrap\"><img fetchpriority=\"high\" class='avia-img-lazy-loading-not- avia_image ' src='http:\/\/mixarts.org\/association\/wp-content\/uploads\/2025\/06\/SHEILA-06-272.jpg' alt='' title=''   itemprop=\"thumbnailUrl\"  \/><\/div><\/div><\/div><br \/>\n<div  class='avia-video av-lyiil8tr-08be9b44a6694fd433fe92cc8e76bb58 avia-video-16-9 av-no-preview-image avia-video-load-always av-lazyload-immediate av-lazyload-video-embed'  itemprop=\"video\" itemtype=\"https:\/\/schema.org\/VideoObject\"  data-original_url='https:\/\/youtu.be\/W3t7zxQ9bG4'><script type='text\/html' class='av-video-tmpl'><div class='avia-iframe-wrap'><iframe loading=\"lazy\" title=\"Sheila - Tous Y\u00e9y\u00e9 (Vid\u00e9o Officielle)\" width=\"1500\" height=\"844\" src=\"https:\/\/www.youtube.com\/embed\/W3t7zxQ9bG4?feature=oembed&autoplay=0&loop=0&controls=1&mute=0\" frameborder=\"0\" allow=\"accelerometer; autoplay; clipboard-write; encrypted-media; gyroscope; picture-in-picture; web-share\" referrerpolicy=\"strict-origin-when-cross-origin\" allowfullscreen><\/iframe><\/div><\/script><div class='av-click-to-play-overlay'><div class=\"avia_playpause_icon\"><\/div><\/div><\/div><br \/>\n<div  class='hr av-4bamr2-2337b0752b4748045dcf55753e496a95 hr-default  avia-builder-el-12  el_after_av_video  avia-builder-el-last '><span class='hr-inner '><span class=\"hr-inner-style\"><\/span><\/span><\/div><\/p><\/div>\n<style type=\"text\/css\" data-created_by=\"avia_inline_auto\" id=\"style-css-av-3hxqtt-8f26f5306e85e477eb28ccc8d3ce48c9\">\n#top .flex_column.av-3hxqtt-8f26f5306e85e477eb28ccc8d3ce48c9{\nmargin-top:0px;\nmargin-bottom:0px;\n}\n.flex_column.av-3hxqtt-8f26f5306e85e477eb28ccc8d3ce48c9{\nborder-radius:0px 0px 0px 0px;\npadding:0px 0px 0px 0px;\n}\n.responsive #top #wrap_all .flex_column.av-3hxqtt-8f26f5306e85e477eb28ccc8d3ce48c9{\nmargin-top:0px;\nmargin-bottom:0px;\n}\n<\/style>\n<div  class='flex_column av-3hxqtt-8f26f5306e85e477eb28ccc8d3ce48c9 av_two_fifth  avia-builder-el-13  el_after_av_one_third  el_before_av_one_fourth  flex_column_div av-zero-column-padding  '     ><style type=\"text\/css\" data-created_by=\"avia_inline_auto\" id=\"style-css-av-lyg081mj-eb359d4b0d8b9c6485aca82ad82f7aee\">\n#top .av_textblock_section.av-lyg081mj-eb359d4b0d8b9c6485aca82ad82f7aee .avia_textblock{\ncolor:#000000;\n}\n<\/style>\n<section  class='av_textblock_section av-lyg081mj-eb359d4b0d8b9c6485aca82ad82f7aee '   itemscope=\"itemscope\" itemtype=\"https:\/\/schema.org\/BlogPosting\" itemprop=\"blogPost\" ><div class='avia_textblock av_inherit_color'  itemprop=\"text\" ><h4><strong>SHEILA, ic\u00f4ne de la chanson et du disco fran\u00e7ais, pr\u00e9sente un nouveau spectacle &#8211; 8.0 &#8211; c\u00e9l\u00e9brant un r\u00e9pertoire incontournable qui conjugue toutes les g\u00e9n\u00e9rations.<\/strong><\/h4>\n<\/div><\/section><br \/>\n<section  class='av_textblock_section av-lyg069x5-774814f42ad02e7238c9fe54ebb66cf0 '   itemscope=\"itemscope\" itemtype=\"https:\/\/schema.org\/BlogPosting\" itemprop=\"blogPost\" ><div class='avia_textblock'  itemprop=\"text\" ><p>Sa long\u00e9vit\u00e9 s\u2019\u00e9tend sur plus de 6 d\u00e9cennies, une carri\u00e8re jalonn\u00e9e de nombreux tubes passant du y\u00e9y\u00e9 au disco, de la pop au rock, avec pas moins de 27 albums qui se sont \u00e9coul\u00e9s \u00e0 plus de 85 millions d\u2019exemplaires.<\/p>\n<p>Sheila est l\u2019une des rares artistes fran\u00e7aises \u00e0 s&#8217;\u00eatre class\u00e9e \u00e0 plusieurs reprises au prestigieux Billboard am\u00e9ricain et devenant une artiste internationale.<\/p>\n<p>Apr\u00e8s une tourn\u00e9e triomphale c\u00e9l\u00e9brant 60 ans de carri\u00e8re \u00e0 travers la France, la Belgique et la Suisse, et cinq concerts complets \u00e0 Paris (Salle Pleyel et Grand Rex), Sheila \u00e0 la carri\u00e8re riche et unique avec une dimension culte sera en tourn\u00e9e \u00e9v\u00e9nement &#8211; 8.0 &#8211; c\u00e9l\u00e9brant une vie de tubes et des nouveaut\u00e9s.<\/p>\n<\/div><\/section><br \/>\n<div  class='hr av-2mp5rr-24bcb956a6b1e1b102ce20b99d91fddb hr-default  avia-builder-el-16  el_after_av_textblock  el_before_av_textblock '><span class='hr-inner '><span class=\"hr-inner-style\"><\/span><\/span><\/div><br \/>\n<section  class='av_textblock_section av-mcammudm-40d29f83727e827de2004c8ab6ac53c2 '   itemscope=\"itemscope\" itemtype=\"https:\/\/schema.org\/BlogPosting\" itemprop=\"blogPost\" ><div class='avia_textblock'  itemprop=\"text\" ><h6><strong>Distribution <\/strong><\/h6>\n<p>Sheila : Chant<br \/>\nEric Azhar : Direction Musicale + Guitares<br \/>\nAnthony Magloire La Gr\u00e8ve : Guitare<br \/>\nPhilippe Gonnand : Basse<br \/>\nC\u00e9dric Affre : Batteur<br \/>\nSeverine Caparros : Choriste<\/p>\n<\/div><\/section><\/p><\/div>\n<style type=\"text\/css\" data-created_by=\"avia_inline_auto\" id=\"style-css-av-2xfd1d-0357dc2396a341a2961df1b9eadde8e3\">\n#top .flex_column.av-2xfd1d-0357dc2396a341a2961df1b9eadde8e3{\nmargin-top:0px;\nmargin-bottom:0px;\n}\n.flex_column.av-2xfd1d-0357dc2396a341a2961df1b9eadde8e3{\nborder-radius:0px 0px 0px 0px;\npadding:0px 0px 0px 0px;\n}\n.responsive #top #wrap_all .flex_column.av-2xfd1d-0357dc2396a341a2961df1b9eadde8e3{\nmargin-top:0px;\nmargin-bottom:0px;\n}\n<\/style>\n<div  class='flex_column av-2xfd1d-0357dc2396a341a2961df1b9eadde8e3 av_one_fourth  avia-builder-el-18  el_after_av_two_fifth  avia-builder-el-last  flex_column_div av-zero-column-padding  '     ><style type=\"text\/css\" data-created_by=\"avia_inline_auto\" id=\"style-css-av-lyg0bi7s-d3bdcf09d956ed15b107238159f0ca1d\">\n#top .av_textblock_section.av-lyg0bi7s-d3bdcf09d956ed15b107238159f0ca1d .avia_textblock{\ncolor:#0ad1fb;\n}\n<\/style>\n<section  class='av_textblock_section av-lyg0bi7s-d3bdcf09d956ed15b107238159f0ca1d '   itemscope=\"itemscope\" itemtype=\"https:\/\/schema.org\/BlogPosting\" itemprop=\"blogPost\" ><div class='avia_textblock av_inherit_color'  itemprop=\"text\" ><h3 style=\"text-align: right;\">INFOS PRATIQUES<\/h3>\n<\/div><\/section><br \/>\n\n<style type=\"text\/css\" data-created_by=\"avia_inline_auto\" id=\"style-css-av-lyg0b1p6-fb19c4810079659cc4d7a803c7ce305f\">\n#top .av_textblock_section.av-lyg0b1p6-fb19c4810079659cc4d7a803c7ce305f .avia_textblock{\ncolor:#000000;\n}\n<\/style>\n<section  class='av_textblock_section av-lyg0b1p6-fb19c4810079659cc4d7a803c7ce305f '   itemscope=\"itemscope\" itemtype=\"https:\/\/schema.org\/BlogPosting\" itemprop=\"blogPost\" ><div class='avia_textblock av_inherit_color'  itemprop=\"text\" ><p style=\"text-align: right;\"><strong>CONCERT<\/strong><\/p>\n<p style=\"text-align: right;\" align=\"right\"><strong>Pr\u00e9ventes \u2192 de 49\u20ac \u00e0 55\u20ac<\/strong><b><br \/>\n<strong>\u00a0Sur place \u2192 de 55\u20ac \u00e0 60\u20ac<\/strong><\/b><\/p>\n<p style=\"text-align: right;\" align=\"right\"><strong>Ouverture des portes \u2192 18:30<\/strong><b><br \/>\n<strong>\u00a0D\u00e9but du concert \u2192 20:00<\/strong><\/b><\/p>\n<p style=\"text-align: right;\" align=\"right\"><b>L\u2019Auditorium \u2013 Alpexpo Grenoble<\/b><br \/>\n<span class=\"x193iq5w\"><i>2 Av. d&#8217;Innsbruck<br \/>\n38100 Grenoble<\/i><\/span><\/p>\n<\/div><\/section><br \/>\n<\/p><\/div>\n","protected":false},"excerpt":{"rendered":"","protected":false},"author":1,"featured_media":8444,"comment_status":"closed","ping_status":"open","sticky":false,"template":"","format":"standard","meta":{"_monsterinsights_skip_tracking":false,"_monsterinsights_sitenote_active":false,"_monsterinsights_sitenote_note":"","_monsterinsights_sitenote_category":0,"footnotes":""},"categories":[208],"tags":[],"class_list":["post-7783","post","type-post","status-publish","format-standard","has-post-thumbnail","hentry","category-208"],"aioseo_notices":[],"_links":{"self":[{"href":"https:\/\/mixarts.org\/association\/wp-json\/wp\/v2\/posts\/7783","targetHints":{"allow":["GET"]}}],"collection":[{"href":"https:\/\/mixarts.org\/association\/wp-json\/wp\/v2\/posts"}],"about":[{"href":"https:\/\/mixarts.org\/association\/wp-json\/wp\/v2\/types\/post"}],"author":[{"embeddable":true,"href":"https:\/\/mixarts.org\/association\/wp-json\/wp\/v2\/users\/1"}],"replies":[{"embeddable":true,"href":"https:\/\/mixarts.org\/association\/wp-json\/wp\/v2\/comments?post=7783"}],"version-history":[{"count":10,"href":"https:\/\/mixarts.org\/association\/wp-json\/wp\/v2\/posts\/7783\/revisions"}],"predecessor-version":[{"id":8611,"href":"https:\/\/mixarts.org\/association\/wp-json\/wp\/v2\/posts\/7783\/revisions\/8611"}],"wp:featuredmedia":[{"embeddable":true,"href":"https:\/\/mixarts.org\/association\/wp-json\/wp\/v2\/media\/8444"}],"wp:attachment":[{"href":"https:\/\/mixarts.org\/association\/wp-json\/wp\/v2\/media?parent=7783"}],"wp:term":[{"taxonomy":"category","embeddable":true,"href":"https:\/\/mixarts.org\/association\/wp-json\/wp\/v2\/categories?post=7783"},{"taxonomy":"post_tag","embeddable":true,"href":"https:\/\/mixarts.org\/association\/wp-json\/wp\/v2\/tags?post=7783"}],"curies":[{"name":"wp","href":"https:\/\/api.w.org\/{rel}","templated":true}]}}