{"id":8854,"date":"2026-04-20T11:34:44","date_gmt":"2026-04-20T10:34:44","guid":{"rendered":"https:\/\/mixarts.org\/association\/?p=8854"},"modified":"2026-04-27T16:10:42","modified_gmt":"2026-04-27T15:10:42","slug":"spectacles-festival-bien-lbourgeon-9","status":"publish","type":"post","link":"https:\/\/mixarts.org\/association\/blb-jour\/spectacles-festival-bien-lbourgeon-9\/","title":{"rendered":"Spectacles &#8211; Festival Bien l&#8217;Bourgeon #9"},"content":{"rendered":"\n<style type=\"text\/css\" data-created_by=\"avia_inline_auto\" id=\"style-css-av-lyd3zx2i-13e5b73f928594fc086aba681ce88cad\">\n.avia-image-container.av-lyd3zx2i-13e5b73f928594fc086aba681ce88cad img.avia_image{\nbox-shadow:none;\n}\n.avia-image-container.av-lyd3zx2i-13e5b73f928594fc086aba681ce88cad .av-image-caption-overlay-center{\ncolor:#ffffff;\n}\n<\/style>\n<div  class='avia-image-container av-lyd3zx2i-13e5b73f928594fc086aba681ce88cad av-styling- avia-align-center  avia-builder-el-0  el_before_av_hr  avia-builder-el-first '   itemprop=\"image\" itemscope=\"itemscope\" itemtype=\"https:\/\/schema.org\/ImageObject\" ><div class=\"avia-image-container-inner\"><div class=\"avia-image-overlay-wrap\"><img fetchpriority=\"high\" class='wp-image-8856 avia-img-lazy-loading-not-8856 avia_image ' src='https:\/\/mixarts.org\/association\/wp-content\/uploads\/2026\/04\/Bannieres-Spectacles-BLB-2026-1500x430.png' alt='' title='Banni\u00e8res Spectacles BLB 2026'  height=\"430\" width=\"1500\"  itemprop=\"thumbnailUrl\"  \/><\/div><\/div><\/div>\n\n<style type=\"text\/css\" data-created_by=\"avia_inline_auto\" id=\"style-css-av-m91fe1gc-71eb5bc3fd1d13a287bc6f22ac17f3c7\">\n#top .hr.hr-invisible.av-m91fe1gc-71eb5bc3fd1d13a287bc6f22ac17f3c7{\nheight:50px;\n}\n<\/style>\n<div  class='hr av-m91fe1gc-71eb5bc3fd1d13a287bc6f22ac17f3c7 hr-invisible  avia-builder-el-1  el_after_av_image  el_before_av_one_third '><span class='hr-inner '><span class=\"hr-inner-style\"><\/span><\/span><\/div>\n<div  class='flex_column av-p3jlc7-8c12388428230be5b3c65c54e2b0ae1f av_one_third  avia-builder-el-2  el_after_av_hr  el_before_av_three_fifth  first flex_column_div  '     ><style type=\"text\/css\" data-created_by=\"avia_inline_auto\" id=\"style-css-av-m91ffoik-02e3efa823e4238a2858513c909e8afc\">\n.avia-image-container.av-m91ffoik-02e3efa823e4238a2858513c909e8afc img.avia_image{\nbox-shadow:none;\n}\n.avia-image-container.av-m91ffoik-02e3efa823e4238a2858513c909e8afc .av-image-caption-overlay-center{\ncolor:#ffffff;\n}\n<\/style>\n<div  class='avia-image-container av-m91ffoik-02e3efa823e4238a2858513c909e8afc av-styling- avia-align-center  avia-builder-el-3  avia-builder-el-no-sibling '   itemprop=\"image\" itemscope=\"itemscope\" itemtype=\"https:\/\/schema.org\/ImageObject\" ><div class=\"avia-image-container-inner\"><div class=\"avia-image-overlay-wrap\"><img fetchpriority=\"high\" class='wp-image-8892 avia-img-lazy-loading-not-8892 avia_image ' src='https:\/\/mixarts.org\/association\/wp-content\/uploads\/2026\/04\/68ca712f573aae2a8b0abd77_AA-Max1-1-p-2000.jpg' alt='' title='68ca712f573aae2a8b0abd77_AA-Max1 (1)-p-2000'  height=\"1333\" width=\"2000\"  itemprop=\"thumbnailUrl\"  \/><\/div><\/div><\/div><\/div>\n<div  class='flex_column av-bd4lac-6632da486973bdd7d24a22db6a8d3e15 av_three_fifth  avia-builder-el-4  el_after_av_one_third  el_before_av_hr  flex_column_div  '     ><style type=\"text\/css\" data-created_by=\"avia_inline_auto\" id=\"style-css-av-9tkf44-fbcfa5902fc6e724444b843ed87974fe\">\n#top .av_textblock_section.av-9tkf44-fbcfa5902fc6e724444b843ed87974fe .avia_textblock{\ncolor:#655da0;\n}\n<\/style>\n<section  class='av_textblock_section av-9tkf44-fbcfa5902fc6e724444b843ed87974fe '   itemscope=\"itemscope\" itemtype=\"https:\/\/schema.org\/BlogPosting\" itemprop=\"blogPost\" ><div class='avia_textblock av_inherit_color'  itemprop=\"text\" ><h3 style=\"text-align: left;\"><strong><span style=\"color: #e96228;\">LA FOR\u00caT DE GEORGIA CREEK\u00a0<\/span><\/strong><\/h3>\n<h3><span style=\"color: #e96228;\"><b>Compagnie Echosystems<\/b><\/span><\/h3>\n<\/div><\/section><br \/>\n\n<style type=\"text\/css\" data-created_by=\"avia_inline_auto\" id=\"style-css-av-m91f5hid-1498bbe2a26cf343d325eb3884e4dd76\">\n#top .hr.hr-invisible.av-m91f5hid-1498bbe2a26cf343d325eb3884e4dd76{\nheight:25px;\n}\n<\/style>\n<div  class='hr av-m91f5hid-1498bbe2a26cf343d325eb3884e4dd76 hr-invisible  avia-builder-el-6  el_after_av_textblock  el_before_av_textblock '><span class='hr-inner '><span class=\"hr-inner-style\"><\/span><\/span><\/div><br \/>\n<section  class='av_textblock_section av-m91f72mg-c0e1e720351d417b281970dfdcfc1ba1 '   itemscope=\"itemscope\" itemtype=\"https:\/\/schema.org\/BlogPosting\" itemprop=\"blogPost\" ><div class='avia_textblock'  itemprop=\"text\" ><h5>Fable immersive \u2022 2h \u2022 accessible jeune public<br \/>\nven. 3 juillet \u2022 18:00\u00a0 \u2192 Cin\u00e9ma Le Scialet<\/h5>\n<\/div><\/section><br \/>\n\n<style type=\"text\/css\" data-created_by=\"avia_inline_auto\" id=\"style-css-av-2emq7b-49e53d3a4c27738dd256842203e60c72\">\n#top .hr.hr-invisible.av-2emq7b-49e53d3a4c27738dd256842203e60c72{\nheight:25px;\n}\n<\/style>\n<div  class='hr av-2emq7b-49e53d3a4c27738dd256842203e60c72 hr-invisible  avia-builder-el-8  el_after_av_textblock  el_before_av_textblock '><span class='hr-inner '><span class=\"hr-inner-style\"><\/span><\/span><\/div><br \/>\n<section  class='av_textblock_section av-m91fbgnm-3f36a8f5e701c22e40d3e482d3c0ade4 '   itemscope=\"itemscope\" itemtype=\"https:\/\/schema.org\/BlogPosting\" itemprop=\"blogPost\" ><div class='avia_textblock'  itemprop=\"text\" ><p>Et si la fore\u0302t avait une voix ? Entre cre\u0301ation sonore et documentaire, La Fore\u0302t de Georgia Creek fait re\u0301sonner les luttes et les murmures du vivant, invitant a\u0300 e\u0301couter autrement ce qui persiste et re\u0301siste.<\/p>\n<p>Une fable environnementale, hybride et immersive, qui explore les enjeux e\u0301cologiques, sociaux et politiques des fore\u0302ts franc\u0327aises a\u0300 travers les histoires du personnage imaginaire Georgia Creek.<\/p>\n<\/div><\/section><br \/>\n\n<style type=\"text\/css\" data-created_by=\"avia_inline_auto\" id=\"style-css-av-m91fce3n-25df40129e9e0e6ad10c5285b7d469df\">\n#top .hr.hr-invisible.av-m91fce3n-25df40129e9e0e6ad10c5285b7d469df{\nheight:50px;\n}\n<\/style>\n<div  class='hr av-m91fce3n-25df40129e9e0e6ad10c5285b7d469df hr-invisible  avia-builder-el-10  el_after_av_textblock  el_before_av_textblock '><span class='hr-inner '><span class=\"hr-inner-style\"><\/span><\/span><\/div><br \/>\n\n<style type=\"text\/css\" data-created_by=\"avia_inline_auto\" id=\"style-css-av-m91fcy43-a7a909fffb32143b50c46b231153211c\">\n#top .av_textblock_section.av-m91fcy43-a7a909fffb32143b50c46b231153211c .avia_textblock{\ncolor:#655da0;\n}\n<\/style>\n<section  class='av_textblock_section av-m91fcy43-a7a909fffb32143b50c46b231153211c '   itemscope=\"itemscope\" itemtype=\"https:\/\/schema.org\/BlogPosting\" itemprop=\"blogPost\" ><div class='avia_textblock av_inherit_color'  itemprop=\"text\" ><h5 style=\"text-align: center;\"><span style=\"color: #435a8b;\">PRIX LIBRE<\/span><\/h5>\n<\/div><\/section><\/p><\/div>\n<div  class='hr av-m91fhsk7-f1a7bcf225a0b54515fd23bfd229da4d hr-default  avia-builder-el-12  el_after_av_three_fifth  el_before_av_one_third '><span class='hr-inner '><span class=\"hr-inner-style\"><\/span><\/span><\/div>\n<div  class='flex_column av-mapmbr-a09ec3afcec46ff27595a901805df30b av_one_third  avia-builder-el-13  el_after_av_hr  el_before_av_three_fifth  first flex_column_div  '     ><style type=\"text\/css\" data-created_by=\"avia_inline_auto\" id=\"style-css-av-m91fp1da-77f3f2ec1410b21377d72951c0d4eddd\">\n.avia-image-container.av-m91fp1da-77f3f2ec1410b21377d72951c0d4eddd img.avia_image{\nbox-shadow:none;\n}\n.avia-image-container.av-m91fp1da-77f3f2ec1410b21377d72951c0d4eddd .av-image-caption-overlay-center{\ncolor:#ffffff;\n}\n<\/style>\n<div  class='avia-image-container av-m91fp1da-77f3f2ec1410b21377d72951c0d4eddd av-styling- avia-align-center  avia-builder-el-14  avia-builder-el-no-sibling '   itemprop=\"image\" itemscope=\"itemscope\" itemtype=\"https:\/\/schema.org\/ImageObject\" ><div class=\"avia-image-container-inner\"><div class=\"avia-image-overlay-wrap\"><img fetchpriority=\"high\" class='wp-image-8858 avia-img-lazy-loading-not-8858 avia_image ' src='https:\/\/mixarts.org\/association\/wp-content\/uploads\/2026\/04\/Will-et-Tom-Pic-St-Loup-scaled.jpg' alt='' title='Will et Tom Pic St-Loup'  height=\"1707\" width=\"2560\"  itemprop=\"thumbnailUrl\"  \/><\/div><\/div><\/div><\/div>\n<div  class='flex_column av-kjmyhz-face5d14083085547936f9628d910019 av_three_fifth  avia-builder-el-15  el_after_av_one_third  el_before_av_hr  flex_column_div  '     ><style type=\"text\/css\" data-created_by=\"avia_inline_auto\" id=\"style-css-av-m91fi1ij-842a6cee8addac3e7526ee841e9966dd\">\n#top .av_textblock_section.av-m91fi1ij-842a6cee8addac3e7526ee841e9966dd .avia_textblock{\ncolor:#655da0;\n}\n<\/style>\n<section  class='av_textblock_section av-m91fi1ij-842a6cee8addac3e7526ee841e9966dd '   itemscope=\"itemscope\" itemtype=\"https:\/\/schema.org\/BlogPosting\" itemprop=\"blogPost\" ><div class='avia_textblock av_inherit_color'  itemprop=\"text\" ><h3 style=\"text-align: left;\"><span style=\"color: #e96228;\">DUO SAUVAGE<\/span><\/h3>\n<h3><\/h3>\n<\/div><\/section><br \/>\n\n<style type=\"text\/css\" data-created_by=\"avia_inline_auto\" id=\"style-css-av-ixnzbr-7ecfc5b137dc4f640f11be9d33bbc022\">\n#top .hr.hr-invisible.av-ixnzbr-7ecfc5b137dc4f640f11be9d33bbc022{\nheight:25px;\n}\n<\/style>\n<div  class='hr av-ixnzbr-7ecfc5b137dc4f640f11be9d33bbc022 hr-invisible  avia-builder-el-17  el_after_av_textblock  el_before_av_textblock '><span class='hr-inner '><span class=\"hr-inner-style\"><\/span><\/span><\/div><br \/>\n<section  class='av_textblock_section av-m91fjrat-67d02c5ee4673a6297f82c6a17dea4a3 '   itemscope=\"itemscope\" itemtype=\"https:\/\/schema.org\/BlogPosting\" itemprop=\"blogPost\" ><div class='avia_textblock'  itemprop=\"text\" ><h5>Duo de musique classique \u2022 1h \u2022 accessible jeune public\u00a0 \u00a0 sam. 4 juillet \u2022 13:00 \u2022 dim. 5 juillet \u2022 14:00 \u2192 Espace cocon<\/h5>\n<\/div><\/section><br \/>\n\n<style type=\"text\/css\" data-created_by=\"avia_inline_auto\" id=\"style-css-av-h5wo5j-d8024a0ca57d2370efcd9c4bfb46de5a\">\n#top .hr.hr-invisible.av-h5wo5j-d8024a0ca57d2370efcd9c4bfb46de5a{\nheight:25px;\n}\n<\/style>\n<div  class='hr av-h5wo5j-d8024a0ca57d2370efcd9c4bfb46de5a hr-invisible  avia-builder-el-19  el_after_av_textblock  el_before_av_textblock '><span class='hr-inner '><span class=\"hr-inner-style\"><\/span><\/span><\/div><br \/>\n<section  class='av_textblock_section av-m91fnwvz-caf1d87bef1be19bb03ee4912a346c94 '   itemscope=\"itemscope\" itemtype=\"https:\/\/schema.org\/BlogPosting\" itemprop=\"blogPost\" ><div class='avia_textblock'  itemprop=\"text\" ><p>N\u00e9 de la convergence des parcours de deux musiciens de diff\u00e9rents horizons, le Duo Sauvage s\u2019inscrit dans l\u2019\u00e8re du temps, tant par son envie d\u2019explorer des univers musicaux vari\u00e9s que par sa volont\u00e9 de les amener l\u00e0 o\u00f9 on les attend le moins. Les membres du duo apporte avec eux un pass\u00e9 musical et une exp\u00e9rience de la musique de chambre qui leur est propre, permettant \u00e0 l\u2019ensemble une richesse et une diversit\u00e9 dans les \u0153uvres et dans l\u2019interpr\u00e9tation de ces derni\u00e8res. Le Duo Sauvage a pour vocation de promouvoir la musique dans toute sa diversit\u00e9 aupr\u00e8s de publics vari\u00e9s.<\/p>\n<\/div><\/section><br \/>\n\n<style type=\"text\/css\" data-created_by=\"avia_inline_auto\" id=\"style-css-av-2yh3sn-64e42d1ede4ea7b5e600cfdcf8440075\">\n#top .hr.hr-invisible.av-2yh3sn-64e42d1ede4ea7b5e600cfdcf8440075{\nheight:25px;\n}\n<\/style>\n<div  class='hr av-2yh3sn-64e42d1ede4ea7b5e600cfdcf8440075 hr-invisible  avia-builder-el-21  el_after_av_textblock  el_before_av_hr '><span class='hr-inner '><span class=\"hr-inner-style\"><\/span><\/span><\/div><br \/>\n\n<style type=\"text\/css\" data-created_by=\"avia_inline_auto\" id=\"style-css-av-g8wedj-5cce49affefe4f95b9f2366fac1868fb\">\n#top .hr.hr-invisible.av-g8wedj-5cce49affefe4f95b9f2366fac1868fb{\nheight:50px;\n}\n<\/style>\n<div  class='hr av-g8wedj-5cce49affefe4f95b9f2366fac1868fb hr-invisible  avia-builder-el-22  el_after_av_hr  el_before_av_textblock '><span class='hr-inner '><span class=\"hr-inner-style\"><\/span><\/span><\/div><br \/>\n\n<style type=\"text\/css\" data-created_by=\"avia_inline_auto\" id=\"style-css-av-dwnzpj-f8565a0ccfd07d054a00fa3d28ba8c65\">\n#top .av_textblock_section.av-dwnzpj-f8565a0ccfd07d054a00fa3d28ba8c65 .avia_textblock{\ncolor:#655da0;\n}\n<\/style>\n<section  class='av_textblock_section av-dwnzpj-f8565a0ccfd07d054a00fa3d28ba8c65 '   itemscope=\"itemscope\" itemtype=\"https:\/\/schema.org\/BlogPosting\" itemprop=\"blogPost\" ><div class='avia_textblock av_inherit_color'  itemprop=\"text\" ><h5 style=\"text-align: center;\"><span style=\"color: #435a8b;\">PRIX LIBRE<\/span><\/h5>\n<\/div><\/section><\/p><\/div>\n<div  class='hr av-curyrr-f7f5f804c5d0d17dd1b08fc21608a5df hr-default  avia-builder-el-24  el_after_av_three_fifth  el_before_av_one_third '><span class='hr-inner '><span class=\"hr-inner-style\"><\/span><\/span><\/div>\n<div  class='flex_column av-b97zpz-376667ba728c94b311c04356cc34cd5f av_one_third  avia-builder-el-25  el_after_av_hr  el_before_av_three_fifth  first flex_column_div  '     ><style type=\"text\/css\" data-created_by=\"avia_inline_auto\" id=\"style-css-av-m91fs2f0-91074e31fe9f1ff7a0d0cb2fdca874b8\">\n.avia-image-container.av-m91fs2f0-91074e31fe9f1ff7a0d0cb2fdca874b8 img.avia_image{\nbox-shadow:none;\n}\n.avia-image-container.av-m91fs2f0-91074e31fe9f1ff7a0d0cb2fdca874b8 .av-image-caption-overlay-center{\ncolor:#ffffff;\n}\n<\/style>\n<div  class='avia-image-container av-m91fs2f0-91074e31fe9f1ff7a0d0cb2fdca874b8 av-styling- avia-align-center  avia-builder-el-26  avia-builder-el-no-sibling '   itemprop=\"image\" itemscope=\"itemscope\" itemtype=\"https:\/\/schema.org\/ImageObject\" ><div class=\"avia-image-container-inner\"><div class=\"avia-image-overlay-wrap\"><img fetchpriority=\"high\" class='wp-image-8860 avia-img-lazy-loading-not-8860 avia_image ' src='https:\/\/mixarts.org\/association\/wp-content\/uploads\/2026\/04\/JS_1152-1.jpg' alt='' title='C\u00e9line'  height=\"2400\" width=\"1597\"  itemprop=\"thumbnailUrl\"  \/><\/div><\/div><\/div><\/div>\n<div  class='flex_column av-8mocuv-215006d83e8ebb475d26008be6136a07 av_three_fifth  avia-builder-el-27  el_after_av_one_third  el_before_av_hr  flex_column_div  '     ><style type=\"text\/css\" data-created_by=\"avia_inline_auto\" id=\"style-css-av-m91fr589-7cd61438e0abac944e0d08cea9da6158\">\n#top .av_textblock_section.av-m91fr589-7cd61438e0abac944e0d08cea9da6158 .avia_textblock{\ncolor:#655da0;\n}\n<\/style>\n<section  class='av_textblock_section av-m91fr589-7cd61438e0abac944e0d08cea9da6158 '   itemscope=\"itemscope\" itemtype=\"https:\/\/schema.org\/BlogPosting\" itemprop=\"blogPost\" ><div class='avia_textblock av_inherit_color'  itemprop=\"text\" ><h3 style=\"text-align: left;\"><strong><span style=\"color: #e96228;\">S\u00c8VE ET DUNE LA LIBRE FOR\u00caT<\/span><\/strong><\/h3>\n<h3><span style=\"color: #e96228;\"> Arzhella<\/span><\/h3>\n<\/div><\/section><br \/>\n\n<style type=\"text\/css\" data-created_by=\"avia_inline_auto\" id=\"style-css-av-6z5v87-8068f793046f76a7699729b52245f244\">\n#top .hr.hr-invisible.av-6z5v87-8068f793046f76a7699729b52245f244{\nheight:25px;\n}\n<\/style>\n<div  class='hr av-6z5v87-8068f793046f76a7699729b52245f244 hr-invisible  avia-builder-el-29  el_after_av_textblock  el_before_av_textblock '><span class='hr-inner '><span class=\"hr-inner-style\"><\/span><\/span><\/div><br \/>\n<section  class='av_textblock_section av-m91fsxcs-e0f9386a042e58aac364a20ff879ffc3 '   itemscope=\"itemscope\" itemtype=\"https:\/\/schema.org\/BlogPosting\" itemprop=\"blogPost\" ><div class='avia_textblock'  itemprop=\"text\" ><h5>Conte musical \u2022 45 min \u2022 jeune public<br \/>\nsam. 4 juillet \u2022 15:00 \u2192 Espace balcon<\/h5>\n<\/div><\/section><br \/>\n\n<style type=\"text\/css\" data-created_by=\"avia_inline_auto\" id=\"style-css-av-5ag2yf-70022ea58217b3ae5b4fdffdc2fa2c62\">\n#top .hr.hr-invisible.av-5ag2yf-70022ea58217b3ae5b4fdffdc2fa2c62{\nheight:25px;\n}\n<\/style>\n<div  class='hr av-5ag2yf-70022ea58217b3ae5b4fdffdc2fa2c62 hr-invisible  avia-builder-el-31  el_after_av_textblock  el_before_av_textblock '><span class='hr-inner '><span class=\"hr-inner-style\"><\/span><\/span><\/div><br \/>\n<section  class='av_textblock_section av-m91ftw7k-c47659b0a0b846903a32c68cd656d436 '   itemscope=\"itemscope\" itemtype=\"https:\/\/schema.org\/BlogPosting\" itemprop=\"blogPost\" ><div class='avia_textblock'  itemprop=\"text\" ><p>S\u00e8ve et Dune r\u00eavent de voir un ours, un vrai ! Pas facile quand on habite en Bretagne\u2026 Mais la for\u00eat pr\u00e8s de chez elles regorge d\u00e9j\u00e0 de myst\u00e8res. Apprendre \u00e0 s\u2019y rep\u00e9rer, \u00e0 reconna\u00eetre les champignons, \u00e0 partager cet espace avec les autres visiteurs\u2026 Et qui les observe entre les branches ?<\/p>\n<\/div><\/section><br \/>\n\n<style type=\"text\/css\" data-created_by=\"avia_inline_auto\" id=\"style-css-av-3yprdz-e9f33f4889e4e03aca2dd145ceb606ed\">\n#top .hr.hr-invisible.av-3yprdz-e9f33f4889e4e03aca2dd145ceb606ed{\nheight:50px;\n}\n<\/style>\n<div  class='hr av-3yprdz-e9f33f4889e4e03aca2dd145ceb606ed hr-invisible  avia-builder-el-33  el_after_av_textblock  el_before_av_textblock '><span class='hr-inner '><span class=\"hr-inner-style\"><\/span><\/span><\/div><br \/>\n\n<style type=\"text\/css\" data-created_by=\"avia_inline_auto\" id=\"style-css-av-86njb-23291e779ada86d859fb3a614215878b\">\n#top .av_textblock_section.av-86njb-23291e779ada86d859fb3a614215878b .avia_textblock{\ncolor:#655da0;\n}\n<\/style>\n<section  class='av_textblock_section av-86njb-23291e779ada86d859fb3a614215878b '   itemscope=\"itemscope\" itemtype=\"https:\/\/schema.org\/BlogPosting\" itemprop=\"blogPost\" ><div class='avia_textblock av_inherit_color'  itemprop=\"text\" ><h5 style=\"text-align: center;\"><span style=\"color: #435a8b;\">PRIX LIBRE<\/span><\/h5>\n<\/div><\/section><\/p><\/div>\n<div  class='hr av-851hqi-d9c9a72f8c1cb971df14cc061d61a36a hr-default  avia-builder-el-35  el_after_av_three_fifth  el_before_av_one_third '><span class='hr-inner '><span class=\"hr-inner-style\"><\/span><\/span><\/div>\n<div  class='flex_column av-ozq0s6-5137d0230271002c56d5c25a85d7556b av_one_third  avia-builder-el-36  el_after_av_hr  el_before_av_three_fifth  first flex_column_div  '     ><style type=\"text\/css\" data-created_by=\"avia_inline_auto\" id=\"style-css-av-mo76uckl-2eea6bcf346167db0852254ffd7d9cd0\">\n.avia-image-container.av-mo76uckl-2eea6bcf346167db0852254ffd7d9cd0 img.avia_image{\nbox-shadow:none;\n}\n.avia-image-container.av-mo76uckl-2eea6bcf346167db0852254ffd7d9cd0 .av-image-caption-overlay-center{\ncolor:#ffffff;\n}\n<\/style>\n<div  class='avia-image-container av-mo76uckl-2eea6bcf346167db0852254ffd7d9cd0 av-styling- avia-align-center  avia-builder-el-37  avia-builder-el-no-sibling  av-has-copyright av-copyright-always'   itemprop=\"image\" itemscope=\"itemscope\" itemtype=\"https:\/\/schema.org\/ImageObject\" ><div class=\"avia-image-container-inner\"><div class=\"avia-image-overlay-wrap\"><img fetchpriority=\"high\" class='wp-image-8864 avia-img-lazy-loading-not-8864 avia_image ' src='https:\/\/mixarts.org\/association\/wp-content\/uploads\/2026\/04\/VISUEL-1-Piano-Plume-copyright-Fersen-Sherkann.jpg' alt='' title='VISUEL 1 Piano Plume-copyright-Fersen-Sherkann'  height=\"2400\" width=\"1600\"  itemprop=\"thumbnailUrl\"  \/><\/div><small class=\"avia-copyright\">Fersen Sherkaan<\/small><\/div><\/div><\/div>\n<div  class='flex_column av-neh6yu-1cfeb9a1cba8de033251b3ae7f5ba264 av_three_fifth  avia-builder-el-38  el_after_av_one_third  el_before_av_hr  flex_column_div  '     ><style type=\"text\/css\" data-created_by=\"avia_inline_auto\" id=\"style-css-av-mo76k1z3-08ac4abd23c61b0612d35d7fe287f3a9\">\n#top .av_textblock_section.av-mo76k1z3-08ac4abd23c61b0612d35d7fe287f3a9 .avia_textblock{\ncolor:#e96228;\n}\n<\/style>\n<section  class='av_textblock_section av-mo76k1z3-08ac4abd23c61b0612d35d7fe287f3a9 '   itemscope=\"itemscope\" itemtype=\"https:\/\/schema.org\/BlogPosting\" itemprop=\"blogPost\" ><div class='avia_textblock av_inherit_color'  itemprop=\"text\" ><h3><span style=\"color: #e96228;\"><b>PIANO PLUME<\/b><\/span><\/h3>\n<\/div><\/section><br \/>\n<section  class='av_textblock_section av-mo76oeax-e9e70f673e031329ee0912d27cb63376 '   itemscope=\"itemscope\" itemtype=\"https:\/\/schema.org\/BlogPosting\" itemprop=\"blogPost\" ><div class='avia_textblock'  itemprop=\"text\" ><h5>Concert \u2022 55 min \u2022 accessible jeune public<br \/>\nsam. 4 juillet \u2022 16:00 \u2192 Espace cocon<\/h5>\n<\/div><\/section><br \/>\n<section  class='av_textblock_section av-mo76putf-9e81bb0c4cf2e1f5c998c0db140a8cad '   itemscope=\"itemscope\" itemtype=\"https:\/\/schema.org\/BlogPosting\" itemprop=\"blogPost\" ><div class='avia_textblock'  itemprop=\"text\" ><p><span id=\"m_-9217185707935746394gmail-docs-internal-guid-80ed30ed-7fff-f404-0c29-ff4a2f02606e\">Piano Plume est un r\u00e9pertoire de compositions pour piano solo inspir\u00e9 et travers\u00e9 par les chants d&#8217;oiseaux. Une r\u00eaverie musicale o\u00f9 le piano murmure et se m\u00eale \u00e0 la d\u00e9licatesse de leurs voix. Fascin\u00e9 par les oiseaux depuis l\u2019enfance, Gr\u00e9goire Genuys a laiss\u00e9 ce projet na\u00eetre de longues heures d\u2019\u00e9coute au c\u0153ur de la nature. Avec son piano l\u00e9ger venu du Danemark, le Keybird, il invite le public dans un paysage sonore intime, sensible et sauvage.<\/span><\/p>\n<p>Ce spectacle sera pr\u00e9c\u00e9d\u00e9 d\u2019une balade ornithologique en partenariat avec la LPO Is\u00e8re.<\/p>\n<\/div><\/section><br \/>\n<section  class='av_textblock_section av-mo76xi3t-3dd41f76834012a4b8a028380d4fd005 '   itemscope=\"itemscope\" itemtype=\"https:\/\/schema.org\/BlogPosting\" itemprop=\"blogPost\" ><div class='avia_textblock'  itemprop=\"text\" ><h5 style=\"text-align: center;\"><span style=\"color: #435a8b;\">PRIX LIBRE<\/span><\/h5>\n<\/div><\/section><\/p><\/div>\n<div  class='hr av-mp1k06-127a8bdd2a50d9f8b3384fe68024719c hr-default  avia-builder-el-43  el_after_av_three_fifth  el_before_av_one_third '><span class='hr-inner '><span class=\"hr-inner-style\"><\/span><\/span><\/div>\n<div  class='flex_column av-kfnlly-bfc9bdae62dd76efd3233b344365f4e4 av_one_third  avia-builder-el-44  el_after_av_hr  el_before_av_three_fifth  first flex_column_div  '     ><style type=\"text\/css\" data-created_by=\"avia_inline_auto\" id=\"style-css-av-mo777ftj-ce41dad67f05a80712f6399d1149c653\">\n.avia-image-container.av-mo777ftj-ce41dad67f05a80712f6399d1149c653 img.avia_image{\nbox-shadow:none;\n}\n.avia-image-container.av-mo777ftj-ce41dad67f05a80712f6399d1149c653 .av-image-caption-overlay-center{\ncolor:#ffffff;\n}\n<\/style>\n<div  class='avia-image-container av-mo777ftj-ce41dad67f05a80712f6399d1149c653 av-styling- avia-align-center  avia-builder-el-45  avia-builder-el-no-sibling  av-has-copyright av-copyright-always'   itemprop=\"image\" itemscope=\"itemscope\" itemtype=\"https:\/\/schema.org\/ImageObject\" ><div class=\"avia-image-container-inner\"><div class=\"avia-image-overlay-wrap\"><img fetchpriority=\"high\" class='wp-image-8890 avia-img-lazy-loading-not-8890 avia_image ' src='https:\/\/mixarts.org\/association\/wp-content\/uploads\/2026\/04\/Cie-Bardaf_Le-Vieux-\u00a9Michel-Koebel.jpg' alt='' title='Cie Bardaf_Le Vieux \u00a9Michel Koebel'  height=\"1067\" width=\"1600\"  itemprop=\"thumbnailUrl\"  \/><\/div><small class=\"avia-copyright\">Michel Koebel<\/small><\/div><\/div><\/div>\n<div  class='flex_column av-1xp6wm-68d7a0fbc7ee58592a21e08cc61d927c av_three_fifth  avia-builder-el-46  el_after_av_one_third  el_before_av_hr  flex_column_div  '     ><style type=\"text\/css\" data-created_by=\"avia_inline_auto\" id=\"style-css-av-mo770ghr-31c662c5020b26623a0e99f3af20c020\">\n#top .av_textblock_section.av-mo770ghr-31c662c5020b26623a0e99f3af20c020 .avia_textblock{\ncolor:#e96228;\n}\n<\/style>\n<section  class='av_textblock_section av-mo770ghr-31c662c5020b26623a0e99f3af20c020 '   itemscope=\"itemscope\" itemtype=\"https:\/\/schema.org\/BlogPosting\" itemprop=\"blogPost\" ><div class='avia_textblock av_inherit_color'  itemprop=\"text\" ><h4><span style=\"color: #e96228;\"><b>LE VIEUX QUI LISAIT DES ROMANS D&#8217;AMOUR\u00a0<\/b><\/span><\/h4>\n<h4><span style=\"color: #e96228;\"><b><span style=\"color: #e96228;\">Cie Bardaf<\/span> <\/b><\/span><\/h4>\n<\/div><\/section><br \/>\n<section  class='av_textblock_section av-mo773jhn-7db39ffa8cf82bbb4243e92a69c7aa8b '   itemscope=\"itemscope\" itemtype=\"https:\/\/schema.org\/BlogPosting\" itemprop=\"blogPost\" ><div class='avia_textblock'  itemprop=\"text\" ><h5>Th\u00e9\u00e2tre conte \u2022 1h15 \u2022 \u00e0 partir de 12 ans<br \/>\nsam. 4 juillet \u2022 17:30 \u2192 Espace balcon<\/h5>\n<\/div><\/section><br \/>\n<section  class='av_textblock_section av-mo774fcv-21bfa544953343cc224e752554b25744 '   itemscope=\"itemscope\" itemtype=\"https:\/\/schema.org\/BlogPosting\" itemprop=\"blogPost\" ><div class='avia_textblock'  itemprop=\"text\" ><p>Antonio Jos\u00e9 Bolivar conna\u00eet les profondeurs de la for\u00eat amazonienne et ses habitants, le noble peuple des Shuars. Lorsque les villageois d\u2019El Idilio les accusent \u00e0 tort du meurtre d\u2019un chasseur blanc, le vieil homme quitte ses romans d\u2019amour \u2013 seule \u00e9chappatoire \u00e0 la barbarie des hommes \u2013 pour chasser le vrai coupable, une panth\u00e8re majestueuse\u2026Fort de son impr\u00e9gnation en Guyane fran\u00e7aise aupr\u00e8s des am\u00e9rindiens Teko et Way\u00e3pi, L\u00e9na\u00efc Eberlin vous guide sur les traces d\u2019Antonio Jos\u00e9 Bolivar au c\u0153ur de de cette for\u00eat sacr\u00e9e, victime de la barbarie des hommes et plus que jamais menac\u00e9e.<\/p>\n<\/div><\/section><br \/>\n<section  class='av_textblock_section av-mo7757en-9edea33968f733305de170b9061a1f6d '   itemscope=\"itemscope\" itemtype=\"https:\/\/schema.org\/BlogPosting\" itemprop=\"blogPost\" ><div class='avia_textblock'  itemprop=\"text\" ><h5 style=\"text-align: center;\"><span style=\"color: #435a8b;\">PRIX LIBRE<\/span><\/h5>\n<\/div><\/section><\/p><\/div>\n<div  class='hr av-h27dx2-f9c80a8bcb1f749f4f50d99ee9fc5b2c hr-default  avia-builder-el-51  el_after_av_three_fifth  el_before_av_one_third '><span class='hr-inner '><span class=\"hr-inner-style\"><\/span><\/span><\/div>\n<div  class='flex_column av-gicd6e-4e36375749738e3be5be97fb473493df av_one_third  avia-builder-el-52  el_after_av_hr  el_before_av_three_fifth  first flex_column_div  '     ><style type=\"text\/css\" data-created_by=\"avia_inline_auto\" id=\"style-css-av-epxh8m-36bf2a2740fe2864b717a924b0aa5821\">\n.avia-image-container.av-epxh8m-36bf2a2740fe2864b717a924b0aa5821 img.avia_image{\nbox-shadow:none;\n}\n.avia-image-container.av-epxh8m-36bf2a2740fe2864b717a924b0aa5821 .av-image-caption-overlay-center{\ncolor:#ffffff;\n}\n<\/style>\n<div  class='avia-image-container av-epxh8m-36bf2a2740fe2864b717a924b0aa5821 av-styling- avia-align-center  avia-builder-el-53  avia-builder-el-no-sibling '   itemprop=\"image\" itemscope=\"itemscope\" itemtype=\"https:\/\/schema.org\/ImageObject\" ><div class=\"avia-image-container-inner\"><div class=\"avia-image-overlay-wrap\"><img fetchpriority=\"high\" class='wp-image-8888 avia-img-lazy-loading-not-8888 avia_image ' src='https:\/\/mixarts.org\/association\/wp-content\/uploads\/2026\/04\/Bestiaire_Cie-Bardaf_\u00a9MichelKoebel.jpg' alt='' title='Bestiaire_Cie Bardaf_\u00a9MichelKoebel'  height=\"1056\" width=\"1600\"  itemprop=\"thumbnailUrl\"  \/><\/div><\/div><\/div><\/div>\n<div  class='flex_column av-ckgrpy-a062377eebf8ce4a0b060faa26a09494 av_three_fifth  avia-builder-el-54  el_after_av_one_third  el_before_av_hr  flex_column_div  '     ><style type=\"text\/css\" data-created_by=\"avia_inline_auto\" id=\"style-css-av-mo77dlkh-69ef05b550e75a2b65d6177eb125bec1\">\n#top .av_textblock_section.av-mo77dlkh-69ef05b550e75a2b65d6177eb125bec1 .avia_textblock{\ncolor:#e96228;\n}\n<\/style>\n<section  class='av_textblock_section av-mo77dlkh-69ef05b550e75a2b65d6177eb125bec1 '   itemscope=\"itemscope\" itemtype=\"https:\/\/schema.org\/BlogPosting\" itemprop=\"blogPost\" ><div class='avia_textblock av_inherit_color'  itemprop=\"text\" ><h4><span style=\"color: #e96228;\"><b>BESTIAIRE AMAZONIEN<\/b><\/span><\/h4>\n<h4><span style=\"color: #e96228;\"><b>Cie Bardaf\u00a0<\/b><\/span><\/h4>\n<\/div><\/section><br \/>\n<section  class='av_textblock_section av-mo77ghwx-d63491a50d2a4168c69eea700a398fb9 '   itemscope=\"itemscope\" itemtype=\"https:\/\/schema.org\/BlogPosting\" itemprop=\"blogPost\" ><div class='avia_textblock'  itemprop=\"text\" ><h5>Spectacle \u2022 55 min \u2022\u00a0 \u00e0 partir de 7 ans<br \/>\ndim. 5\u00a0 juillet \u2022 15:00 \u2192 Espace balcon<\/h5>\n<\/div><\/section><br \/>\n<section  class='av_textblock_section av-mo77h2j2-14cdb46c082fff890a0621b936161d00 '   itemscope=\"itemscope\" itemtype=\"https:\/\/schema.org\/BlogPosting\" itemprop=\"blogPost\" ><div class='avia_textblock'  itemprop=\"text\" ><p>Les jungles de l&#8217;Amazonie Guyanaise regorgent d&#8217;\u00e9tranges et de fascinantes cr\u00e9atures : Petite S\u0153ur Chauve-souris, Grand-Fr\u00e8re Jaguar\u2026 L\u00e9na\u00efc Eberlin a s\u00e9journ\u00e9 en Guyane, il a partag\u00e9 la vie rythm\u00e9e par les mythes des familles am\u00e9rindiennes Teko &#038; Wayapi. Il vous conte cette for\u00eat et ses habitants qui l&#8217;ont marqu\u00e9 \u00e0 tout jamais.<\/p>\n<\/div><\/section><br \/>\n<section  class='av_textblock_section av-mo78npgd-309d3e18b08957ef8de98829e054e0bb '   itemscope=\"itemscope\" itemtype=\"https:\/\/schema.org\/BlogPosting\" itemprop=\"blogPost\" ><div class='avia_textblock'  itemprop=\"text\" ><h5 style=\"text-align: center;\"><span style=\"color: #435a8b;\">PRIX LIBRE<\/span><\/h5>\n<\/div><\/section><\/p><\/div>\n<div  class='hr av-ahsl12-e7cc8b4edfde4837d3bac4d4af6a6429 hr-default  avia-builder-el-59  el_after_av_three_fifth  el_before_av_one_third '><span class='hr-inner '><span class=\"hr-inner-style\"><\/span><\/span><\/div>\n<div  class='flex_column av-v737q-7fea81800285e134fd2ab0833b3d020c av_one_third  avia-builder-el-60  el_after_av_hr  el_before_av_three_fifth  first flex_column_div  '     ><style type=\"text\/css\" data-created_by=\"avia_inline_auto\" id=\"style-css-av-mo77x363-6a2f96ae57811bf1a2cb1985d64cf86c\">\n.avia-image-container.av-mo77x363-6a2f96ae57811bf1a2cb1985d64cf86c img.avia_image{\nbox-shadow:none;\n}\n.avia-image-container.av-mo77x363-6a2f96ae57811bf1a2cb1985d64cf86c .av-image-caption-overlay-center{\ncolor:#ffffff;\n}\n<\/style>\n<div  class='avia-image-container av-mo77x363-6a2f96ae57811bf1a2cb1985d64cf86c av-styling- avia-align-center  avia-builder-el-61  avia-builder-el-no-sibling  av-has-copyright av-copyright-always'   itemprop=\"image\" itemscope=\"itemscope\" itemtype=\"https:\/\/schema.org\/ImageObject\" ><div class=\"avia-image-container-inner\"><div class=\"avia-image-overlay-wrap\"><img fetchpriority=\"high\" class='wp-image-8914 avia-img-lazy-loading-not-8914 avia_image ' src='https:\/\/mixarts.org\/association\/wp-content\/uploads\/2026\/04\/07.-Credit-Alain-Douce1-scaled.jpg' alt='' title='Feu la For\u00eat Cie le Chant des Pistes'  height=\"1920\" width=\"2560\"  itemprop=\"thumbnailUrl\"  \/><\/div><small class=\"avia-copyright\">Alain Douc\u00e9<\/small><\/div><\/div><\/div>\n<div  class='flex_column av-719ruu-f49706ba653d82dd5d0170a73f8b52c0 av_three_fifth  avia-builder-el-62  el_after_av_one_third  el_before_av_hr  flex_column_div  '     ><style type=\"text\/css\" data-created_by=\"avia_inline_auto\" id=\"style-css-av-mo77k4c5-c74b81b4b1166d21f8a5403b88c1a332\">\n#top .av_textblock_section.av-mo77k4c5-c74b81b4b1166d21f8a5403b88c1a332 .avia_textblock{\ncolor:#e96228;\n}\n<\/style>\n<section  class='av_textblock_section av-mo77k4c5-c74b81b4b1166d21f8a5403b88c1a332 '   itemscope=\"itemscope\" itemtype=\"https:\/\/schema.org\/BlogPosting\" itemprop=\"blogPost\" ><div class='avia_textblock av_inherit_color'  itemprop=\"text\" ><h4><span style=\"color: #e96228;\"><b>FEU LA FOR\u00caT<\/b><\/span><\/h4>\n<h4><span style=\"color: #e96228;\"><b>Le chant des pistes\u00a0<\/b><\/span><\/h4>\n<\/div><\/section><br \/>\n<section  class='av_textblock_section av-mo77rooe-d188fb2be69b3a6a138b33769629e5b1 '   itemscope=\"itemscope\" itemtype=\"https:\/\/schema.org\/BlogPosting\" itemprop=\"blogPost\" ><div class='avia_textblock'  itemprop=\"text\" ><h5>Th\u00e9\u00e2tre \u2022 2h \u2022<br \/>\ndim. 5\u00a0 juillet \u2022 16:00 \u2192 Espace balcon<\/h5>\n<\/div><\/section><br \/>\n\n<style type=\"text\/css\" data-created_by=\"avia_inline_auto\" id=\"style-css-av-mo77uf6g-0ff12cc1ed176a8b8943b33384025f66\">\n#top .av_textblock_section.av-mo77uf6g-0ff12cc1ed176a8b8943b33384025f66 .avia_textblock{\ncolor:#000000;\n}\n<\/style>\n<section  class='av_textblock_section av-mo77uf6g-0ff12cc1ed176a8b8943b33384025f66 '   itemscope=\"itemscope\" itemtype=\"https:\/\/schema.org\/BlogPosting\" itemprop=\"blogPost\" ><div class='avia_textblock av_inherit_color'  itemprop=\"text\" ><p>Au lendemain d&#8217;un grand incendie, la vie du petit village de Chantrionde est boulevers\u00e9e. Alors que la s\u00e9cheresse perdure, une enqu\u00eate tente de faire la lumi\u00e8re sur le myst\u00e9rieux d\u00e9part de feu, qui s&#8217;est produit loin dans les montagnes. Parall\u00e8lement, les habitants se pr\u00e9parent aux \u00e9t\u00e9s \u00e0 venir. Sacha, une jeune charpenti\u00e8re marqu\u00e9e par l&#8217;incendie, s&#8217;engage \u00e0 la caserne de Chantrionde\u2026<br \/>\n\u00ab Feu la For\u00eat \u00bb raconte l&#8217;histoire de ce village sur un fil tendu d&#8217;un \u00e9t\u00e9 \u00e0 l&#8217;autre, o\u00f9 chacun tente \u00e0 sa fa\u00e7on, seul comme en collectif, de reconstruire la vie par-dessus les cendres, et d&#8217;en prendre soin.<\/p>\n<\/div><\/section><br \/>\n<section  class='av_textblock_section av-mo78o4st-eb59300c46a76414038a0d8c4e20b959 '   itemscope=\"itemscope\" itemtype=\"https:\/\/schema.org\/BlogPosting\" itemprop=\"blogPost\" ><div class='avia_textblock'  itemprop=\"text\" ><h5 style=\"text-align: center;\"><span style=\"color: #435a8b;\">PRIX LIBRE<\/span><\/h5>\n<\/div><\/section><\/p><\/div><div  class='hr av-6disja-4b3acfb786e81b3c99800caafd590b20 hr-default  avia-builder-el-67  el_after_av_three_fifth  el_before_av_one_third '><span class='hr-inner '><span class=\"hr-inner-style\"><\/span><\/span><\/div><\/p>\n<div  class='flex_column av-3l3e7q-4f92857302c6928938e1568b04b1bc4f av_one_third  avia-builder-el-68  el_after_av_hr  el_before_av_three_fifth  first flex_column_div  '     ><style type=\"text\/css\" data-created_by=\"avia_inline_auto\" id=\"style-css-av-mo79kuj7-dc7266e69091452094fadd1d4bcf18fa\">\n.avia-image-container.av-mo79kuj7-dc7266e69091452094fadd1d4bcf18fa img.avia_image{\nbox-shadow:none;\n}\n.avia-image-container.av-mo79kuj7-dc7266e69091452094fadd1d4bcf18fa .av-image-caption-overlay-center{\ncolor:#ffffff;\n}\n<\/style>\n<div  class='avia-image-container av-mo79kuj7-dc7266e69091452094fadd1d4bcf18fa av-styling- avia-align-center  avia-builder-el-69  avia-builder-el-no-sibling  av-has-copyright av-copyright-always'   itemprop=\"image\" itemscope=\"itemscope\" itemtype=\"https:\/\/schema.org\/ImageObject\" ><div class=\"avia-image-container-inner\"><div class=\"avia-image-overlay-wrap\"><img fetchpriority=\"high\" class='wp-image-8883 avia-img-lazy-loading-not-8883 avia_image ' src='https:\/\/mixarts.org\/association\/wp-content\/uploads\/2026\/04\/PROJET-PERCHE_Photo-1_\u00a9bruit-vert-scaled.jpg' alt='' title='PROJET PERCHE_Photo 1_\u00a9bruit vert'  height=\"1920\" width=\"2560\"  itemprop=\"thumbnailUrl\"  \/><\/div><small class=\"avia-copyright\">bruit vert<\/small><\/div><\/div><\/div>\n<div  class='flex_column av-2jm5om-0c51e9eb93e8d408c7b885bbc15bef90 av_three_fifth  avia-builder-el-70  el_after_av_one_third  avia-builder-el-last  flex_column_div  '     ><style type=\"text\/css\" data-created_by=\"avia_inline_auto\" id=\"style-css-av-mo780zrg-90182dc992028e0c2957ec97fdfcaff9\">\n#top .av_textblock_section.av-mo780zrg-90182dc992028e0c2957ec97fdfcaff9 .avia_textblock{\ncolor:#e96228;\n}\n<\/style>\n<section  class='av_textblock_section av-mo780zrg-90182dc992028e0c2957ec97fdfcaff9 '   itemscope=\"itemscope\" itemtype=\"https:\/\/schema.org\/BlogPosting\" itemprop=\"blogPost\" ><div class='avia_textblock av_inherit_color'  itemprop=\"text\" ><h4><span style=\"color: #e96228;\">CONF<span class=\"ILfuVd\" lang=\"fr\"><span class=\"hgKElc pOOWX\"><span tabindex=\"0\" role=\"tooltip\"><span class=\"c5aZPb\" tabindex=\"0\" role=\"button\" data-enable-toggle-animation=\"true\" data-extra-container-classes=\"ZLo7Eb\" data-hover-hide-delay=\"1000\" data-hover-open-delay=\"500\" data-send-open-event=\"true\" data-theme=\"0\" data-width=\"250\" data-ved=\"2ahUKEwjC6MrvwfyTAxXdhP0HHWimGLMQmpgGegQIIBAK\"><span class=\"JPfdse\" data-bubble-link=\"\" data-segment-text=\"\u00c9\/\u00c8\">\u00c9RENCE PERCH\u00c9E<\/span><\/span><\/span><\/span><\/span><\/span><\/h4>\n<h4><span style=\"color: #e96228;\"><b>Ronan Moinet <\/b><\/span><\/h4>\n<\/div><\/section><br \/>\n<section  class='av_textblock_section av-mo78fbie-45f3f9bd85d01ca802243666aa310882 '   itemscope=\"itemscope\" itemtype=\"https:\/\/schema.org\/BlogPosting\" itemprop=\"blogPost\" ><div class='avia_textblock'  itemprop=\"text\" ><h5>Spectacle en for\u00eat \u2022 1h30 \u2022 accessible jeune public<\/h5>\n<h5>sam. 4 juillet \u2022 17:00 \u2192<\/h5>\n<\/div><\/section><br \/>\n<section  class='av_textblock_section av-mo78mbn7-8a03e3ecdebbca3f35f9f1fc49be94a2 '   itemscope=\"itemscope\" itemtype=\"https:\/\/schema.org\/BlogPosting\" itemprop=\"blogPost\" ><div class='avia_textblock'  itemprop=\"text\" ><p>Jonglant habilement entre les concepts scientifiques d\u2019un \u00e9cosyst\u00e8me (biotope, bioc\u00e9nose, paysage sonore) et l\u2019aventure qu\u2019il v\u00e9cut en avril 2022 (vivre seul durant 7 jours, \u00e0 25 m\u00e8tres du sol, aux c\u00f4t\u00e9s d\u2019un ch\u00eane bicentenaire, \u00e0 Nantes) Ronan Moinet, artiste-ing\u00e9nieur, vous invite \u00e0 repenser notre rapport au monde vivant\u2026 et plus pr\u00e9cis\u00e9ment \u00e0 celui des plantes. Comment per\u00e7oivent-elles le monde ? C\u2019est cette question qu\u2019il tentera de r\u00e9soudre via une conf\u00e9rence convoquant l\u2019\u00eatre humain, un arbre centenaire, Philippe Descola, un \u00e9cureuil vorace, Abraham Poincheval, l\u2019odeur du li\u00e8ge,\u2026 et le tout plong\u00e9 dans une atmosph\u00e8re sonore qu\u2019il enregistra, in-situ, \u00e0 hauteur de canop\u00e9e !<\/p>\n<p>Podcast : https:\/\/smartlink.ausha.co\/podcast-perche<\/p>\n<\/div><\/section><br \/>\n<section  class='av_textblock_section av-mo78ohs7-3bf9f68f0c591f031f39a845a3ad9c4e '   itemscope=\"itemscope\" itemtype=\"https:\/\/schema.org\/BlogPosting\" itemprop=\"blogPost\" ><div class='avia_textblock'  itemprop=\"text\" ><h5 style=\"text-align: center;\"><span style=\"color: #435a8b;\">PRIX LIBRE<\/span><\/h5>\n<\/div><\/section><\/p><\/div>\n","protected":false},"excerpt":{"rendered":"","protected":false},"author":1,"featured_media":0,"comment_status":"closed","ping_status":"open","sticky":false,"template":"","format":"standard","meta":{"_monsterinsights_skip_tracking":false,"_monsterinsights_sitenote_active":false,"_monsterinsights_sitenote_note":"","_monsterinsights_sitenote_category":0,"footnotes":""},"categories":[206],"tags":[],"class_list":["post-8854","post","type-post","status-publish","format-standard","hentry","category-blb-jour"],"aioseo_notices":[],"_links":{"self":[{"href":"https:\/\/mixarts.org\/association\/wp-json\/wp\/v2\/posts\/8854","targetHints":{"allow":["GET"]}}],"collection":[{"href":"https:\/\/mixarts.org\/association\/wp-json\/wp\/v2\/posts"}],"about":[{"href":"https:\/\/mixarts.org\/association\/wp-json\/wp\/v2\/types\/post"}],"author":[{"embeddable":true,"href":"https:\/\/mixarts.org\/association\/wp-json\/wp\/v2\/users\/1"}],"replies":[{"embeddable":true,"href":"https:\/\/mixarts.org\/association\/wp-json\/wp\/v2\/comments?post=8854"}],"version-history":[{"count":25,"href":"https:\/\/mixarts.org\/association\/wp-json\/wp\/v2\/posts\/8854\/revisions"}],"predecessor-version":[{"id":8968,"href":"https:\/\/mixarts.org\/association\/wp-json\/wp\/v2\/posts\/8854\/revisions\/8968"}],"wp:attachment":[{"href":"https:\/\/mixarts.org\/association\/wp-json\/wp\/v2\/media?parent=8854"}],"wp:term":[{"taxonomy":"category","embeddable":true,"href":"https:\/\/mixarts.org\/association\/wp-json\/wp\/v2\/categories?post=8854"},{"taxonomy":"post_tag","embeddable":true,"href":"https:\/\/mixarts.org\/association\/wp-json\/wp\/v2\/tags?post=8854"}],"curies":[{"name":"wp","href":"https:\/\/api.w.org\/{rel}","templated":true}]}}